{"id":1053,"date":"2012-04-09T21:24:25","date_gmt":"2012-04-09T20:24:25","guid":{"rendered":"http:\/\/www.tomroc.com\/blog\/?p=1053"},"modified":"2018-03-14T13:59:43","modified_gmt":"2018-03-14T12:59:43","slug":"aiguille-de-la-dibona","status":"publish","type":"post","link":"https:\/\/www.tomroc.com\/blog\/2012\/04\/aiguille-de-la-dibona\/","title":{"rendered":"Aiguille Dibona, d\u00e9but avril"},"content":{"rendered":"<p>L&#8217;aiguille Dibona est un spot d&#8217;escalade tr\u00e8s pris\u00e9 dans le massif de l&#8217;Oisans. Elle a vraiment de la gueule cette montagne ! Mais au mois d&#8217;avril ? Camptocamp.org le confirme, c&#8217;est une id\u00e9e originale: sur 575 sorties r\u00e9f\u00e9renc\u00e9es, aucune au mois d&#8217;avril !<\/p>\n<p>Soit. Nous partirons n\u00e9anmoins, \u00e0 deux. Nous pr\u00e9parons le mat\u00e9riel de montagne, et de quoi faire bivouac l\u00e0-bas. Les sacs sont \u00e0 la hauteur de l&#8217;ambition, avec respectivement 18 et 24 kilos ..<\/p>\n<h1>Dimanche<\/h1>\n<p>Nous partons depuis Les Etages, en direction du refuge du Soreiller, pour un d\u00e9nivel\u00e9 de +1150 m.\u00a0 La mont\u00e9e est donn\u00e9e pour 2h30, mais Sandrine est bien malade et nous mettrons plus de 4h30 ..<\/p>\n<div id=\"attachment_7080\" style=\"width: 970px\" class=\"wp-caption aligncenter\"><a  href=\"https:\/\/www.tomroc.com\/blog\/wp-content\/uploads\/20120408-1114-4.jpg\" data-rel=\"lightbox-gallery-0\" data-rl_title=\"20120408-1114-4.jpg\" data-rl_caption=\"D\u00e9part depuis Les Etages.\" title=\"20120408-1114-4.jpg\"><img loading=\"lazy\" decoding=\"async\" aria-describedby=\"caption-attachment-7080\" class=\"wp-image-7080 size-large\" src=\"https:\/\/www.tomroc.com\/blog\/wp-content\/uploads\/20120408-1114-4-960x642.jpg\" alt=\"D\u00e9part depuis Les Etages.\" width=\"960\" height=\"642\" \/><\/a><p id=\"caption-attachment-7080\" class=\"wp-caption-text\">D\u00e9part depuis Les Etages.<\/p><\/div>\n<div id=\"attachment_7081\" style=\"width: 970px\" class=\"wp-caption aligncenter\"><a  href=\"https:\/\/www.tomroc.com\/blog\/wp-content\/uploads\/20120408-1148-6.jpg\" data-rel=\"lightbox-gallery-0\" data-rl_title=\"20120408-1148-6.jpg\" data-rl_caption=\"L&#039;acc\u00e8s au refuge du Soreiller.\" title=\"20120408-1148-6.jpg\"><img loading=\"lazy\" decoding=\"async\" aria-describedby=\"caption-attachment-7081\" class=\"wp-image-7081 size-large\" src=\"https:\/\/www.tomroc.com\/blog\/wp-content\/uploads\/20120408-1148-6-960x642.jpg\" alt=\"L'acc\u00e8s au refuge du Soreiller.\" width=\"960\" height=\"642\" \/><\/a><p id=\"caption-attachment-7081\" class=\"wp-caption-text\">L&#8217;acc\u00e8s au refuge du Soreiller.<\/p><\/div>\n<div id=\"attachment_7082\" style=\"width: 970px\" class=\"wp-caption aligncenter\"><a  href=\"https:\/\/www.tomroc.com\/blog\/wp-content\/uploads\/20120408-1240-18.jpg\" data-rel=\"lightbox-gallery-0\" data-rl_title=\"20120408-1240-18.jpg\" data-rl_caption=\"Apparition de la Dibona lors de la mont\u00e9e au refuge du Soreiller.\" title=\"20120408-1240-18.jpg\"><img loading=\"lazy\" decoding=\"async\" aria-describedby=\"caption-attachment-7082\" class=\"wp-image-7082 size-large\" src=\"https:\/\/www.tomroc.com\/blog\/wp-content\/uploads\/20120408-1240-18-960x642.jpg\" alt=\"Apparition de la Dibona lors de la mont\u00e9e au refuge du Soreiller.\" width=\"960\" height=\"642\" \/><\/a><p id=\"caption-attachment-7082\" class=\"wp-caption-text\">Apparition de la Dibona lors de la mont\u00e9e au refuge du Soreiller.<\/p><\/div>\n<div id=\"attachment_7083\" style=\"width: 491px\" class=\"wp-caption aligncenter\"><a  href=\"https:\/\/www.tomroc.com\/blog\/wp-content\/uploads\/20120408-1307-46-1.jpg\" data-rel=\"lightbox-gallery-0\" data-rl_title=\"20120408-1307-46-1.jpg\" data-rl_caption=\"Chemin de mont\u00e9e au Soreiller.\" title=\"20120408-1307-46-1.jpg\"><img loading=\"lazy\" decoding=\"async\" aria-describedby=\"caption-attachment-7083\" class=\"wp-image-7083 size-large\" src=\"https:\/\/www.tomroc.com\/blog\/wp-content\/uploads\/20120408-1307-46-1-481x720.jpg\" alt=\"Chemin de mont\u00e9e au Soreiller.\" width=\"481\" height=\"720\" srcset=\"https:\/\/www.tomroc.com\/blog\/wp-content\/uploads\/20120408-1307-46-1-481x720.jpg 481w, https:\/\/www.tomroc.com\/blog\/wp-content\/uploads\/20120408-1307-46-1-480x719.jpg 480w\" sizes=\"(min-width: 0px) and (max-width: 480px) 480px, (min-width: 481px) 481px, 100vw\" \/><\/a><p id=\"caption-attachment-7083\" class=\"wp-caption-text\">Chemin de mont\u00e9e au Soreiller.<\/p><\/div>\n<p>Le temps \u00e9tait maussade au d\u00e9part, nous finissons sous un soleil de plomb.<\/p>\n<div id=\"attachment_7085\" style=\"width: 970px\" class=\"wp-caption aligncenter\"><a  href=\"https:\/\/www.tomroc.com\/blog\/wp-content\/uploads\/20120408-1403-63.jpg\" data-rel=\"lightbox-gallery-0\" data-rl_title=\"20120408-1403-63.jpg\" data-rl_caption=\"Mont\u00e9e vers la Dibona.\" title=\"20120408-1403-63.jpg\"><img loading=\"lazy\" decoding=\"async\" aria-describedby=\"caption-attachment-7085\" class=\"wp-image-7085 size-large\" src=\"https:\/\/www.tomroc.com\/blog\/wp-content\/uploads\/20120408-1403-63-960x642.jpg\" alt=\"Mont\u00e9e vers la Dibona.\" width=\"960\" height=\"642\" \/><\/a><p id=\"caption-attachment-7085\" class=\"wp-caption-text\">Mont\u00e9e vers la Dibona.<\/p><\/div>\n<p class=\"size-large wp-image-7086\">Je finis la journ\u00e9e sur une s\u00e9ance de pelletage de neige et creuse une confortable plateforme pour dresser la tente. Emplacement de r\u00eave, au pied de la face sud de la Dibona.<\/p>\n<div id=\"attachment_7088\" style=\"width: 970px\" class=\"wp-caption aligncenter\"><a  href=\"https:\/\/www.tomroc.com\/blog\/wp-content\/uploads\/20120408-1749-115.jpg\" data-rel=\"lightbox-gallery-0\" data-rl_title=\"20120408-1749-115.jpg\" data-rl_caption=\"Premier montage de la MSR Fury.\" title=\"20120408-1749-115.jpg\"><img loading=\"lazy\" decoding=\"async\" aria-describedby=\"caption-attachment-7088\" class=\"wp-image-7088 size-large\" src=\"https:\/\/www.tomroc.com\/blog\/wp-content\/uploads\/20120408-1749-115-960x642.jpg\" alt=\"Premier montage de la MSR Fury.\" width=\"960\" height=\"642\" \/><\/a><p id=\"caption-attachment-7088\" class=\"wp-caption-text\">Premier montage de la MSR Fury.<\/p><\/div>\n<div id=\"attachment_7090\" style=\"width: 491px\" class=\"wp-caption aligncenter\"><a  href=\"https:\/\/www.tomroc.com\/blog\/wp-content\/uploads\/20120409-0656-138.jpg\" data-rel=\"lightbox-gallery-0\" data-rl_title=\"20120409-0656-138.jpg\" data-rl_caption=\"Bivouac au pied de la Dibona.\" title=\"20120409-0656-138.jpg\"><img loading=\"lazy\" decoding=\"async\" aria-describedby=\"caption-attachment-7090\" class=\"wp-image-7090 size-large\" src=\"https:\/\/www.tomroc.com\/blog\/wp-content\/uploads\/20120409-0656-138-481x720.jpg\" alt=\"Bivouac au pied de la Dibona.\" width=\"481\" height=\"720\" srcset=\"https:\/\/www.tomroc.com\/blog\/wp-content\/uploads\/20120409-0656-138-481x720.jpg 481w, https:\/\/www.tomroc.com\/blog\/wp-content\/uploads\/20120409-0656-138-480x719.jpg 480w\" sizes=\"(min-width: 0px) and (max-width: 480px) 480px, (min-width: 481px) 481px, 100vw\" \/><\/a><p id=\"caption-attachment-7090\" class=\"wp-caption-text\">Bivouac au pied de la Dibona.<\/p><\/div>\n<p>Le refuge d&#8217;hiver est plut\u00f4t luxueux puisque la pi\u00e8ce principale et un dortoir sont ouverts. Changement de plan, nous y dormirons afin que Sandrine r\u00e9cup\u00e8re au mieux.<\/p>\n<div id=\"attachment_7086\" style=\"width: 491px\" class=\"wp-caption aligncenter\"><a  href=\"https:\/\/www.tomroc.com\/blog\/wp-content\/uploads\/20120408-1620-109.jpg\" data-rel=\"lightbox-gallery-0\" data-rl_title=\"20120408-1620-109.jpg\" data-rl_caption=\"Refuge du Soreiller au pied de la Dibona.\" title=\"20120408-1620-109.jpg\"><img loading=\"lazy\" decoding=\"async\" aria-describedby=\"caption-attachment-7086\" class=\"wp-image-7086 size-large\" src=\"https:\/\/www.tomroc.com\/blog\/wp-content\/uploads\/20120408-1620-109-481x720.jpg\" alt=\"Refuge du Soreiller au pied de la Dibona.\" width=\"481\" height=\"720\" srcset=\"https:\/\/www.tomroc.com\/blog\/wp-content\/uploads\/20120408-1620-109-481x720.jpg 481w, https:\/\/www.tomroc.com\/blog\/wp-content\/uploads\/20120408-1620-109-480x719.jpg 480w\" sizes=\"(min-width: 0px) and (max-width: 480px) 480px, (min-width: 481px) 481px, 100vw\" \/><\/a><p id=\"caption-attachment-7086\" class=\"wp-caption-text\">Refuge du Soreiller au pied de la Dibona.<\/p><\/div>\n<div id=\"attachment_7087\" style=\"width: 970px\" class=\"wp-caption aligncenter\"><a  href=\"https:\/\/www.tomroc.com\/blog\/wp-content\/uploads\/20120408-1626-112.jpg\" data-rel=\"lightbox-gallery-0\" data-rl_title=\"20120408-1626-112.jpg\" data-rl_caption=\"Le panoramique du Refuge du Soreiller laisse songeur.\" title=\"20120408-1626-112.jpg\"><img loading=\"lazy\" decoding=\"async\" aria-describedby=\"caption-attachment-7087\" class=\"wp-image-7087 size-large\" src=\"https:\/\/www.tomroc.com\/blog\/wp-content\/uploads\/20120408-1626-112-960x642.jpg\" alt=\"Le panoramique du Refuge du Soreiller laisse songeur.\" width=\"960\" height=\"642\" \/><\/a><p id=\"caption-attachment-7087\" class=\"wp-caption-text\">Le panoramique du Refuge du Soreiller laisse songeur.<\/p><\/div>\n<h2>Notre parcours<\/h2>\n\t\t<div id=\"maps-marker-pro-df25934d\" class=\"maps-marker-pro\" style=\"width: 100%;\">\n\t\t\t<div id=\"mmp-map-wrap-df25934d\" class=\"mmp-map-wrap\">\n\t\t\t\t\t\t\t\t<div id=\"mmp-map-df25934d\" class=\"mmp-map\" style=\"height: 720px;\"><\/div>\n\t\t\t\t\t\t\t\t\t<div id=\"mmp-chart-wrap-df25934d\" class=\"mmp-gpx-chart-wrap\" style=\"height: 200px;\"><\/div>\n\t\t\t\t\t\t\t<\/div>\n\t\t\t\t\t<\/div>\n\t\t\n<h1>Lundi<\/h1>\n<p>Nous partons pour tenter la face sud, dans son encha\u00eenement le plus simple: l&#8217;<a href=\"http:\/\/www.camptocamp.org\/routes\/54995\/fr\/voie-berthet-boell-stofer\">Aiguille Dibona\u00a0: Voie Berthet-Boell-Stofer. <\/a>Nous sommes trop lents et Sandrine pas tr\u00e8s \u00e0 l&#8217;aise avec le c\u00f4t\u00e9 terrain d&#8217;aventure. L&#8217;heure est d\u00e9j\u00e0 trop avanc\u00e9e pour faire et finir cette voie dans de bonnes conditions, demi tour.<\/p>\n<p>Nous partons pour <a href=\"http:\/\/www.camptocamp.org\/routes\/54424\/fr\/arete-n-voie-normale\">Aiguille Dibona\u00a0: Ar\u00eate N (voie normale)<\/a>. Sandrine est encore malade, notre allure est excessivement lente et je d\u00e9cide de rebrousser chemin \u00e0 l&#8217;altitude de 3050m, il est d\u00e9j\u00e0 12h30.<\/p>\n<div id=\"attachment_7089\" style=\"width: 970px\" class=\"wp-caption aligncenter\"><a  href=\"https:\/\/www.tomroc.com\/blog\/wp-content\/uploads\/20120409-0653-134.jpg\" data-rel=\"lightbox-gallery-0\" data-rl_title=\"20120409-0653-134.jpg\" data-rl_caption=\"Face sud de la Dibona.\" title=\"20120409-0653-134.jpg\"><img loading=\"lazy\" decoding=\"async\" aria-describedby=\"caption-attachment-7089\" class=\"wp-image-7089 size-large\" src=\"https:\/\/www.tomroc.com\/blog\/wp-content\/uploads\/20120409-0653-134-960x642.jpg\" alt=\"Face sud de la Dibona.\" width=\"960\" height=\"642\" \/><\/a><p id=\"caption-attachment-7089\" class=\"wp-caption-text\">Face sud de la Dibona.<\/p><\/div>\n<div id=\"attachment_7091\" style=\"width: 970px\" class=\"wp-caption aligncenter\"><a  href=\"https:\/\/www.tomroc.com\/blog\/wp-content\/uploads\/20120409-1214-157.jpg\" data-rel=\"lightbox-gallery-0\" data-rl_title=\"20120409-1214-157.jpg\" data-rl_caption=\"L&#039;ar\u00eate nord, voie normale de la Dibona, en haut \u00e0 gauche.\" title=\"20120409-1214-157.jpg\"><img loading=\"lazy\" decoding=\"async\" aria-describedby=\"caption-attachment-7091\" class=\"wp-image-7091 size-large\" src=\"https:\/\/www.tomroc.com\/blog\/wp-content\/uploads\/20120409-1214-157-960x642.jpg\" alt=\"L'ar\u00eate nord, voie normale de la Dibona, en haut \u00e0 gauche.\" width=\"960\" height=\"642\" \/><\/a><p id=\"caption-attachment-7091\" class=\"wp-caption-text\">L&#8217;ar\u00eate nord, voie normale de la Dibona, en haut \u00e0 gauche.<\/p><\/div>\n<p>Retour au refuge, on remballe les affaires et on rentre \u00e0 la maison.<\/p>\n<div id=\"attachment_7092\" style=\"width: 970px\" class=\"wp-caption aligncenter\"><a  href=\"https:\/\/www.tomroc.com\/blog\/wp-content\/uploads\/20120409-1523-181.jpg\" data-rel=\"lightbox-gallery-0\" data-rl_title=\"20120409-1523-181.jpg\" data-rl_caption=\"Redescente du Soreiller, version glissade en \u00e9quilibre.\" title=\"20120409-1523-181.jpg\"><img loading=\"lazy\" decoding=\"async\" aria-describedby=\"caption-attachment-7092\" class=\"wp-image-7092 size-large\" src=\"https:\/\/www.tomroc.com\/blog\/wp-content\/uploads\/20120409-1523-181-960x642.jpg\" alt=\"Redescente du Soreiller, version glissade en \u00e9quilibre.\" width=\"960\" height=\"642\" \/><\/a><p id=\"caption-attachment-7092\" class=\"wp-caption-text\">Redescente du Soreiller, version glissade en \u00e9quilibre.<\/p><\/div>\n<h2>Notre parcours<\/h2>\n\t\t<div id=\"maps-marker-pro-cfb50b9e\" class=\"maps-marker-pro\" style=\"width: 100%;\">\n\t\t\t<div id=\"mmp-map-wrap-cfb50b9e\" class=\"mmp-map-wrap\">\n\t\t\t\t\t\t\t\t<div id=\"mmp-map-cfb50b9e\" class=\"mmp-map\" style=\"height: 720px;\"><\/div>\n\t\t\t\t\t\t\t\t\t<div id=\"mmp-chart-wrap-cfb50b9e\" class=\"mmp-gpx-chart-wrap\" style=\"height: 200px;\"><\/div>\n\t\t\t\t\t\t\t<\/div>\n\t\t\t\t\t<\/div>\n\t\t\n","protected":false},"excerpt":{"rendered":"<p>L&#8217;aiguille Dibona, version hivernale.<\/p>\n","protected":false},"author":1,"featured_media":7084,"comment_status":"open","ping_status":"open","sticky":false,"template":"","format":"standard","meta":{"_et_pb_use_builder":"","_et_pb_old_content":"","_et_gb_content_width":"","footnotes":""},"categories":[38,39],"tags":[55,3,57,58,56,12,790,624],"class_list":["post-1053","post","type-post","status-publish","format-standard","has-post-thumbnail","hentry","category-alpinisme","category-escalade","tag-aiguille-dibona","tag-alpinisme","tag-bivouac","tag-escalade-2","tag-oisans","tag-outdoor","tag-refuge-du-soreiller","tag-sandrine-p"],"_links":{"self":[{"href":"https:\/\/www.tomroc.com\/blog\/wp-json\/wp\/v2\/posts\/1053","targetHints":{"allow":["GET"]}}],"collection":[{"href":"https:\/\/www.tomroc.com\/blog\/wp-json\/wp\/v2\/posts"}],"about":[{"href":"https:\/\/www.tomroc.com\/blog\/wp-json\/wp\/v2\/types\/post"}],"author":[{"embeddable":true,"href":"https:\/\/www.tomroc.com\/blog\/wp-json\/wp\/v2\/users\/1"}],"replies":[{"embeddable":true,"href":"https:\/\/www.tomroc.com\/blog\/wp-json\/wp\/v2\/comments?post=1053"}],"version-history":[{"count":0,"href":"https:\/\/www.tomroc.com\/blog\/wp-json\/wp\/v2\/posts\/1053\/revisions"}],"wp:featuredmedia":[{"embeddable":true,"href":"https:\/\/www.tomroc.com\/blog\/wp-json\/wp\/v2\/media\/7084"}],"wp:attachment":[{"href":"https:\/\/www.tomroc.com\/blog\/wp-json\/wp\/v2\/media?parent=1053"}],"wp:term":[{"taxonomy":"category","embeddable":true,"href":"https:\/\/www.tomroc.com\/blog\/wp-json\/wp\/v2\/categories?post=1053"},{"taxonomy":"post_tag","embeddable":true,"href":"https:\/\/www.tomroc.com\/blog\/wp-json\/wp\/v2\/tags?post=1053"}],"curies":[{"name":"wp","href":"https:\/\/api.w.org\/{rel}","templated":true}]}}