{"id":10552,"date":"2016-09-02T07:38:50","date_gmt":"2016-09-02T06:38:50","guid":{"rendered":"http:\/\/www.tomroc.com\/blog\/?p=10552"},"modified":"2018-03-14T17:43:52","modified_gmt":"2018-03-14T16:43:52","slug":"trilogie-daretes-dont-celle-de-rochefort","status":"publish","type":"post","link":"https:\/\/www.tomroc.com\/blog\/2016\/09\/trilogie-daretes-dont-celle-de-rochefort\/","title":{"rendered":"Trilogie d&#8217;Ar\u00eates dont celle de Rochefort"},"content":{"rendered":"<p>Le CAF IDF a organis\u00e9 un car \u00e0 destination de Chamonix, et je vais encadrer accompagn\u00e9\u00a0par\u00a0Eduardo. J&#8217;ai choisi de tenter quelques classiques dans le secteur de Torino, cela fait quelques fois que je veux y aller mais \u00e0 chaque fois sans succ\u00e8s \u00e0 cause de la m\u00e9t\u00e9o. Le t\u00e9l\u00e9ph\u00e9rique d&#8217;Helbronner est, semble-t-il,\u00a0facilement arr\u00eat\u00e9. Nous avons s\u00e9lectionn\u00e9 trois courses dont la grande classique des Ar\u00eates de Rochefort, qui constituera le clou du programme si nous pouvons la faire.<\/p>\n<h1>J1: Travers\u00e9e de l&#8217;Aiguille d\u2019Entr\u00e8ves<\/h1>\n<p>Ce\u00a0vendredi nous sommes d\u00e9pos\u00e9s par le car dans Chamonix au petit matin et nous avons le temps d&#8217;aller prendre le petit d\u00e9jeuner dans la ville, suite \u00e0 quoi nous nous m\u00ealons aux dizaines d&#8217;alpinisme\u00a0en attente d&#8217;une place dans la benne pour monter \u00e0 l&#8217;aiguille du midi. Les billets pour le panoramique vers Helbronner ne peuvent pas encore \u00eatre achet\u00e9s, les Italiens d\u00e9marrent\u00a0plus tard, nous devrons acheter nos billets \u00e0 l&#8217;Aiguille.<\/p>\n<p>La travers\u00e9e nous d\u00e9laisse d&#8217;une trentaine d&#8217;euros suppl\u00e9mentaires \u00e0 la soixantaine de l&#8217;Aiguille, mais nous pourrons profiter du trajet puisque les cabines sont r\u00e9guli\u00e8rement arr\u00eat\u00e9es sur le trajet et permettent d&#8217;admirer cette vue incroyable, sous une m\u00e9t\u00e9o ensoleill\u00e9e.<\/p>\n<p>Sur le glacier, les cord\u00e9es en dessous franchissent des crevasses dont elles n&#8217;imaginent probablement pas l&#8217;ampleur.<\/p>\n<h2><a  href=\"https:\/\/www.tomroc.com\/blog\/wp-content\/uploads\/20160902-0925-24.jpg\" data-rel=\"lightbox-gallery-0\" data-rl_title=\"Savaient-ils ?\" data-rl_caption=\"Crevasse du Glacier du G\u00e9ant, Massif du Mont-Blanc, France\" title=\"Savaient-ils ?\"><img loading=\"lazy\" decoding=\"async\" class=\"aligncenter wp-image-10636 size-large\" src=\"https:\/\/www.tomroc.com\/blog\/wp-content\/uploads\/20160902-0925-24-960x720.jpg\" alt=\"20160902-0925-24.jpg\" width=\"960\" height=\"720\" \/><\/a><\/h2>\n<p>&nbsp;<\/p>\n<h2><a  href=\"https:\/\/www.tomroc.com\/blog\/wp-content\/uploads\/20160902-0936-64.jpg\" data-rel=\"lightbox-gallery-0\" data-rl_title=\"20160902-0936-64.jpg\" data-rl_caption=\"\" title=\"20160902-0936-64.jpg\"><img loading=\"lazy\" decoding=\"async\" class=\"aligncenter size-large wp-image-10637\" src=\"https:\/\/www.tomroc.com\/blog\/wp-content\/uploads\/20160902-0936-64-960x720.jpg\" alt=\"20160902-0936-64.jpg\" width=\"960\" height=\"720\" \/><\/a><\/h2>\n<p>Nous arrivons en vue de Helbronner et du refuge de Torino. Nous y d\u00e9couvrons un refuge pour le moins unique, tr\u00e8s moderne et sans \u00e2me, avec une sorte de self \u00e0 plats uniques en guise de restaurant, et un bar d\u00e9fiant toute concurrence en altitude. A faire au moins une fois dans sa vie :)<\/p>\n<h2><a  href=\"https:\/\/www.tomroc.com\/blog\/wp-content\/uploads\/20160902-0949-109.jpg\" data-rel=\"lightbox-gallery-0\" data-rl_title=\"L&#8217;arriv\u00e9e au refuge de Torino\" data-rl_caption=\"Massif du Mont-Blanc, Italie\" title=\"L&#8217;arriv\u00e9e au refuge de Torino\"><img loading=\"lazy\" decoding=\"async\" class=\"aligncenter size-large wp-image-10638\" src=\"https:\/\/www.tomroc.com\/blog\/wp-content\/uploads\/20160902-0949-109-960x720.jpg\" alt=\"20160902-0949-109.jpg\" width=\"960\" height=\"720\" \/><\/a><\/h2>\n<p>Nous posons nos affaires et il est d\u00e9j\u00e0 tard, alors nous allons coller au plan initial et aller faire une course proche et cens\u00e9e tenir sur une demi-journ\u00e9e:<\/p>\n<ul>\n<li><a href=\"http:\/\/www.camptocamp.org\/routes\/55094\/fr\/traversee-sw-ne\">Aiguille d\u2019Entr\u00e8ves : Travers\u00e9e SW &gt;&gt; NE (AD- I 5a.)<\/a><\/li>\n<\/ul>\n<p>Je pars avec Ivanka et Romain, et toute la troupe progresse doucement mais s\u00fbrement sur les cr\u00eates.<\/p>\n<h2><a  href=\"https:\/\/www.tomroc.com\/blog\/wp-content\/uploads\/20160902-1336-144.jpg\" data-rel=\"lightbox-gallery-0\" data-rl_title=\"20160902-1336-144.jpg\" data-rl_caption=\"\" title=\"20160902-1336-144.jpg\"><img loading=\"lazy\" decoding=\"async\" class=\"aligncenter size-large wp-image-10639\" src=\"https:\/\/www.tomroc.com\/blog\/wp-content\/uploads\/20160902-1336-144-960x720.jpg\" alt=\"20160902-1336-144.jpg\" width=\"960\" height=\"720\" \/><\/a><\/h2>\n<p>Le parcours pr\u00e9sente un unique pas d&#8217;escalade un peu plus &#8216;cors\u00e9&#8217;, et tout le reste se d\u00e9roule dans un niveau tr\u00e8s abordable. Le caillou est assez pourri et il faut toujours veiller \u00e0 chaque pierre qui ne demande qu&#8217;\u00e0 tomber sous nos pieds et sur la t\u00eate de nos camarades. Quelques passages a\u00e9riens sont l&#8217;occasion de jolies photos.<\/p>\n<h2><a  href=\"https:\/\/www.tomroc.com\/blog\/wp-content\/uploads\/20160902-1352-152.jpg\" data-rel=\"lightbox-gallery-0\" data-rl_title=\"20160902-1352-152.jpg\" data-rl_caption=\"\" title=\"20160902-1352-152.jpg\"><img loading=\"lazy\" decoding=\"async\" class=\"aligncenter size-large wp-image-10647\" src=\"https:\/\/www.tomroc.com\/blog\/wp-content\/uploads\/20160902-1352-152-960x720.jpg\" alt=\"20160902-1352-152.jpg\" width=\"960\" height=\"720\" \/><\/a><\/h2>\n<p>Nous ne sommes pas tr\u00e8s efficaces dans les man\u0153uvres et la progression sur ce terrain pourri, alors on finit \u00e0 une heure acceptable mais nous d\u00e9passons quand m\u00eame bien les horaires th\u00e9oriques. Il faudra tenir compte de cela pour les prochains jours.<\/p>\n<h2>Notre parcours<\/h2>\n<ul>\n<li>Distance (km) : 6<\/li>\n<li>D\u00e9nivel\u00e9 (m) : +470 -470<\/li>\n<li>Altitudes (m) : mini 3266, maxi 3600<\/li>\n<li>Horaires: d\u00e9but 10h47, fin 17h20, dur\u00e9e 6h33<\/li>\n<\/ul>\n\t\t<div id=\"maps-marker-pro-e4aa8773\" class=\"maps-marker-pro\" style=\"width: 100%;\">\n\t\t\t<div id=\"mmp-map-wrap-e4aa8773\" class=\"mmp-map-wrap\">\n\t\t\t\t\t\t\t\t<div id=\"mmp-map-e4aa8773\" class=\"mmp-map\" style=\"height: 720px;\"><\/div>\n\t\t\t\t\t\t\t\t\t<div id=\"mmp-chart-wrap-e4aa8773\" class=\"mmp-gpx-chart-wrap\" style=\"height: 200px;\"><\/div>\n\t\t\t\t\t\t\t<\/div>\n\t\t\t\t\t<\/div>\n\t\t\n<h1>J2: Travers\u00e9e des Ar\u00eates de Rochefort<\/h1>\n<p>Nous sommes samedi et c&#8217;est aujourd&#8217;hui que nous devons nous lancer dans la plus grande course du week-end. Renseignements pris, nous maintenons notre objectif initial, que je ferai avec Vincent et Ivanka:<\/p>\n<ul>\n<li>Aiguille de Rochefort : Ar\u00eates de Rochefort en AR (AD II 3b)<\/li>\n<\/ul>\n<p>Nos horaires seront\u00a0clairement \u00e0 surveiller compte tenu de l&#8217;exp\u00e9rience de la veille. Petit d\u00e9jeuner \u00e0 4h, nous partons vers 5h \u00e0 la frontale en direction de la Dent du G\u00e9ant. La mont\u00e9e en neige laisse la place au cheminement d\u00e9licat dans une face de rocher pourri, et nous y perdons beaucoup de temps. Lorsque l&#8217;on passe sous la Dent du G\u00e9ant, et que l&#8217;on acc\u00e8de\u00a0au d\u00e9but de l&#8217;arr\u00eate, la vue est saisissante et tout le monde reconnait alors imm\u00e9diatement les c\u00e9l\u00e8bres photos que nous avons tous d\u00e9j\u00e0 vu.<\/p>\n<p><a  href=\"https:\/\/www.tomroc.com\/blog\/wp-content\/uploads\/20160903-0829-221.jpg\" data-rel=\"lightbox-gallery-0\" data-rl_title=\"D\u00e9part des Ar\u00eates de Rochefort\" data-rl_caption=\"Massif du Mont Blanc, France\" title=\"D\u00e9part des Ar\u00eates de Rochefort\"><img loading=\"lazy\" decoding=\"async\" class=\"aligncenter size-large wp-image-10640\" src=\"https:\/\/www.tomroc.com\/blog\/wp-content\/uploads\/20160903-0829-221-960x720.jpg\" alt=\"20160903-0829-221.jpg\" width=\"960\" height=\"720\" \/><\/a><\/p>\n<p>L&#8217;ar\u00eate en soi ne pr\u00e9sente pas de difficult\u00e9 mais il vaut mieux un pied s\u00fbr. Nous n\u00e9gocions une pente raide au moyen des cordes fixes en place, et rapidement nous sommes au pied de l&#8217;Aiguille de Rochefort elle-m\u00eame. Cette derni\u00e8re section se tient toujours sur un terrain pourri, et le final se redresse en trois longueurs d&#8217;escalade facile qui peuvent se prot\u00e9ger gr\u00e2ce aux relais en place. D&#8217;un point de vue timing, heureusement nous irons au sommet, nous \u00e9tions juste \u00e0 la limite de la barri\u00e8re horaire que nous nous \u00e9tions fix\u00e9 avec Eduardo.<\/p>\n<p><a  href=\"https:\/\/www.tomroc.com\/blog\/wp-content\/uploads\/20160903-1004-252.jpg\" data-rel=\"lightbox-gallery-0\" data-rl_title=\"20160903-1004-252.jpg\" data-rl_caption=\"\" title=\"20160903-1004-252.jpg\"><img loading=\"lazy\" decoding=\"async\" class=\"aligncenter size-large wp-image-10649\" src=\"https:\/\/www.tomroc.com\/blog\/wp-content\/uploads\/20160903-1004-252-960x720.jpg\" alt=\"20160903-1004-252.jpg\" width=\"960\" height=\"720\" \/><\/a><\/p>\n<p>Du sommet, en se retournant nous pouvons admirer toute l&#8217;ar\u00eate que nous venons de franchir et allons emprunter au retour.<\/p>\n<p><a  href=\"https:\/\/www.tomroc.com\/blog\/wp-content\/uploads\/20160903-1031-259.jpg\" data-rel=\"lightbox-gallery-0\" data-rl_title=\"Ar\u00eates de Rochefort et Dent du G\u00e9ant\" data-rl_caption=\"Massif du Mont Blanc, France\" title=\"Ar\u00eates de Rochefort et Dent du G\u00e9ant\"><img loading=\"lazy\" decoding=\"async\" class=\"aligncenter wp-image-10641 size-large\" src=\"https:\/\/www.tomroc.com\/blog\/wp-content\/uploads\/20160903-1031-259-540x720.jpg\" alt=\"20160903-1031-259.jpg\" width=\"540\" height=\"720\" \/><\/a><\/p>\n<p>La descente s&#8217;av\u00e8rera longue, et ce d&#8217;autant plus qu&#8217;un petit accident de parcours va se produire. Vincent et Ivanka sont devant en aval, et je leur demande de suivre l&#8217;autre cord\u00e9e qui est plus rapide que nous. Ils les perdent de vue et nous engageons dans un couloir de descente, qui s&#8217;av\u00e8rera juste \u00e0 c\u00f4t\u00e9 du bon. Ivanka se retrouve dans une section o\u00f9 la d\u00e9sescalade est malais\u00e9e et engag\u00e9e. Je la mouline,\u00a0 Vincent ensuite, afin qu&#8217;ils rejoignent une vire puis aillent se vacher sur l&#8217;un des relais. En fait cela ne passait pas par l\u00e0, alors plut\u00f4t que de risquer d&#8217;y aller moi aussi, sans aucune protection, je choisi la s\u00e9curit\u00e9 en me d\u00e9cordant, et monte rejoindre le bon couloir de descente que je d\u00e9sescalade en solo pour r\u00e9cup\u00e9rer mes deux camarades. Nous faisons un rappel pour arriver sur l&#8217;ar\u00eate.<\/p>\n<p><a  href=\"https:\/\/www.tomroc.com\/blog\/wp-content\/uploads\/20160903-1313-278.jpg\" data-rel=\"lightbox-gallery-0\" data-rl_title=\"20160903-1313-278.jpg\" data-rl_caption=\"\" title=\"20160903-1313-278.jpg\"><img loading=\"lazy\" decoding=\"async\" class=\"aligncenter size-large wp-image-10650\" src=\"https:\/\/www.tomroc.com\/blog\/wp-content\/uploads\/20160903-1313-278-960x720.jpg\" alt=\"20160903-1313-278.jpg\" width=\"960\" height=\"720\" \/><\/a>Une fois l&#8217;ar\u00eate franchie, nous entamons la longue descente dans la section rocheuse, tout l&#8217;enjeu \u00e9tant d&#8217;\u00e9viter de faire partir une pierre sur les nombreuses personnes pr\u00e9sentes en dessous et dans le m\u00eame axe.<\/p>\n<p>Cette course \u00e9tait donn\u00e9e en 4 heure \u00e0 la mont\u00e9e et 3 \u00e0 la descente, nous la r\u00e9aliserons &#8211; pauses comprises &#8211; en pr\u00e8s de 12h, mais sommes malgr\u00e9 tout de retour \u00e0 une heure acceptable compte tenu de la m\u00e9t\u00e9o excellente.<\/p>\n<h2>Notre parcours<\/h2>\n<ul>\n<li>Distance (km) : 8,6<\/li>\n<li>D\u00e9nivel\u00e9 (m) : +840 -840<\/li>\n<li>Altitudes (m) : mini 3307, maxi 4001<\/li>\n<li>Horaires: d\u00e9but 5h04, fin 17h04, dur\u00e9e 11h59<\/li>\n<\/ul>\n\t\t<div id=\"maps-marker-pro-195b2f83\" class=\"maps-marker-pro\" style=\"width: 100%;\">\n\t\t\t<div id=\"mmp-map-wrap-195b2f83\" class=\"mmp-map-wrap\">\n\t\t\t\t\t\t\t\t<div id=\"mmp-map-195b2f83\" class=\"mmp-map\" style=\"height: 720px;\"><\/div>\n\t\t\t\t\t\t\t\t\t<div id=\"mmp-chart-wrap-195b2f83\" class=\"mmp-gpx-chart-wrap\" style=\"height: 200px;\"><\/div>\n\t\t\t\t\t\t\t<\/div>\n\t\t\t\t\t<\/div>\n\t\t\n<h1>J3: Travers\u00e9e des Aiguilles Marbr\u00e9es<\/h1>\n<p>Exp\u00e9rience prise des deux pr\u00e9c\u00e9dents jours, compte tenu de l&#8217;horaire de retour du t\u00e9l\u00e9ph\u00e9rique &#8211; 15h30 maximum, et surtout du mauvais temps qui s&#8217;annonce dans l&#8217;apr\u00e8s-midi, nous ne pourrons pas r\u00e9aliser la course d&#8217;escalade qui \u00e9tait initialement pr\u00e9vue. Et ce d&#8217;autant plus que nous savons maintenant que la retraite est difficile voire impossible dans les longueurs de grimpe, alors sur les conseil du sympathique gardien nous allons plut\u00f4t basculer sur une course d&#8217;ar\u00eate situ\u00e9e juste \u00e0 c\u00f4t\u00e9 du refuge:<\/p>\n<ul>\n<li>Aiguilles Marbr\u00e9es : Travers\u00e9e (PD II)<\/li>\n<\/ul>\n<p>Notre lever pr\u00e9coce \u00e0 4h nous permet d&#8217;attaquer les premiers pas sur l&#8217;ar\u00eate dans le noir et d&#8217;assister \u00e0 un lev\u00e9 de soleil c\u00f4t\u00e9 italien.<\/p>\n<p><a  href=\"https:\/\/www.tomroc.com\/blog\/wp-content\/uploads\/20160904-0703-334.jpg\" data-rel=\"lightbox-gallery-0\" data-rl_title=\"20160904-0703-334.jpg\" data-rl_caption=\"\" title=\"20160904-0703-334.jpg\"><img loading=\"lazy\" decoding=\"async\" class=\"aligncenter size-large wp-image-10642\" src=\"https:\/\/www.tomroc.com\/blog\/wp-content\/uploads\/20160904-0703-334-960x720.jpg\" alt=\"20160904-0703-334.jpg\" width=\"960\" height=\"720\" \/><\/a><\/p>\n<p>Nous encha\u00eenons sur l&#8217;ar\u00eate et arrivons sur ce qui semble \u00eatre le &#8216;col \u00e9vident&#8217; dont parle le topo et serait la voie de descente. Les avis divergent, mais globalement le groupe souhaite arr\u00eater l\u00e0 et faire des rappels. Alors c&#8217;est ce que nous faisons, et apr\u00e8s coup constaterons que nous avons shunt\u00e9 une petite partie de l&#8217;itin\u00e9raire.<\/p>\n<p><a  href=\"https:\/\/www.tomroc.com\/blog\/wp-content\/uploads\/20160904-0750-350.jpg\" data-rel=\"lightbox-gallery-0\" data-rl_title=\"20160904-0750-350.jpg\" data-rl_caption=\"\" title=\"20160904-0750-350.jpg\"><img loading=\"lazy\" decoding=\"async\" class=\"aligncenter wp-image-10643 size-large\" src=\"https:\/\/www.tomroc.com\/blog\/wp-content\/uploads\/20160904-0750-350-540x720.jpg\" alt=\"20160904-0750-350.jpg\" width=\"540\" height=\"720\" \/><\/a>Nous touchons le glacier, rangeons les affaires et faisons la plus courte marche de retour de ma carri\u00e8re d&#8217;alpiniste: 10 minutes !<\/p>\n<h2>Notre parcours<\/h2>\n<ul>\n<li>Distance (km) : 3,6<\/li>\n<li>D\u00e9nivel\u00e9 (m) : +250 -250<\/li>\n<li>Altitudes (m) : mini 3273 , maxi 3535<\/li>\n<li>Horaires: d\u00e9but 4h59, fin 9h40, dur\u00e9e 4h40<\/li>\n<\/ul>\n\t\t<div id=\"maps-marker-pro-0eeafba4\" class=\"maps-marker-pro\" style=\"width: 100%;\">\n\t\t\t<div id=\"mmp-map-wrap-0eeafba4\" class=\"mmp-map-wrap\">\n\t\t\t\t\t\t\t\t<div id=\"mmp-map-0eeafba4\" class=\"mmp-map\" style=\"height: 720px;\"><\/div>\n\t\t\t\t\t\t\t\t\t<div id=\"mmp-chart-wrap-0eeafba4\" class=\"mmp-gpx-chart-wrap\" style=\"height: 200px;\"><\/div>\n\t\t\t\t\t\t\t<\/div>\n\t\t\t\t\t<\/div>\n\t\t\n<p>Nous prenons la d\u00e9cision de partir rapidement pour rejoindre l&#8217;Aiguille du midi, afin d&#8217;\u00eatre s\u00fbr de ne pas \u00eatre bloqu\u00e9s si le t\u00e9l\u00e9ph\u00e9rique est arr\u00eat\u00e9. Au retour, une nouvelle s\u00e9ance de photos du bassin glaciaire et toutes ces faces que je n&#8217;avais jamais vu sous cet angle.<\/p>\n<p><a  href=\"https:\/\/www.tomroc.com\/blog\/wp-content\/uploads\/20160904-1105-410.jpg\" data-rel=\"lightbox-gallery-0\" data-rl_title=\"20160904-1105-410.jpg\" data-rl_caption=\"\" title=\"20160904-1105-410.jpg\"><img loading=\"lazy\" decoding=\"async\" class=\"aligncenter size-large wp-image-10645\" src=\"https:\/\/www.tomroc.com\/blog\/wp-content\/uploads\/20160904-1044-386-960x720.jpg\" alt=\"20160904-1044-386.jpg\" width=\"960\" height=\"720\" \/><\/a><\/p>\n<p><a  href=\"https:\/\/www.tomroc.com\/blog\/wp-content\/uploads\/20160904-1105-410.jpg\" data-rel=\"lightbox-gallery-0\" data-rl_title=\"20160904-1105-410.jpg\" data-rl_caption=\"\" title=\"20160904-1105-410.jpg\"><img loading=\"lazy\" decoding=\"async\" class=\"aligncenter size-large wp-image-10646\" src=\"https:\/\/www.tomroc.com\/blog\/wp-content\/uploads\/20160904-1105-410-960x720.jpg\" alt=\"20160904-1105-410.jpg\" width=\"960\" height=\"720\" \/><\/a>Nous profitons du temps dont nous disposons pour visiter toutes les plateformes et expositions de l&#8217;Aiguille, \u00e0 l&#8217;exception du pas dans le vide, je me le garde pour une prochaine fois :)<\/p>\n<p>A la descente dans la benne, une petite surprise m&#8217;attend puisque mes sinus ne passent pas et me causent une forte douleur sur les deux sections du t\u00e9l\u00e9ph\u00e9rique.<\/p>\n<p>Arriv\u00e9s vers 13h sur Chamonix, nous aurons tout l&#8217;apr\u00e8s-midi pour nous allonger dans un parc, faire le tour de la ville et visiter quelques boutiques, et le car prend le retour apr\u00e8s le diner.<\/p>\n","protected":false},"excerpt":{"rendered":"<p>Le CAF IDF a organis\u00e9 un car \u00e0 destination de Chamonix, et je vais encadrer accompagn\u00e9\u00a0par\u00a0Eduardo. J&#8217;ai choisi de tenter quelques classiques dans le secteur de Torino, cela fait quelques fois que je veux y aller mais \u00e0 chaque fois sans succ\u00e8s \u00e0 cause de la m\u00e9t\u00e9o. Le t\u00e9l\u00e9ph\u00e9rique d&#8217;Helbronner est, semble-t-il,\u00a0facilement arr\u00eat\u00e9. Nous avons [&hellip;]<\/p>\n","protected":false},"author":1,"featured_media":10640,"comment_status":"open","ping_status":"closed","sticky":false,"template":"","format":"standard","meta":{"_et_pb_use_builder":"","_et_pb_old_content":"","_et_gb_content_width":"","footnotes":""},"categories":[38],"tags":[3,457,464,131,12,648],"class_list":["post-10552","post","type-post","status-publish","format-standard","has-post-thumbnail","hentry","category-alpinisme","tag-alpinisme","tag-caf","tag-caf-idf","tag-massif-du-mont-blanc","tag-outdoor","tag-refuge-de-torino"],"_links":{"self":[{"href":"https:\/\/www.tomroc.com\/blog\/wp-json\/wp\/v2\/posts\/10552","targetHints":{"allow":["GET"]}}],"collection":[{"href":"https:\/\/www.tomroc.com\/blog\/wp-json\/wp\/v2\/posts"}],"about":[{"href":"https:\/\/www.tomroc.com\/blog\/wp-json\/wp\/v2\/types\/post"}],"author":[{"embeddable":true,"href":"https:\/\/www.tomroc.com\/blog\/wp-json\/wp\/v2\/users\/1"}],"replies":[{"embeddable":true,"href":"https:\/\/www.tomroc.com\/blog\/wp-json\/wp\/v2\/comments?post=10552"}],"version-history":[{"count":0,"href":"https:\/\/www.tomroc.com\/blog\/wp-json\/wp\/v2\/posts\/10552\/revisions"}],"wp:featuredmedia":[{"embeddable":true,"href":"https:\/\/www.tomroc.com\/blog\/wp-json\/wp\/v2\/media\/10640"}],"wp:attachment":[{"href":"https:\/\/www.tomroc.com\/blog\/wp-json\/wp\/v2\/media?parent=10552"}],"wp:term":[{"taxonomy":"category","embeddable":true,"href":"https:\/\/www.tomroc.com\/blog\/wp-json\/wp\/v2\/categories?post=10552"},{"taxonomy":"post_tag","embeddable":true,"href":"https:\/\/www.tomroc.com\/blog\/wp-json\/wp\/v2\/tags?post=10552"}],"curies":[{"name":"wp","href":"https:\/\/api.w.org\/{rel}","templated":true}]}}