{"id":11163,"date":"2016-09-17T08:05:45","date_gmt":"2016-09-17T07:05:45","guid":{"rendered":"http:\/\/www.tomroc.com\/blog\/?p=11163"},"modified":"2018-03-14T13:50:22","modified_gmt":"2018-03-14T12:50:22","slug":"le-car-caf-des-aravis-detourne-sur-orpierre","status":"publish","type":"post","link":"https:\/\/www.tomroc.com\/blog\/2016\/09\/le-car-caf-des-aravis-detourne-sur-orpierre\/","title":{"rendered":"Le car CAF des Aravis d\u00e9tourn\u00e9 sur Orpierre"},"content":{"rendered":"<p>Notre week-end pr\u00e9vu avec le CAF dans les Aravis ne pourra \u00eatre maintenu vu la m\u00e9t\u00e9o. Nous d\u00e9cidons de le d\u00e9tourner sur Orpierre o\u00f9 la m\u00e9t\u00e9o est plus cl\u00e9mente, et nous laisse l&#8217;espoir d&#8217;\u00e9viter la pluie.<\/p>\n<h1>Samedi<\/h1>\n<p>Nous d\u00e9barquons du car et posons les tentes au camping Les Noyers, puis partons en direction du secteur de Quiquillon o\u00f9 nous allons pouvoir trouver de nombreuses grandes voies dans des niveaux compatibles avec les objectifs de notre sortie. Je choisis d&#8217;aller dans une grande classique du secteur :<\/p>\n<ul>\n<li><a href=\"http:\/\/www.camptocamp.org\/routes\/140325\/fr\/le-diedre-sud\">Quiquillon : Le Di\u00e8dre Sud (D+ I 5c)<\/a><\/li>\n<\/ul>\n<p>Il y a d\u00e9j\u00e0 trois cord\u00e9es du CAF sur cette voie, nous \u00e9tions les seuls \u00e0 monter les tentes tandis que les autres logent en mobile home. Je prends une cord\u00e9e de trois et serai avec Sandrine P. et Jean-Marc D.<\/p>\n<p>La voie d\u00e9marre par un 5c un peu patin\u00e9 qui r\u00e9veille.<\/p>\n<p><a  href=\"https:\/\/www.tomroc.com\/blog\/wp-content\/uploads\/20160917-1102-8.jpg\" data-rel=\"lightbox-gallery-0\" data-rl_title=\"20160917-1102-8.jpg\" data-rl_caption=\"\" title=\"20160917-1102-8.jpg\"><img loading=\"lazy\" decoding=\"async\" class=\"aligncenter wp-image-11167 size-large\" src=\"https:\/\/www.tomroc.com\/blog\/wp-content\/uploads\/20160917-1102-8-540x720.jpg\" alt=\"20160917-1102-8.jpg\" width=\"540\" height=\"720\" \/><\/a><\/p>\n<p>Je ne connaissais pas le village d&#8217;Orpierre, et au fur et \u00e0 mesure que nous nous \u00e9levons, je d\u00e9couvre sa position unique, entour\u00e9 de falaises toutes \u00e9quip\u00e9es par la mairie et l&#8217;UCPA me semble-t-il.<\/p>\n<p><a  href=\"https:\/\/www.tomroc.com\/blog\/wp-content\/uploads\/20160917-1104-17.jpg\" data-rel=\"lightbox-gallery-0\" data-rl_title=\"20160917-1104-17.jpg\" data-rl_caption=\"\" title=\"20160917-1104-17.jpg\"><img loading=\"lazy\" decoding=\"async\" class=\"aligncenter wp-image-11168 size-large\" src=\"https:\/\/www.tomroc.com\/blog\/wp-content\/uploads\/20160917-1104-17-960x720.jpg\" alt=\"20160917-1104-17.jpg\" width=\"960\" height=\"720\" \/><\/a>La voie est homog\u00e8ne dans le 5a-5c, et tr\u00e8s vari\u00e9e : du di\u00e8dre, quelques passage raides, des dalles, un peu de fissure, quelques l\u00e9gers surplombs, des travers\u00e9es, il y en a pour tous les go\u00fbts.<\/p>\n<p><a  href=\"https:\/\/www.tomroc.com\/blog\/wp-content\/uploads\/20160917-1127-21.jpg\" data-rel=\"lightbox-gallery-0\" data-rl_title=\"20160917-1127-21.jpg\" data-rl_caption=\"\" title=\"20160917-1127-21.jpg\"><img loading=\"lazy\" decoding=\"async\" class=\"aligncenter wp-image-11169 size-large\" src=\"https:\/\/www.tomroc.com\/blog\/wp-content\/uploads\/20160917-1127-21-960x720.jpg\" alt=\"20160917-1127-21.jpg\" width=\"960\" height=\"720\" \/><\/a>Mes seconds de cord\u00e9es remontent le di\u00e8dre.<\/p>\n<p><a  href=\"https:\/\/www.tomroc.com\/blog\/wp-content\/uploads\/20160917-1142-28.jpg\" data-rel=\"lightbox-gallery-0\" data-rl_title=\"20160917-1142-28.jpg\" data-rl_caption=\"\" title=\"20160917-1142-28.jpg\"><img loading=\"lazy\" decoding=\"async\" class=\"aligncenter wp-image-11170 size-large\" src=\"https:\/\/www.tomroc.com\/blog\/wp-content\/uploads\/20160917-1142-28-540x720.jpg\" alt=\"20160917-1142-28.jpg\" width=\"540\" height=\"720\" \/><\/a>Apr\u00e8s le di\u00e8dre, nous traversons vers la droite, et l\u00e0 o\u00f9 je m&#8217;attendais \u00e0 faire un passage sur une vire, c&#8217;est en fait une travers\u00e9e en rocher que nous r\u00e9serve la voie. Je rep\u00e8re une belle \u00e9caille qui ne demande qu&#8217;\u00e0 partir, et indique \u00e0 mes seconds de rester plus bas et de ne pas la saisir.<\/p>\n<p><a  href=\"https:\/\/www.tomroc.com\/blog\/wp-content\/uploads\/20160917-1249-50.jpg\" data-rel=\"lightbox-gallery-0\" data-rl_title=\"20160917-1249-50.jpg\" data-rl_caption=\"\" title=\"20160917-1249-50.jpg\"><img loading=\"lazy\" decoding=\"async\" class=\"aligncenter wp-image-11171 size-large\" src=\"https:\/\/www.tomroc.com\/blog\/wp-content\/uploads\/20160917-1249-50-540x720.jpg\" alt=\"20160917-1249-50.jpg\" width=\"540\" height=\"720\" \/><\/a>Jean-Marc n&#8217;a pas d\u00fb bien comprendre puisqu&#8217;il va pr\u00e9cis\u00e9ment saisir et se hisser sur le rocher en question .. qui se d\u00e9croche comme je l&#8217;avais pr\u00e9vu. Puisqu&#8217;il \u00e9tait en travers\u00e9e, il pendule et tombe au bas de la dalle. Heureusement le rocher chute \u00e0 c\u00f4t\u00e9 de Jean-Marc, qui n&#8217;aura perdu que quelques petits morceaux de peau au passage.<\/p>\n<p>La derni\u00e8re longueur en 5b semble difficile \u00e0 mes seconds, probablement la fatigue de fin de journ\u00e9e. Nous finissons sur l&#8217;ar\u00eate.<\/p>\n<p><a  href=\"https:\/\/www.tomroc.com\/blog\/wp-content\/uploads\/20160917-1536-86-panorama.jpg\" data-rel=\"lightbox-gallery-0\" data-rl_title=\"20160917-1536-86-Panorama.jpg\" data-rl_caption=\"\" title=\"20160917-1536-86-Panorama.jpg\"><img loading=\"lazy\" decoding=\"async\" class=\"aligncenter wp-image-15044 size-large\" src=\"https:\/\/www.tomroc.com\/blog\/wp-content\/uploads\/20160917-1536-86-panorama-960x502.jpg\" alt=\"\" width=\"960\" height=\"502\" \/><\/a>Les autres cord\u00e9es ont disparu et je n&#8217;ai pas de topo. Alors plut\u00f4t que de prendre le risque de descendre sur ce qui me semble \u00eatre des lignes de rappel, mais sans en \u00eatre 100% s\u00fbr, nous empruntons le chemin de descente \u00e0 pied. On se rallonge un peu en restant sur la route, nous d\u00e9couvrirons le lendemain un sentier qui descend directement vers le village.<\/p>\n<p>Notre belle ar\u00eate prend le soleil du soir.<\/p>\n<h1><a  href=\"https:\/\/www.tomroc.com\/blog\/wp-content\/uploads\/20160917-1834-122.jpg\" data-rel=\"lightbox-gallery-0\" data-rl_title=\"20160917-1834-122.jpg\" data-rl_caption=\"\" title=\"20160917-1834-122.jpg\"><img loading=\"lazy\" decoding=\"async\" class=\"aligncenter size-large wp-image-11172\" src=\"https:\/\/www.tomroc.com\/blog\/wp-content\/uploads\/20160917-1834-122-960x720.jpg\" alt=\"20160917-1834-122.jpg\" width=\"960\" height=\"720\" \/><\/a>Dimanche<\/h1>\n<p>Pendant la nuit de samedi \u00e0 dimanche, il tombe des seaux d&#8217;eau, et nos compagnons en mobile home nous envoient des sms pour savoir si tout va bien pour nous.<\/p>\n<p>Pour cette seconde journ\u00e9e, nous irons dans le m\u00eame secteur, afin de poursuivre dans les grandes voies qui y sont pr\u00e9sentes. Nous esp\u00e9rons que les parois auront suffisamment s\u00e9ch\u00e9 pour \u00eatre praticables.<\/p>\n<p>Je serai avec Sandrine, dans l&#8217;optique de faire du r\u00e9versible, r\u00e9viser les techniques de grande voie et apprendre la construction de relais non cha\u00een\u00e9s. Nous suivons la cord\u00e9e de R\u00e9mi dans :<\/p>\n<ul>\n<li><a href=\"http:\/\/www.camptocamp.org\/routes\/128551\/fr\/la-jungle-en-folie\">Quiquillon : La jungle en folie (TD- I 6b &gt; 5cA0)<\/a><\/li>\n<\/ul>\n<p>Le niveau est un peu moins homog\u00e8ne que le jour pr\u00e9c\u00e9dant puisque nous alternerons des passages en 4c, la plupart en 5 et un passage en 6a+ ou 6b suivant les topos, mais qui se passe en artif A0.<\/p>\n<p><a  href=\"https:\/\/www.tomroc.com\/blog\/wp-content\/uploads\/20160918-1003-131.jpg\" data-rel=\"lightbox-gallery-0\" data-rl_title=\"20160918-1003-131.jpg\" data-rl_caption=\"\" title=\"20160918-1003-131.jpg\"><img loading=\"lazy\" decoding=\"async\" class=\"aligncenter wp-image-11173 size-large\" src=\"https:\/\/www.tomroc.com\/blog\/wp-content\/uploads\/20160918-1003-131-540x720.jpg\" alt=\"20160918-1003-131.jpg\" width=\"540\" height=\"720\" \/><\/a><\/p>\n<p><a  href=\"https:\/\/www.tomroc.com\/blog\/wp-content\/uploads\/20160918-1039-137.jpg\" data-rel=\"lightbox-gallery-0\" data-rl_title=\"20160918-1039-137.jpg\" data-rl_caption=\"\" title=\"20160918-1039-137.jpg\"><img loading=\"lazy\" decoding=\"async\" class=\"aligncenter wp-image-11174 size-large\" src=\"https:\/\/www.tomroc.com\/blog\/wp-content\/uploads\/20160918-1039-137-960x720.jpg\" alt=\"20160918-1039-137.jpg\" width=\"960\" height=\"720\" \/><\/a>Nous appr\u00e9cions l&#8217;espacement tr\u00e8s court dans le passage en artif, qui nous permet de progresser de point en point \u00e0 la force des bras et des pieds gr\u00e2ce aux p\u00e9dales que nous mettrons en place.<\/p>\n<p><a  href=\"https:\/\/www.tomroc.com\/blog\/wp-content\/uploads\/20160918-1323-150.jpg\" data-rel=\"lightbox-gallery-0\" data-rl_title=\"20160918-1323-150.jpg\" data-rl_caption=\"\" title=\"20160918-1323-150.jpg\"><img loading=\"lazy\" decoding=\"async\" class=\"aligncenter wp-image-11175 size-large\" src=\"https:\/\/www.tomroc.com\/blog\/wp-content\/uploads\/20160918-1323-150-540x720.jpg\" alt=\"20160918-1323-150.jpg\" width=\"540\" height=\"720\" \/><\/a>Comme la veille le ciel est toujours mena\u00e7ant mais finalement il ne pleuvra pas une goutte durant ces deux jours.<\/p>\n<p><a  href=\"https:\/\/www.tomroc.com\/blog\/wp-content\/uploads\/20160918-1459-166.jpg\" data-rel=\"lightbox-gallery-0\" data-rl_title=\"20160918-1459-166.jpg\" data-rl_caption=\"\" title=\"20160918-1459-166.jpg\"><img loading=\"lazy\" decoding=\"async\" class=\"aligncenter wp-image-11176 size-large\" src=\"https:\/\/www.tomroc.com\/blog\/wp-content\/uploads\/20160918-1459-166-960x720.jpg\" alt=\"20160918-1459-166.jpg\" width=\"960\" height=\"720\" \/><\/a>Arriv\u00e9s sur l&#8217;ar\u00eate, nous d\u00e9cidons de ne pas prendre la ligne de rappels car il y a trop de vent et nous risquons de coincer les cordes. L&#8217;option de s\u00e9curit\u00e9 c&#8217;est donc plut\u00f4t de reprendre le fil de l&#8217;ar\u00eate, rejoindre le col, et rebasculer sur un sentier de descente qui retourne \u00e0 Orpierre. Au passage nous \u00e9garons Jean-Marc, mais nous le retrouverons finalement au camping, il est arriv\u00e9 avant nous.<\/p>\n<p><a  href=\"https:\/\/www.tomroc.com\/blog\/wp-content\/uploads\/20160918-1531-176.jpg\" data-rel=\"lightbox-gallery-0\" data-rl_title=\"20160918-1531-176.jpg\" data-rl_caption=\"\" title=\"20160918-1531-176.jpg\"><img loading=\"lazy\" decoding=\"async\" class=\"aligncenter wp-image-11177 size-large\" src=\"https:\/\/www.tomroc.com\/blog\/wp-content\/uploads\/20160918-1531-176-960x720.jpg\" alt=\"20160918-1531-176.jpg\" width=\"960\" height=\"720\" \/><\/a><\/p>\n<h1>Plan de situation<\/h1>\n\t\t<div id=\"maps-marker-pro-45f32054\" class=\"maps-marker-pro\" style=\"width: 100%;\">\n\t\t\t<div id=\"mmp-map-wrap-45f32054\" class=\"mmp-map-wrap\">\n\t\t\t\t\t\t\t\t<div id=\"mmp-map-45f32054\" class=\"mmp-map\" style=\"height: 720px;\"><\/div>\n\t\t\t\t\t\t\t\t\t<div id=\"mmp-chart-wrap-45f32054\" class=\"mmp-gpx-chart-wrap\" style=\"height: 200px;\"><\/div>\n\t\t\t\t\t\t\t<\/div>\n\t\t\t\t\t<\/div>\n\t\t\n","protected":false},"excerpt":{"rendered":"<p>Notre week-end pr\u00e9vu avec le CAF dans les Aravis ne pourra \u00eatre maintenu vu la m\u00e9t\u00e9o. Nous d\u00e9cidons de le d\u00e9tourner sur Orpierre o\u00f9 la m\u00e9t\u00e9o est plus cl\u00e9mente, et nous laisse l&#8217;espoir d&#8217;\u00e9viter la pluie. Samedi Nous d\u00e9barquons du car et posons les tentes au camping Les Noyers, puis partons en direction du secteur [&hellip;]<\/p>\n","protected":false},"author":1,"featured_media":11172,"comment_status":"open","ping_status":"closed","sticky":false,"template":"","format":"standard","meta":{"_et_pb_use_builder":"","_et_pb_old_content":"","_et_gb_content_width":"","footnotes":""},"categories":[38,39],"tags":[3,457,464,702,58,699,12,701],"class_list":["post-11163","post","type-post","status-publish","format-standard","has-post-thumbnail","hentry","category-alpinisme","category-escalade","tag-alpinisme","tag-caf","tag-caf-idf","tag-camping-les-noyers","tag-escalade-2","tag-orpierre","tag-outdoor","tag-quiquillon"],"_links":{"self":[{"href":"https:\/\/www.tomroc.com\/blog\/wp-json\/wp\/v2\/posts\/11163","targetHints":{"allow":["GET"]}}],"collection":[{"href":"https:\/\/www.tomroc.com\/blog\/wp-json\/wp\/v2\/posts"}],"about":[{"href":"https:\/\/www.tomroc.com\/blog\/wp-json\/wp\/v2\/types\/post"}],"author":[{"embeddable":true,"href":"https:\/\/www.tomroc.com\/blog\/wp-json\/wp\/v2\/users\/1"}],"replies":[{"embeddable":true,"href":"https:\/\/www.tomroc.com\/blog\/wp-json\/wp\/v2\/comments?post=11163"}],"version-history":[{"count":0,"href":"https:\/\/www.tomroc.com\/blog\/wp-json\/wp\/v2\/posts\/11163\/revisions"}],"wp:featuredmedia":[{"embeddable":true,"href":"https:\/\/www.tomroc.com\/blog\/wp-json\/wp\/v2\/media\/11172"}],"wp:attachment":[{"href":"https:\/\/www.tomroc.com\/blog\/wp-json\/wp\/v2\/media?parent=11163"}],"wp:term":[{"taxonomy":"category","embeddable":true,"href":"https:\/\/www.tomroc.com\/blog\/wp-json\/wp\/v2\/categories?post=11163"},{"taxonomy":"post_tag","embeddable":true,"href":"https:\/\/www.tomroc.com\/blog\/wp-json\/wp\/v2\/tags?post=11163"}],"curies":[{"name":"wp","href":"https:\/\/api.w.org\/{rel}","templated":true}]}}