{"id":1199,"date":"2011-07-03T19:59:17","date_gmt":"2011-07-03T18:59:17","guid":{"rendered":"http:\/\/www.tomroc.com\/blog\/?p=1199"},"modified":"2018-03-14T13:59:18","modified_gmt":"2018-03-14T12:59:18","slug":"mont-aiguille-par-la-voie-normale","status":"publish","type":"post","link":"https:\/\/www.tomroc.com\/blog\/2011\/07\/mont-aiguille-par-la-voie-normale\/","title":{"rendered":"Mont Aiguille par la voie normale"},"content":{"rendered":"<p>Sortie sur la journ\u00e9e avec Sandrine dans le Vercors, nous ferons l&#8217;un des sommets faciles et tr\u00e8s pris\u00e9s du secteur: le <a href=\"http:\/\/www.camptocamp.org\/routes\/53925\/fr\/voie-normale\">Mont Aiguille par la Voie Normale<\/a><\/p>\n<p><a  href=\"https:\/\/www.tomroc.com\/blog\/wp-content\/uploads\/20110703-1015-1.jpg\" data-rel=\"lightbox-gallery-0\" data-rl_title=\"20110703-1015-1.jpg\" data-rl_caption=\"\" title=\"20110703-1015-1.jpg\"><img loading=\"lazy\" decoding=\"async\" class=\"aligncenter size-large wp-image-6976\" src=\"https:\/\/www.tomroc.com\/blog\/wp-content\/uploads\/20110703-1015-1-960x642.jpg\" alt=\"20110703-1015-1.jpg\" width=\"960\" height=\"642\" \/><\/a><\/p>\n<p>L&#8217;ascension est donn\u00e9e en 3b\/3c et la corde restera au fond du sac.<\/p>\n<p>Belle surprise \u00e0 l&#8217;arriv\u00e9e, le plateau sommital est splendide. Il faudra revenir pour y faire bivouac \u00e0 l&#8217;occasion. Nous faisons une petite s\u00e9ance photo strobist au sommet, quelques r\u00e9sultats surprenants. En plein soleil, les filtres ND \u00e0 venir auraient \u00e9t\u00e9 tr\u00e8s utiles !<\/p>\n<p><a  href=\"https:\/\/www.tomroc.com\/blog\/wp-content\/uploads\/20110703-1516-68.jpg\" data-rel=\"lightbox-gallery-0\" data-rl_title=\"Essais de strobism\" data-rl_caption=\"Mont Aiguille, Vercors, France\" title=\"Essais de strobism\"><img loading=\"lazy\" decoding=\"async\" class=\"aligncenter size-large wp-image-6980\" src=\"https:\/\/www.tomroc.com\/blog\/wp-content\/uploads\/20110703-1516-68-960x642.jpg\" alt=\"20110703-1516-68.jpg\" width=\"960\" height=\"642\" \/><\/a>Nous faisons la descente en tirant des rappels, petit fil d&#8217;araign\u00e9e qui fini dans une faille.<\/p>\n<h2><a  href=\"https:\/\/www.tomroc.com\/blog\/wp-content\/uploads\/20110703-1724-77.jpg\" data-rel=\"lightbox-gallery-0\" data-rl_title=\"20110703-1724-77.jpg\" data-rl_caption=\"\" title=\"20110703-1724-77.jpg\"><img loading=\"lazy\" decoding=\"async\" class=\"aligncenter wp-image-10986 size-large\" src=\"https:\/\/www.tomroc.com\/blog\/wp-content\/uploads\/20110703-1724-77-481x720.jpg\" alt=\"20110703-1724-77.jpg\" width=\"481\" height=\"720\" srcset=\"https:\/\/www.tomroc.com\/blog\/wp-content\/uploads\/20110703-1724-77-481x720.jpg 481w, https:\/\/www.tomroc.com\/blog\/wp-content\/uploads\/20110703-1724-77-480x719.jpg 480w\" sizes=\"(min-width: 0px) and (max-width: 480px) 480px, (min-width: 481px) 481px, 100vw\" \/><\/a>Notre parcours<\/h2>\n\t\t<div id=\"maps-marker-pro-ebfdbf86\" class=\"maps-marker-pro\" style=\"width: 100%;\">\n\t\t\t<div id=\"mmp-map-wrap-ebfdbf86\" class=\"mmp-map-wrap\">\n\t\t\t\t\t\t\t\t<div id=\"mmp-map-ebfdbf86\" class=\"mmp-map\" style=\"height: 720px;\"><\/div>\n\t\t\t\t\t\t\t\t\t<div id=\"mmp-chart-wrap-ebfdbf86\" class=\"mmp-gpx-chart-wrap\" style=\"height: 200px;\"><\/div>\n\t\t\t\t\t\t\t<\/div>\n\t\t\t\t\t<\/div>\n\t\t\n","protected":false},"excerpt":{"rendered":"<p>Sortie sur la journ\u00e9e avec Sandrine dans le Vercors, nous ferons l&#8217;un des sommets faciles et tr\u00e8s pris\u00e9s du secteur: le Mont Aiguille par la Voie Normale L&#8217;ascension est donn\u00e9e en 3b\/3c et la corde restera au fond du sac. Belle surprise \u00e0 l&#8217;arriv\u00e9e, le plateau sommital est splendide. Il faudra revenir pour y faire [&hellip;]<\/p>\n","protected":false},"author":1,"featured_media":6976,"comment_status":"open","ping_status":"open","sticky":false,"template":"","format":"standard","meta":{"_et_pb_use_builder":"","_et_pb_old_content":"","_et_gb_content_width":"","footnotes":""},"categories":[39,53],"tags":[58,12,72,54,624,463,456],"class_list":["post-1199","post","type-post","status-publish","format-standard","has-post-thumbnail","hentry","category-escalade","category-randonnee-trail","tag-escalade-2","tag-outdoor","tag-photo","tag-randonnee-2","tag-sandrine-p","tag-strobist","tag-vercors"],"_links":{"self":[{"href":"https:\/\/www.tomroc.com\/blog\/wp-json\/wp\/v2\/posts\/1199","targetHints":{"allow":["GET"]}}],"collection":[{"href":"https:\/\/www.tomroc.com\/blog\/wp-json\/wp\/v2\/posts"}],"about":[{"href":"https:\/\/www.tomroc.com\/blog\/wp-json\/wp\/v2\/types\/post"}],"author":[{"embeddable":true,"href":"https:\/\/www.tomroc.com\/blog\/wp-json\/wp\/v2\/users\/1"}],"replies":[{"embeddable":true,"href":"https:\/\/www.tomroc.com\/blog\/wp-json\/wp\/v2\/comments?post=1199"}],"version-history":[{"count":0,"href":"https:\/\/www.tomroc.com\/blog\/wp-json\/wp\/v2\/posts\/1199\/revisions"}],"wp:featuredmedia":[{"embeddable":true,"href":"https:\/\/www.tomroc.com\/blog\/wp-json\/wp\/v2\/media\/6976"}],"wp:attachment":[{"href":"https:\/\/www.tomroc.com\/blog\/wp-json\/wp\/v2\/media?parent=1199"}],"wp:term":[{"taxonomy":"category","embeddable":true,"href":"https:\/\/www.tomroc.com\/blog\/wp-json\/wp\/v2\/categories?post=1199"},{"taxonomy":"post_tag","embeddable":true,"href":"https:\/\/www.tomroc.com\/blog\/wp-json\/wp\/v2\/tags?post=1199"}],"curies":[{"name":"wp","href":"https:\/\/api.w.org\/{rel}","templated":true}]}}