{"id":15499,"date":"2017-06-24T21:57:56","date_gmt":"2017-06-24T20:57:56","guid":{"rendered":"https:\/\/www.tomroc.com\/blog\/?p=15499"},"modified":"2023-03-11T09:12:11","modified_gmt":"2023-03-11T08:12:11","slug":"randonnee-au-lieu-de-larete-nne-des-volnets","status":"publish","type":"post","link":"https:\/\/www.tomroc.com\/blog\/2017\/06\/randonnee-au-lieu-de-larete-nne-des-volnets\/","title":{"rendered":"Randonn\u00e9e au lieu de l&#8217;ar\u00eate NNE des Volnets"},"content":{"rendered":"\n<p>La section alpinisme a r\u00e9cemment accueilli deux nouveaux co-encadrants, et ce week-end je part avec l&#8217;un d&#8217;entre eux, Benoit G. Notre car est \u00e0 destination de la Vanoise et nous choisissons comme sortie le couloir Matthews \u00e0 la Grande Casse. Il s\u2019agit d&#8217;une course relativement ambitieuse pour une premi\u00e8re sortie ensemble. Nous pr\u00e9voyons d\u2019en faire l\u2019ascension depuis le refuge du col de la Vanoise. Mais \u00e0 une semaine du d\u00e9part je me rends compte qu\u2019\u00e0 cause d\u2019une erreur de communication \u2026 nous n\u2019avons pas r\u00e9serv\u00e9 le refuge et il n\u2019y a plus de place. Par ailleurs le bivouac est interdit dans le parc y compris \u00e0 c\u00f4t\u00e9 de ce refuge. Sur les bons conseils de Jean P. nous trouvons un plan B qui me convainc et nous r\u00e9servons tardivement au refuge de la Gli\u00e8re, avec comme nouvel objectif d\u2019aller faire une course apparemment relativement sauvage et peu pratiqu\u00e9e &#8211; car compos\u00e9e d\u2019un rocher extr\u00eamement pourri, j\u2019ai nomm\u00e9 l\u2019ar\u00eate nord nord est des Volnets.<\/p>\n\n\n\n<p>Notre \u00e9quipe comprend trois participants :Aristote L., R\u00e9mi L. et Denys B. De mani\u00e8re assez inhabituelle, mes quatre compagnons du week-end vont tous faire leur premi\u00e8re sortie avec le club. Et trois n\u2019ont m\u00eame jamais pris le car couchette. Ce dernier est d&#8217;ailleurs plein avec 38 personnes. Bref, c\u2019est un week-end d\u00e9couverte !<\/p>\n\n\n\n<h1 class=\"wp-block-heading\">Samedi : mont\u00e9e au refuge et d\u00e9nivel\u00e9<\/h1>\n\n\n\n<p>Le samedi est donc tout logiquement consacr\u00e9 \u00e0 la mont\u00e9e au refuge. Nous n\u2019avons pas sp\u00e9cialement eu d\u2019inspiration pour trouver une autre petite course \u00e0 faire dans le secteur, alors \u00e0 l\u2019approche de la cascade du Py&nbsp;nous posons les sacs et ajoutons un peu de d\u00e9nivel\u00e9 en montant jusqu\u2019au sommet de la cascade. Et puisqu\u2019il fait vraiment chaud, nous rep\u00e9rons une vasque et allons faire trempette en cale\u00e7ons dans une eau vraiment glac\u00e9e.<\/p>\n\n\n\n<p>Nous atteignons le refuge de la Gli\u00e8re vers 16h42 et sommes agr\u00e9ablement surpris par son confort &#8211; il comprend notamment des douches, mais ce n\u2019est finalement pas surprenant puisqu\u2019il est accessible par une route. Le couple de gardiens est particuli\u00e8rement sympa par ailleurs.<\/p>\n\n\n\n<p>Nous avons quelques heures devant nous, alors j\u2019en profite pour emprunter une lime et commencer \u00e0 r\u00e9affuter mes crampons, pour le bonheur de toutes les personnes pr\u00e9sentes autour de moi.<\/p>\n\n\n\n<p>A la mont\u00e9e nous avons rep\u00e9r\u00e9 notre itin\u00e9raire, et nous d\u00e9cidons de le corser en encha\u00eenant l\u2019ar\u00eate NNE des Volnets, avec &nbsp;la jonction avec <span style=\"color: #000000;\">la Pointe du Vallonnet&nbsp;et encha\u00eener sur l\u2019ar\u00eate vers le Grand Bec pour en<\/span>fin redescendre sur le refuge du plan des Gouilles. Il faudra donc prendre toutes les affaires puisque nous descendrons directement sur le lieu de reprise du car, sans repasser par le refuge.<\/p>\n\n\n\n<p>Notre plan est cal\u00e9 pour demain, l\u2019\u00e9quipe est ultra motiv\u00e9e, et nous mettons le r\u00e9veil \u00e0 4h pour avoir tout le temps n\u00e9cessaire pour faire la travers\u00e9e.<\/p>\n\n\n\n<h2 class=\"wp-block-heading\">Notre parcours<\/h2>\n\n\n\n<p><span style=\"color: #000000;\">\t\t<div id=\"maps-marker-pro-b5216300\" class=\"maps-marker-pro\" style=\"width: 100%;\">\n\t\t\t<div id=\"mmp-map-wrap-b5216300\" class=\"mmp-map-wrap\">\n\t\t\t\t\t\t\t\t<div id=\"mmp-map-b5216300\" class=\"mmp-map\" style=\"height: 720px;\"><\/div>\n\t\t\t\t\t\t\t\t\t<div id=\"mmp-chart-wrap-b5216300\" class=\"mmp-gpx-chart-wrap\" style=\"height: 200px;\"><\/div>\n\t\t\t\t\t\t\t<\/div>\n\t\t\t\t\t<\/div>\n\t\t<\/span><\/p>\n\n\n\n<ul class=\"wp-block-list\">\n<li>Distance (km) : 12,8<\/li>\n\n\n\n<li>D\u00e9nivel\u00e9 (m) : +920 -75<\/li>\n\n\n\n<li>Altitudes (m) : mini 1143, maxi 1996<\/li>\n\n\n\n<li>Horaires : d\u00e9part 6h30, arriv\u00e9e 16h42<\/li>\n<\/ul>\n\n\n\n<h1 class=\"wp-block-heading\">Dimanche : randonn\u00e9e vers le lac de la Plagne<\/h1>\n\n\n\n<p>4h, le r\u00e9veil sonne. Et simultan\u00e9ment, R\u00e9mi &#8211; qui dormait sur un matelas par terre &#8211; est r\u00e9veill\u00e9 par la pluie qui tombe sur lui. Dehors c\u2019est le d\u00e9luge et les \u00e9clairs nous confirment que l\u2019orage est pr\u00e9sent. Il ne me faut pas longtemps pour d\u00e9cider que cela remet compl\u00e8tement en question ce que nous avions pr\u00e9vu de faire: l\u2019ar\u00eate en rocher pourri va \u00eatre difficilement praticable, le rocher mettra du temps \u00e0 s\u00e9cher, et nous ne pouvons pas trop d\u00e9caler l\u2019horaire de d\u00e9part au risque de manquer de temps pour notre itin\u00e9raire. Je d\u00e9cide que nous devons abandonner, et nous repoussons le r\u00e9veil \u00e0 7h30 pour une grasse matin\u00e9e.<\/p>\n\n\n\n<p>A notre r\u00e9veil la pluie a cess\u00e9 et le brouillard n\u2019est pas encore compl\u00e8tement lev\u00e9. L\u2019ar\u00eate et les sommets que nous visions sont compl\u00e8tement bouch\u00e9s. Nous avons manifestement pris la bonne d\u00e9cision, le groupe est unanime l\u00e0-dessus. Nous prenons le temps pour nous lever et prendre le d\u00e9part, apr\u00e8s avoir d\u00e9cid\u00e9 de ce que nous ferions finalement de notre journ\u00e9e. Nous allons faire une grande boucle de randonn\u00e9e, qui va nous faire passer par 5 refuges : refuge de la Gli\u00e8re, refuge du col du Palet, refuge entre le Lac, refuge de Plaisance, refuge du Laisonnay, refuge du Bois.<\/p>\n\n\n\n<figure class=\"wp-block-image aligncenter\"><a  href=\"https:\/\/www.tomroc.com\/blog\/wp-content\/uploads\/20170625-1042-66.jpg\" data-rel=\"lightbox-gallery-0\" data-rl_title=\"20170625-1042-66.jpg\" data-rl_caption=\"\" title=\"20170625-1042-66.jpg\"><img loading=\"lazy\" decoding=\"async\" width=\"960\" height=\"720\" src=\"https:\/\/www.tomroc.com\/blog\/wp-content\/uploads\/20170625-1042-66-960x720.jpg\" alt=\"\" class=\"wp-image-15492\"\/><\/a><\/figure>\n\n\n\n<p>Une chape de brouillard occupe l&#8217;horizon mais quelques perc\u00e9es apparaissent progressivement; la raide face de la grande Casse se d\u00e9couvre.<\/p>\n\n\n\n<figure class=\"wp-block-image aligncenter\"><a  href=\"https:\/\/www.tomroc.com\/blog\/wp-content\/uploads\/20170625-1043-71.jpg\" data-rel=\"lightbox-gallery-0\" data-rl_title=\"20170625-1043-71.jpg\" data-rl_caption=\"\" title=\"20170625-1043-71.jpg\"><img loading=\"lazy\" decoding=\"async\" width=\"960\" height=\"720\" src=\"https:\/\/www.tomroc.com\/blog\/wp-content\/uploads\/20170625-1043-71-960x720.jpg\" alt=\"\" class=\"wp-image-15493\"\/><\/a><\/figure>\n\n\n\n<p>Au refuge du col du Palet nous faisons une pause, le temps d\u2019un caf\u00e9.<\/p>\n\n\n\n<figure class=\"wp-block-image aligncenter\"><a  href=\"https:\/\/www.tomroc.com\/blog\/wp-content\/uploads\/20170625-1123-81.jpg\" data-rel=\"lightbox-gallery-0\" data-rl_title=\"20170625-1123-81.jpg\" data-rl_caption=\"\" title=\"20170625-1123-81.jpg\"><img loading=\"lazy\" decoding=\"async\" width=\"960\" height=\"720\" src=\"https:\/\/www.tomroc.com\/blog\/wp-content\/uploads\/20170625-1123-81-960x720.jpg\" alt=\"\" class=\"wp-image-15494\"\/><\/a><\/figure>\n\n\n\n<p>Les marmottes sont nombreuses dans le secteur.<\/p>\n\n\n\n<figure class=\"wp-block-image aligncenter\"><a  href=\"https:\/\/www.tomroc.com\/blog\/wp-content\/uploads\/20170625-1208-82.jpg\" data-rel=\"lightbox-gallery-0\" data-rl_title=\"20170625-1208-82.jpg\" data-rl_caption=\"\" title=\"20170625-1208-82.jpg\"><img loading=\"lazy\" decoding=\"async\" width=\"960\" height=\"720\" src=\"https:\/\/www.tomroc.com\/blog\/wp-content\/uploads\/20170625-1208-82-960x720.jpg\" alt=\"\" class=\"wp-image-15507\"\/><\/a><\/figure>\n\n\n\n<p>Certaines marmottes ne sont pas farouches. Elles s&#8217;approchent de nous, probablement dans l&#8217;espoir que nous leur donnions quelque chose \u00e0 manger.<\/p>\n\n\n\n<figure class=\"wp-block-image aligncenter\"><a  href=\"https:\/\/www.tomroc.com\/blog\/wp-content\/uploads\/20170625-1247-108.jpg\" data-rel=\"lightbox-gallery-0\" data-rl_title=\"20170625-1247-108.jpg\" data-rl_caption=\"\" title=\"20170625-1247-108.jpg\"><img loading=\"lazy\" decoding=\"async\" width=\"960\" height=\"720\" src=\"https:\/\/www.tomroc.com\/blog\/wp-content\/uploads\/20170625-1247-108-960x720.jpg\" alt=\"\" class=\"wp-image-15495\"\/><\/a><\/figure>\n\n\n\n<p>Nous apercevons le refuge entre le Lac, id\u00e9alement plac\u00e9 au milieu des montagnes et au pied du lac de la Plage. Nous y descendons et allons y prendre notre d\u00e9jeuner. Il est plein, de nombreux p\u00e9cheurs sont pr\u00e9sents.<\/p>\n\n\n\n<figure class=\"wp-block-image aligncenter\"><a  href=\"https:\/\/www.tomroc.com\/blog\/wp-content\/uploads\/20170625-1254-109.jpg\" data-rel=\"lightbox-gallery-0\" data-rl_title=\"20170625-1254-109.jpg\" data-rl_caption=\"\" title=\"20170625-1254-109.jpg\"><img loading=\"lazy\" decoding=\"async\" width=\"960\" height=\"720\" src=\"https:\/\/www.tomroc.com\/blog\/wp-content\/uploads\/20170625-1254-109-960x720.jpg\" alt=\"\" class=\"wp-image-15496\"\/><\/a><\/figure>\n\n\n\n<p>L&#8217;heure tourne et nous avons un car \u00e0 ne pas rater. Nous for\u00e7ons un peu le pas, et effectuons la mont\u00e9e au col du plan S\u00e9ry en 45min. A partir de l\u00e0 nous entamons la tr\u00e8s longue descente qui va nous mener jusqu&#8217;\u00e0 Champagny en Vanoise.<\/p>\n\n\n\n<figure class=\"wp-block-image aligncenter\"><a  href=\"https:\/\/www.tomroc.com\/blog\/wp-content\/uploads\/20170625-1454-127.jpg\" data-rel=\"lightbox-gallery-0\" data-rl_title=\"20170625-1454-127.jpg\" data-rl_caption=\"\" title=\"20170625-1454-127.jpg\"><img loading=\"lazy\" decoding=\"async\" width=\"960\" height=\"720\" src=\"https:\/\/www.tomroc.com\/blog\/wp-content\/uploads\/20170625-1454-127-960x720.jpg\" alt=\"\" class=\"wp-image-15497\"\/><\/a><\/figure>\n\n\n\n<p>Au passage du refuge de Plaisance, le panorama offre une vue compl\u00e8te sur la course que nous projetions : la jonction de&nbsp;l&#8217;ar\u00eate NNE des Volnets avec la course d&#8217;ar\u00eate entre la&nbsp;Pointe du Vallonnet et l&#8217;ar\u00eate jusqu&#8217;\u00e0 finir au Grand Bec. Entre les deux, la carte et nos observations nous laissent \u00e0 penser que la jonction est possible. Ensuite,&nbsp;un franchissement du col au sud de la Becquetta permet d&#8217;atteindre le refuge du Plan des Gouilles et descendre sur Champagny. Ca c&#8217;\u00e9tait notre plan.<\/p>\n\n\n\n<figure class=\"wp-block-image aligncenter\"><a  href=\"https:\/\/www.tomroc.com\/blog\/wp-content\/uploads\/20170625-1542-140.jpg\" data-rel=\"lightbox-gallery-0\" data-rl_title=\"20170625-1542-140.jpg\" data-rl_caption=\"\" title=\"20170625-1542-140.jpg\"><img loading=\"lazy\" decoding=\"async\" width=\"960\" height=\"720\" src=\"https:\/\/www.tomroc.com\/blog\/wp-content\/uploads\/20170625-1542-140-960x720.jpg\" alt=\"\" class=\"wp-image-15498\"\/><\/a><\/figure>\n\n\n\n<h2 class=\"wp-block-heading\">Notre parcours<\/h2>\n\n\n\t\t<div id=\"maps-marker-pro-d5f07e04\" class=\"maps-marker-pro\" style=\"width: 100%;\">\n\t\t\t<div id=\"mmp-map-wrap-d5f07e04\" class=\"mmp-map-wrap\">\n\t\t\t\t\t\t\t\t<div id=\"mmp-map-d5f07e04\" class=\"mmp-map\" style=\"height: 720px;\"><\/div>\n\t\t\t\t\t\t\t\t\t<div id=\"mmp-chart-wrap-d5f07e04\" class=\"mmp-gpx-chart-wrap\" style=\"height: 200px;\"><\/div>\n\t\t\t\t\t\t\t<\/div>\n\t\t\t\t\t<\/div>\n\t\t\n\n\n\n<ul class=\"wp-block-list\">\n<li>Distance (km) : 27,2<\/li>\n\n\n\n<li>D\u00e9nivel\u00e9 (m) : +1150 -1910<\/li>\n\n\n\n<li>Altitudes (m) : mini 1243, maxi 2656<\/li>\n\n\n\n<li>Horaires : d\u00e9part 9h04, arriv\u00e9e 18h<\/li>\n<\/ul>\n\n\n\n<h1 class=\"wp-block-heading\">Bilan<\/h1>\n\n\n\n<p>Sur mes quatre compagnons, trois d\u2019entre eux semblent \u00eatre de tr\u00e8s forts grimpeurs, et pour mon plus grand malheur ils n&#8217;ont parl\u00e9 presque exclusivement que de grimpe sur bloc tout le long du week-end. Dur quand on ne fait pas de bloc soit m\u00eame. A voir leur enthousiasme \u00e0 ce sujet, il va peut-\u00eatre falloir que je m&#8217;y mette ? :)<\/p>\n\n\n\n<p>Le projet que nous avons construit pour notre &#8220;plan B&#8221; a suscit\u00e9 l&#8217;int\u00e9r\u00eat de l&#8217;\u00e9quipe, et nombre d&#8217;entre nous projettent de revenir pour le r\u00e9aliser un jour. Et au final, malgr\u00e9 le fait que nous n\u2019ayons pas pu faire le programme ni m\u00eame de l\u2019alpinisme, les quatre nouveaux sont enchant\u00e9s de leur week-end, et pr\u00e9voient de revenir faire d\u2019autres sorties avec nous.&nbsp;Il s&#8217;agit donc d&#8217;un week-end donc r\u00e9ussi malgr\u00e9 tout !<\/p>\n","protected":false},"excerpt":{"rendered":"<p>La section alpinisme a r\u00e9cemment accueilli deux nouveaux co-encadrants, et ce week-end je part avec l&#8217;un d&#8217;entre eux, Benoit G. Notre car est \u00e0 destination de la Vanoise et nous choisissons comme sortie le couloir Matthews \u00e0 la Grande Casse. Il s\u2019agit d&#8217;une course relativement ambitieuse pour une premi\u00e8re sortie ensemble. Nous pr\u00e9voyons d\u2019en faire [&hellip;]<\/p>\n","protected":false},"author":1,"featured_media":15492,"comment_status":"open","ping_status":"open","sticky":false,"template":"","format":"standard","meta":{"_et_pb_use_builder":"","_et_pb_old_content":"","_et_gb_content_width":"","footnotes":""},"categories":[53],"tags":[3,457,464,12,54,788,2882,113],"class_list":["post-15499","post","type-post","status-publish","format-standard","has-post-thumbnail","hentry","category-randonnee-trail","tag-alpinisme","tag-caf","tag-caf-idf","tag-outdoor","tag-randonnee-2","tag-refuge-de-la-gliere","tag-remi-l","tag-vanoise"],"_links":{"self":[{"href":"https:\/\/www.tomroc.com\/blog\/wp-json\/wp\/v2\/posts\/15499","targetHints":{"allow":["GET"]}}],"collection":[{"href":"https:\/\/www.tomroc.com\/blog\/wp-json\/wp\/v2\/posts"}],"about":[{"href":"https:\/\/www.tomroc.com\/blog\/wp-json\/wp\/v2\/types\/post"}],"author":[{"embeddable":true,"href":"https:\/\/www.tomroc.com\/blog\/wp-json\/wp\/v2\/users\/1"}],"replies":[{"embeddable":true,"href":"https:\/\/www.tomroc.com\/blog\/wp-json\/wp\/v2\/comments?post=15499"}],"version-history":[{"count":2,"href":"https:\/\/www.tomroc.com\/blog\/wp-json\/wp\/v2\/posts\/15499\/revisions"}],"predecessor-version":[{"id":278794,"href":"https:\/\/www.tomroc.com\/blog\/wp-json\/wp\/v2\/posts\/15499\/revisions\/278794"}],"wp:featuredmedia":[{"embeddable":true,"href":"https:\/\/www.tomroc.com\/blog\/wp-json\/wp\/v2\/media\/15492"}],"wp:attachment":[{"href":"https:\/\/www.tomroc.com\/blog\/wp-json\/wp\/v2\/media?parent=15499"}],"wp:term":[{"taxonomy":"category","embeddable":true,"href":"https:\/\/www.tomroc.com\/blog\/wp-json\/wp\/v2\/categories?post=15499"},{"taxonomy":"post_tag","embeddable":true,"href":"https:\/\/www.tomroc.com\/blog\/wp-json\/wp\/v2\/tags?post=15499"}],"curies":[{"name":"wp","href":"https:\/\/api.w.org\/{rel}","templated":true}]}}