{"id":1602,"date":"2012-09-22T17:55:18","date_gmt":"2012-09-22T16:55:18","guid":{"rendered":"http:\/\/www.tomroc.com\/blog\/?p=1602"},"modified":"2020-03-04T13:34:03","modified_gmt":"2020-03-04T12:34:03","slug":"alpinisme-a-laiguille-de-la-vanoise","status":"publish","type":"post","link":"https:\/\/www.tomroc.com\/blog\/2012\/09\/alpinisme-a-laiguille-de-la-vanoise\/","title":{"rendered":"Alpinisme \u00e0 l&#8217;Aiguille de la Vanoise"},"content":{"rendered":"<h1>Premier jour: mont\u00e9e au refuge<\/h1>\n<p>Nous r\u00e9alisons samedi la mont\u00e9e au refuge de la Vanoise. Au d\u00e9part \u00e0 16h du parking des Fontanettes (1500m), nous empruntons le GR55 pour arriver au refuge (2500m) \u00e0 18h. Notre mont\u00e9e tardive nous a permis d&#8217;\u00e9viter la pluie. Les sacs sont l\u00e9gers et ce soir ce sera grand luxe en demi pension dortoirs.<\/p>\n<div id=\"attachment_6120\" style=\"width: 970px\" class=\"wp-caption aligncenter\"><a  href=\"https:\/\/www.tomroc.com\/blog\/wp-content\/uploads\/20120922-1633-22.jpg\" data-rel=\"lightbox-gallery-0\" data-rl_title=\"20120922-1633-22.jpg\" data-rl_caption=\"A la mont\u00e9e au col de la Vanoise\" title=\"20120922-1633-22.jpg\"><img loading=\"lazy\" decoding=\"async\" aria-describedby=\"caption-attachment-6120\" class=\"wp-image-6120 size-large\" src=\"https:\/\/www.tomroc.com\/blog\/wp-content\/uploads\/20120922-1633-22-960x720.jpg\" alt=\"A la mont\u00e9e au col de la Vanoise\" width=\"960\" height=\"720\" \/><\/a><p id=\"caption-attachment-6120\" class=\"wp-caption-text\">A la mont\u00e9e au col de la Vanoise<\/p><\/div>\n<div id=\"attachment_6121\" style=\"width: 970px\" class=\"wp-caption aligncenter\"><a  href=\"https:\/\/www.tomroc.com\/blog\/wp-content\/uploads\/20120922-1636-37.jpg\" data-rel=\"lightbox-gallery-0\" data-rl_title=\"20120922-1636-37.jpg\" data-rl_caption=\"Premi\u00e8re apparition de l&#039;Aiguille de la Vanoise, \u00e0 droite de la photo.\" title=\"20120922-1636-37.jpg\"><img loading=\"lazy\" decoding=\"async\" aria-describedby=\"caption-attachment-6121\" class=\"wp-image-6121 size-large\" src=\"https:\/\/www.tomroc.com\/blog\/wp-content\/uploads\/20120922-1636-37-960x720.jpg\" alt=\"Premi\u00e8re apparition de l'Aiguille de la Vanoise, \u00e0 droite de la photo.\" width=\"960\" height=\"720\" \/><\/a><p id=\"caption-attachment-6121\" class=\"wp-caption-text\">Premi\u00e8re apparition de l&#8217;Aiguille de la Vanoise, \u00e0 droite de la photo.<\/p><\/div>\n<div id=\"attachment_6123\" style=\"width: 970px\" class=\"wp-caption aligncenter\"><a  href=\"https:\/\/www.tomroc.com\/blog\/wp-content\/uploads\/20120922-1705-55.jpg\" data-rel=\"lightbox-gallery-0\" data-rl_title=\"20120922-1705-55.jpg\" data-rl_caption=\"La face nord de l&#039;Aiguille\" title=\"20120922-1705-55.jpg\"><img loading=\"lazy\" decoding=\"async\" aria-describedby=\"caption-attachment-6123\" class=\"wp-image-6123 size-large\" src=\"https:\/\/www.tomroc.com\/blog\/wp-content\/uploads\/20120922-1705-55-960x720.jpg\" alt=\"La face nord de l'Aiguille\" width=\"960\" height=\"720\" \/><\/a><p id=\"caption-attachment-6123\" class=\"wp-caption-text\">La face nord de l&#8217;Aiguille<\/p><\/div>\n<h2>Notre parcours<\/h2>\n<p>Le trajet de la mont\u00e9e au refuge par le GR55:<\/p>\n\t\t<div id=\"maps-marker-pro-01c7e27e\" class=\"maps-marker-pro\" style=\"width: 100%;\">\n\t\t\t<div id=\"mmp-map-wrap-01c7e27e\" class=\"mmp-map-wrap\">\n\t\t\t\t\t\t\t\t<div id=\"mmp-map-01c7e27e\" class=\"mmp-map\" style=\"height: 720px;\"><\/div>\n\t\t\t\t\t\t\t\t\t<div id=\"mmp-chart-wrap-01c7e27e\" class=\"mmp-gpx-chart-wrap\" style=\"height: 200px;\"><\/div>\n\t\t\t\t\t\t\t<\/div>\n\t\t\t\t\t<\/div>\n\t\t\n<h1>Deuxi\u00e8me jour: travers\u00e9e des ar\u00eates<\/h1>\n<p>Objectif du jour : <a href=\"https:\/\/www.camptocamp.org\/routes\/54150\/fr\/aiguille-de-la-vanoise-traversee-des-aretes-e-w\">la Travers\u00e9e des Aiguilles de la Vanoise E &#8211; O (AD- 3c&gt;3c II)<\/a><\/p>\n<p class=\"size-large wp-image-6127\">Au d\u00e9part du refuge \u00e0 8h, nous sommes les premiers au pied de la voie et attaquons l&#8217;escalade vers 8h30. Les autres cord\u00e9es bien plus rapides nous doublent et les embouteillages commencent sur le fil de l&#8217;arr\u00eate qui ne permet pas trop les croisements !<\/p>\n<p><a  href=\"https:\/\/www.tomroc.com\/blog\/wp-content\/uploads\/20120923-1157-241.jpg\" data-rel=\"lightbox-gallery-0\" data-rl_title=\"20120923-1157-241.jpg\" data-rl_caption=\"\" title=\"20120923-1157-241.jpg\"><img loading=\"lazy\" decoding=\"async\" class=\"aligncenter size-large wp-image-6115\" src=\"https:\/\/www.tomroc.com\/blog\/wp-content\/uploads\/20120923-1157-241-960x720.jpg\" alt=\"20120923-1157-241.jpg\" width=\"960\" height=\"720\" \/><\/a><\/p>\n<div id=\"attachment_6114\" style=\"width: 970px\" class=\"wp-caption aligncenter\"><a  href=\"https:\/\/www.tomroc.com\/blog\/wp-content\/uploads\/20120923-1115-229.jpg\" data-rel=\"lightbox-gallery-0\" data-rl_title=\"Sur le fil de l&#8217;Aiguille de la Vanoise\" data-rl_caption=\"Vanoise, France\" title=\"Sur le fil de l&#8217;Aiguille de la Vanoise\"><img loading=\"lazy\" decoding=\"async\" aria-describedby=\"caption-attachment-6114\" class=\"wp-image-6114 size-large\" src=\"https:\/\/www.tomroc.com\/blog\/wp-content\/uploads\/20120923-1115-229-960x720.jpg\" alt=\"Sur le fil de l'Aiguille de la Vanoise.\" width=\"960\" height=\"720\" \/><\/a><p id=\"caption-attachment-6114\" class=\"wp-caption-text\">Sur le fil de l&#8217;Aiguille de la Vanoise.<\/p><\/div>\n<div id=\"attachment_6126\" style=\"width: 970px\" class=\"wp-caption aligncenter\"><a  href=\"https:\/\/www.tomroc.com\/blog\/wp-content\/uploads\/20120923-1052-187.jpg\" data-rel=\"lightbox-gallery-0\" data-rl_title=\"20120923-1052-187.jpg\" data-rl_caption=\"Sur le fil de l&#039;Aiguille de la Vanoise.\" title=\"20120923-1052-187.jpg\"><img loading=\"lazy\" decoding=\"async\" aria-describedby=\"caption-attachment-6126\" class=\"wp-image-6126 size-large\" src=\"https:\/\/www.tomroc.com\/blog\/wp-content\/uploads\/20120923-1052-187-960x720.jpg\" alt=\"Sur le fil de l'Aiguille de la Vanoise.\" width=\"960\" height=\"720\" \/><\/a><p id=\"caption-attachment-6126\" class=\"wp-caption-text\">Sur le fil de l&#8217;Aiguille de la Vanoise.<\/p><\/div>\n<p>La deuxi\u00e8me section, en d\u00e9sescalade s&#8217;av\u00e8re plus d\u00e9licate et Sandrine apprend \u00e0 poser des points puisqu&#8217;elle passe alors en t\u00eate.<\/p>\n<div id=\"attachment_6116\" style=\"width: 970px\" class=\"wp-caption aligncenter\"><a  href=\"https:\/\/www.tomroc.com\/blog\/wp-content\/uploads\/20120923-1314-280.jpg\" data-rel=\"lightbox-gallery-0\" data-rl_title=\"20120923-1314-280.jpg\" data-rl_caption=\"D\u00e9sescalade de l&#039;Aiguille.\" title=\"20120923-1314-280.jpg\"><img loading=\"lazy\" decoding=\"async\" aria-describedby=\"caption-attachment-6116\" class=\"wp-image-6116 size-large\" src=\"https:\/\/www.tomroc.com\/blog\/wp-content\/uploads\/20120923-1314-280-960x720.jpg\" alt=\"D\u00e9sescalade de l'Aiguille.\" width=\"960\" height=\"720\" \/><\/a><p id=\"caption-attachment-6116\" class=\"wp-caption-text\">D\u00e9sescalade de l&#8217;Aiguille.<\/p><\/div>\n<div id=\"attachment_6117\" style=\"width: 970px\" class=\"wp-caption aligncenter\"><a  href=\"https:\/\/www.tomroc.com\/blog\/wp-content\/uploads\/20120923-1355-307.jpg\" data-rel=\"lightbox-gallery-0\" data-rl_title=\"20120923-1355-307.jpg\" data-rl_caption=\"D\u00e9sescalade et arriv\u00e9e au rappel de fin.\" title=\"20120923-1355-307.jpg\"><img loading=\"lazy\" decoding=\"async\" aria-describedby=\"caption-attachment-6117\" class=\"wp-image-6117 size-large\" src=\"https:\/\/www.tomroc.com\/blog\/wp-content\/uploads\/20120923-1355-307-960x720.jpg\" alt=\"D\u00e9sescalade et arriv\u00e9e au rappel de fin.\" width=\"960\" height=\"720\" \/><\/a><p id=\"caption-attachment-6117\" class=\"wp-caption-text\">D\u00e9sescalade et arriv\u00e9e au rappel de fin.<\/p><\/div>\n<h2>Plan de situation<\/h2>\n\t\t<div id=\"maps-marker-pro-32e3a293\" class=\"maps-marker-pro\" style=\"width: 100%;\">\n\t\t\t<div id=\"mmp-map-wrap-32e3a293\" class=\"mmp-map-wrap\">\n\t\t\t\t\t\t\t\t<div id=\"mmp-map-32e3a293\" class=\"mmp-map\" style=\"height: 720px;\"><\/div>\n\t\t\t\t\t\t\t\t\t<div id=\"mmp-chart-wrap-32e3a293\" class=\"mmp-gpx-chart-wrap\" style=\"height: 200px;\"><\/div>\n\t\t\t\t\t\t\t<\/div>\n\t\t\t\t\t<\/div>\n\t\t\n<h2>Descente<\/h2>\n<div id=\"attachment_6118\" style=\"width: 970px\" class=\"wp-caption aligncenter\"><a  href=\"https:\/\/www.tomroc.com\/blog\/wp-content\/uploads\/20120923-1539-331.jpg\" data-rel=\"lightbox-gallery-0\" data-rl_title=\"20120923-1539-331.jpg\" data-rl_caption=\"Redescente dans la vall\u00e9e.\" title=\"20120923-1539-331.jpg\"><img loading=\"lazy\" decoding=\"async\" aria-describedby=\"caption-attachment-6118\" class=\"wp-image-6118 size-large\" src=\"https:\/\/www.tomroc.com\/blog\/wp-content\/uploads\/20120923-1539-331-960x720.jpg\" alt=\"Redescente dans la vall\u00e9e.\" width=\"960\" height=\"720\" \/><\/a><p id=\"caption-attachment-6118\" class=\"wp-caption-text\">Redescente dans la vall\u00e9e.<\/p><\/div>\n<div id=\"attachment_6119\" style=\"width: 970px\" class=\"wp-caption aligncenter\"><a  href=\"https:\/\/www.tomroc.com\/blog\/wp-content\/uploads\/20120923-1629-334.jpg\" data-rel=\"lightbox-gallery-0\" data-rl_title=\"Pentes de ski et paturages\" data-rl_caption=\"Vanoise, France\" title=\"Pentes de ski et paturages\"><img loading=\"lazy\" decoding=\"async\" aria-describedby=\"caption-attachment-6119\" class=\"wp-image-6119 size-large\" src=\"https:\/\/www.tomroc.com\/blog\/wp-content\/uploads\/20120923-1629-334-960x720.jpg\" alt=\"Pentes de ski et paturages.\" width=\"960\" height=\"720\" \/><\/a><p id=\"caption-attachment-6119\" class=\"wp-caption-text\">Pentes de ski et paturages.<\/p><\/div>\n<p>Nous finissons la course vers 14h, bons derniers de la premi\u00e8re tourn\u00e9e &#8211; de nombreuses autres cord\u00e9es ont maintenant entam\u00e9 la voie \u00e0 leur tour. Nous n&#8217;avons rien laiss\u00e9 au refuge, toutes nos affaires sont sur le dos, alors nous attaquons directement la descente par l&#8217;autre sentier du c\u00f4t\u00e9 du lac des Assiettes.<\/p>\n<p>En r\u00e9sum\u00e9 de ce week-end, du soleil au bon moment, un cadre magnifique et une course int\u00e9ressante. Que du bonheur !<\/p>\n","protected":false},"excerpt":{"rendered":"<p>La Travers\u00e9e des Aiguilles de la Vanoise (AD- 3c>3c II) en couple avec Sandrine sur un week-end<\/p>\n","protected":false},"author":1,"featured_media":6112,"comment_status":"open","ping_status":"open","sticky":false,"template":"","format":"standard","meta":{"_et_pb_use_builder":"","_et_pb_old_content":"","_et_gb_content_width":"","footnotes":""},"categories":[38,39],"tags":[3,12,664,112,624,113],"class_list":["post-1602","post","type-post","status-publish","format-standard","has-post-thumbnail","hentry","category-alpinisme","category-escalade","tag-alpinisme","tag-outdoor","tag-refuge-du-col-de-la-vanoise","tag-rocher","tag-sandrine-p","tag-vanoise"],"_links":{"self":[{"href":"https:\/\/www.tomroc.com\/blog\/wp-json\/wp\/v2\/posts\/1602","targetHints":{"allow":["GET"]}}],"collection":[{"href":"https:\/\/www.tomroc.com\/blog\/wp-json\/wp\/v2\/posts"}],"about":[{"href":"https:\/\/www.tomroc.com\/blog\/wp-json\/wp\/v2\/types\/post"}],"author":[{"embeddable":true,"href":"https:\/\/www.tomroc.com\/blog\/wp-json\/wp\/v2\/users\/1"}],"replies":[{"embeddable":true,"href":"https:\/\/www.tomroc.com\/blog\/wp-json\/wp\/v2\/comments?post=1602"}],"version-history":[{"count":0,"href":"https:\/\/www.tomroc.com\/blog\/wp-json\/wp\/v2\/posts\/1602\/revisions"}],"wp:featuredmedia":[{"embeddable":true,"href":"https:\/\/www.tomroc.com\/blog\/wp-json\/wp\/v2\/media\/6112"}],"wp:attachment":[{"href":"https:\/\/www.tomroc.com\/blog\/wp-json\/wp\/v2\/media?parent=1602"}],"wp:term":[{"taxonomy":"category","embeddable":true,"href":"https:\/\/www.tomroc.com\/blog\/wp-json\/wp\/v2\/categories?post=1602"},{"taxonomy":"post_tag","embeddable":true,"href":"https:\/\/www.tomroc.com\/blog\/wp-json\/wp\/v2\/tags?post=1602"}],"curies":[{"name":"wp","href":"https:\/\/api.w.org\/{rel}","templated":true}]}}