{"id":17080,"date":"2017-12-26T12:02:06","date_gmt":"2017-12-26T11:02:06","guid":{"rendered":"https:\/\/www.tomroc.com\/blog\/?p=17080"},"modified":"2020-02-11T19:31:02","modified_gmt":"2020-02-11T18:31:02","slug":"raid-raquettes-en-cerdagne","status":"publish","type":"post","link":"https:\/\/www.tomroc.com\/blog\/2017\/12\/raid-raquettes-en-cerdagne\/","title":{"rendered":"Raid raquettes en Cerdagne"},"content":{"rendered":"<p>J&#8217;avais s\u00e9lectionn\u00e9 le Val d&#8217;Aran comme r\u00e9gion pour l&#8217;habituel raid raquettes de fin d&#8217;ann\u00e9e, mais les conditions m\u00e9t\u00e9o me poussent \u00e0 chercher une alternative. En parcourant la carte des Pyr\u00e9n\u00e9es, la Cerdagne et plus pr\u00e9cis\u00e9ment la zone autours du Pic Carlit me semblent parfait. Nous n&#8217;y sommes jamais all\u00e9s, et il me semble possible d&#8217;y trouver des itin\u00e9raires qui ne soient pas trop expos\u00e9s aux avalanches. Et cela tombe bien puisque lorsque j&#8217;appelle Lionel pour lui en parler, il se trouve justement avec Lucien, un coll\u00e8gue et ami dont la maison familiale fait face au Pic Carlit.<\/p>\n<p>Sandrine et moi faisons le trajet depuis Limoges o\u00f9 nous avons pass\u00e9 No\u00ebl et allons retrouver Lionel \u00e0 Toulouse. De l\u00e0, nous reprenons la route pour Nahuja. La famille de Lucien nous y accueille en toute simplicit\u00e9 et avec beaucoup de gentillesse. Lors de l&#8217;ap\u00e9ritif j&#8217;expose notre projet d&#8217;itin\u00e9raire au p\u00e8re qui para\u00eet exp\u00e9riment\u00e9 et connait le coin comme sa poche.&nbsp;Voici l&#8217;itin\u00e9raire initialement pr\u00e9vu jour par jour:<\/p>\n<ul>\n<li>D\u00e9part du col de Puymorens, passage par le col de Portella de la Coma d&#8217;en Garcia&nbsp;et nuit \u00e0 la cabane des B\u00e9sines.<\/li>\n<li>Passage par le col de Coma d&#8217;Anyell, descente au lac de Lanoux, mont\u00e9e au col de Portella de la Grava, travers\u00e9e du vallon de la Grava pour arriver au lac des Bouillouse, et rejoindre la cabane de la Balmeta par un petit crochet vers le nord est.<\/li>\n<li>En rejoignant le lac des Bouillouse et le longeant c\u00f4t\u00e9 ouest, mont\u00e9e dans la r\u00e9gion des lacs et passer \u00e0 l&#8217;Estany Sec, puis louvoyer vers le sud ouest pour rejoindre le lac d&#8217;altitude Estany de Coll Roig et son petit abri.<\/li>\n<li>Depuis l&#8217;abri de Coll Roig, nous devions redescendre vers Bena, ou tenter de traverser \u00e0 flanc sur le GR pour rentrer vers Puymorens. La jonction n&#8217;\u00e9tant pas assur\u00e9e, une aide ext\u00e9rieure permettant \u00e0 d\u00e9faut de faire les derniers kilom\u00e8tres sur route.<\/li>\n<\/ul>\n<h1>1er jour<\/h1>\n<p>Nous laissons la voiture au col de Puymorens, et partons \u00e0 11h30 sous un ciel assez b\u00e2ch\u00e9. Tandis que nous remontons le fond du vallon, le ciel se d\u00e9gage peu \u00e0 peu.<\/p>\n<p><a  href=\"https:\/\/www.tomroc.com\/blog\/wp-content\/uploads\/20171226-1219-16.jpg\" data-rel=\"lightbox-gallery-0\" data-rl_title=\"20171226-1219-16.jpg\" data-rl_caption=\"\" title=\"20171226-1219-16.jpg\"><img loading=\"lazy\" decoding=\"async\" class=\"aligncenter size-large wp-image-17348\" src=\"https:\/\/www.tomroc.com\/blog\/wp-content\/uploads\/20171226-1219-16-960x720.jpg\" alt=\"\" width=\"960\" height=\"720\"><\/a><\/p>\n<p><a  href=\"https:\/\/www.tomroc.com\/blog\/wp-content\/uploads\/20171226-1244-20.jpg\" data-rel=\"lightbox-gallery-0\" data-rl_title=\"20171226-1244-20.jpg\" data-rl_caption=\"\" title=\"20171226-1244-20.jpg\"><img loading=\"lazy\" decoding=\"async\" class=\"aligncenter size-large wp-image-17349\" src=\"https:\/\/www.tomroc.com\/blog\/wp-content\/uploads\/20171226-1244-20-960x720.jpg\" alt=\"\" width=\"960\" height=\"720\"><\/a><\/p>\n<p>Peu apr\u00e8s le col, nous apercevons d\u00e9j\u00e0 au loin le refuge des B\u00e9sines, proche de notre destination. Sur le trajet nous passons par le refuge de Claude Tudon, sans y entrer. Nous d\u00e9couvrons des &#8220;stalactites&#8221; avec d&#8217;entonnantes formes qui pendent depuis le toit.<\/p>\n<p><a  href=\"https:\/\/www.tomroc.com\/blog\/wp-content\/uploads\/20171226-1423-56.jpg\" data-rel=\"lightbox-gallery-0\" data-rl_title=\"20171226-1423-56.jpg\" data-rl_caption=\"\" title=\"20171226-1423-56.jpg\"><img loading=\"lazy\" decoding=\"async\" class=\"aligncenter size-large wp-image-17351\" src=\"https:\/\/www.tomroc.com\/blog\/wp-content\/uploads\/20171226-1423-56-960x720.jpg\" alt=\"\" width=\"960\" height=\"720\"><\/a><\/p>\n<p>Nous posons pied non loin du lac et atteignons la sympathique cabane de B\u00e9sines o\u00f9 nous passerons la nuit.<\/p>\n<p><a  href=\"https:\/\/www.tomroc.com\/blog\/wp-content\/uploads\/20171226-1447-66.jpg\" data-rel=\"lightbox-gallery-0\" data-rl_title=\"20171226-1447-66.jpg\" data-rl_caption=\"\" title=\"20171226-1447-66.jpg\"><img loading=\"lazy\" decoding=\"async\" class=\"aligncenter size-large wp-image-17352\" src=\"https:\/\/www.tomroc.com\/blog\/wp-content\/uploads\/20171226-1447-66-960x720.jpg\" alt=\"\" width=\"960\" height=\"720\"><\/a><\/p>\n<p>La cabane comporte une belle chemin\u00e9e, deux matelas et un lit de camp, c&#8217;est grand luxe. Nous partons &nbsp;chercher du bois mort dans les pentes alentours avant la tomb\u00e9e de la nuit. Nous r\u00e9ussissons \u00e0 en ramasser suffisamment pour profiter d&#8217;un beau feu toute la soir\u00e9e, et laisser du bois pour les suivants.<\/p>\n<h2>Notre parcours<\/h2>\n\t\t<div id=\"maps-marker-pro-602ab2bd\" class=\"maps-marker-pro\" style=\"width: 100%;\">\n\t\t\t<div id=\"mmp-map-wrap-602ab2bd\" class=\"mmp-map-wrap\">\n\t\t\t\t\t\t\t\t<div id=\"mmp-map-602ab2bd\" class=\"mmp-map\" style=\"height: 720px;\"><\/div>\n\t\t\t\t\t\t\t\t\t<div id=\"mmp-chart-wrap-602ab2bd\" class=\"mmp-gpx-chart-wrap\" style=\"height: 200px;\"><\/div>\n\t\t\t\t\t\t\t<\/div>\n\t\t\t\t\t<\/div>\n\t\t\n<ul>\n<li>Distance (km) : 8,4<\/li>\n<li>D\u00e9nivel\u00e9 (m) : +630 -580<\/li>\n<li>Altitudes (m) : mini 1920, maxi 2540<\/li>\n<li>Horaires : d\u00e9part 11h27, arriv\u00e9e 14h52<\/li>\n<\/ul>\n<p>&nbsp;<\/p>\n<h1>2\u00e8me jour<\/h1>\n<p>Nous nous levons \u00e0 7h et sommes au d\u00e9part \u00e0 8h30. Une dizaine de centim\u00e8tre de neige s&#8217;est d\u00e9pos\u00e9e durant la nuit. Nous d\u00e9marrons par un crochet au refuge de B\u00e9sines. Le refuge comporte des lits et une table, mais pas de chemin\u00e9e ni po\u00eale, alors nous ne regrettons&nbsp;pas notre choix de la cabane du lac. Tandis que nous remontons le vallon en direction du col de Coma d&#8217;Anyell, la neige tombe et le vent se l\u00e8ve.<\/p>\n<p><a  href=\"https:\/\/www.tomroc.com\/blog\/wp-content\/uploads\/20171227-1048-144.jpg\" data-rel=\"lightbox-gallery-0\" data-rl_title=\"20171227-1048-144.jpg\" data-rl_caption=\"\" title=\"20171227-1048-144.jpg\"><img loading=\"lazy\" decoding=\"async\" class=\"aligncenter size-large wp-image-17353\" src=\"https:\/\/www.tomroc.com\/blog\/wp-content\/uploads\/20171227-1048-144-960x720.jpg\" alt=\"\" width=\"960\" height=\"720\"><\/a><\/p>\n<p>Le passage du col est particuli\u00e8rement rude, nous sommes maintenant dans le brouillard et la force du vent nous d\u00e9stabilise. Dans le jour blanc et avec tr\u00e8s peu de rep\u00e8res visuels, nous nous alignons, restons proches, et je tire l&#8217;azimut gr\u00e2ce au GPS bien utile dans ce type de situation. Nous avan\u00e7ons pas \u00e0 pas, \u00e0 vitesse d&#8217;escargot, et je tente de naviguer au mieux pour \u00e9viter les pentes les plus fortes. Apr\u00e8s notre retour nous sommes all\u00e9 v\u00e9rifier, et voil\u00e0 ce qu&#8217;annon\u00e7ait la m\u00e9t\u00e9o pour notre zone:<\/p>\n<p><a  href=\"https:\/\/www.tomroc.com\/blog\/wp-content\/uploads\/ventusky.jpg\" data-rel=\"lightbox-gallery-0\" data-rl_title=\"Ventusky.jpg\" data-rl_caption=\"\" title=\"Ventusky.jpg\"><img loading=\"lazy\" decoding=\"async\" class=\"aligncenter size-large wp-image-17379\" src=\"https:\/\/www.tomroc.com\/blog\/wp-content\/uploads\/ventusky-960x696.jpg\" alt=\"\" width=\"960\" height=\"696\"><\/a><\/p>\n<p>Nous arrivons enfin \u00e0 vue d&#8217;une masse sombre au loin, nous devinons maintenant le lac de Lanoux au loin et l&#8217;atteignons vers 12h30 environ. Nous d\u00e9cidons d&#8217;aller rejoindre la cabane de Rouzet, o\u00f9 nous nous mettons \u00e0 l&#8217;abri pour faire le point et manger.<\/p>\n<p><a  href=\"https:\/\/www.tomroc.com\/blog\/wp-content\/uploads\/20171227-1247-153.jpg\" data-rel=\"lightbox-gallery-0\" data-rl_title=\"20171227-1247-153.jpg\" data-rl_caption=\"\" title=\"20171227-1247-153.jpg\"><img loading=\"lazy\" decoding=\"async\" class=\"aligncenter size-large wp-image-17354\" src=\"https:\/\/www.tomroc.com\/blog\/wp-content\/uploads\/20171227-1247-153-960x720.jpg\" alt=\"\" width=\"960\" height=\"720\"><\/a><\/p>\n<p>Il est illusoire d&#8217;esp\u00e9rer finir l&#8217;itin\u00e9raire pr\u00e9vu, et m\u00eame dangereux de s&#8217;y engager compte tenu de la quantit\u00e9 de neige fraiche tomb\u00e9e, des conditions&nbsp;m\u00e9t\u00e9o et de l&#8217;horaire. Alors nous devons remettre compl\u00e8tement en question le trajet pr\u00e9vu, et je propose de finir la journ\u00e9e dans un abri que j&#8217;avais rep\u00e9r\u00e9 en plan de secours lors de la pr\u00e9paration de l&#8217;itin\u00e9raire. Nous viserons donc d\u00e9sormais la maison des ing\u00e9nieurs du lac Lanoux, situ\u00e9e \u00e0 son extr\u00e9mit\u00e9 sud. Le contournement du lac par son flanc est nous expose \u00e0 un vent violent et continu, certaines rafales nous imposant de nous arr\u00eater et nous stabiliser pour \u00e9viter d&#8217;\u00eatre jet\u00e9s \u00e0 terre.<\/p>\n<p><a  href=\"https:\/\/www.tomroc.com\/blog\/wp-content\/uploads\/20171227-1446-168.jpg\" data-rel=\"lightbox-gallery-0\" data-rl_title=\"20171227-1446-168.jpg\" data-rl_caption=\"\" title=\"20171227-1446-168.jpg\"><img loading=\"lazy\" decoding=\"async\" class=\"aligncenter size-large wp-image-17355\" src=\"https:\/\/www.tomroc.com\/blog\/wp-content\/uploads\/20171227-1446-168-960x720.jpg\" alt=\"\" width=\"960\" height=\"720\"><\/a><\/p>\n<p>Nous arrivons dans la zone sud est du lac, qui s&#8217;av\u00e8re tr\u00e8s tortur\u00e9e et pleine de barres qu&#8217;il nous faut r\u00e9ussir \u00e0 contourner. Finalement nous prenons le parti de tenter de suivre l&#8217;itin\u00e9raire de GR qui permettra de trouver les chemins de passage.<\/p>\n<p>Par erreur de lecture d&#8217;itin\u00e9raire nous descendons un couloir qui nous am\u00e8ne jusqu&#8217;\u00e0 la rive du lac, et regardons s&#8217;il n&#8217;y a pas moyen de contourner. Mais non, vraiment pas, la surface du lac n&#8217;est pas suffisamment gel\u00e9e pour esp\u00e9rer passer sans trop de risque.<\/p>\n<p><a  href=\"https:\/\/www.tomroc.com\/blog\/wp-content\/uploads\/20171227-1622-191.jpg\" data-rel=\"lightbox-gallery-0\" data-rl_title=\"20171227-1622-191.jpg\" data-rl_caption=\"\" title=\"20171227-1622-191.jpg\"><img loading=\"lazy\" decoding=\"async\" class=\"aligncenter size-large wp-image-17356\" src=\"https:\/\/www.tomroc.com\/blog\/wp-content\/uploads\/20171227-1622-191-960x720.jpg\" alt=\"\" width=\"960\" height=\"720\"><\/a><\/p>\n<p><a  href=\"https:\/\/www.tomroc.com\/blog\/wp-content\/uploads\/20171227-1623-195.jpg\" data-rel=\"lightbox-gallery-0\" data-rl_title=\"20171227-1623-195.jpg\" data-rl_caption=\"\" title=\"20171227-1623-195.jpg\"><img loading=\"lazy\" decoding=\"async\" class=\"aligncenter size-large wp-image-17357\" src=\"https:\/\/www.tomroc.com\/blog\/wp-content\/uploads\/20171227-1623-195-960x720.jpg\" alt=\"\" width=\"960\" height=\"720\"><\/a>C&#8217;est vers 18h \u00e0 la nuit tomb\u00e9e que nous rejoignons finalement notre destination de repli. Nous d\u00e9gageons la neige de la porte et trouvons l&#8217;abri tel qu&#8217;escompt\u00e9: 12 places dans des lits superpos\u00e9s, une table et deux chaises. Cela fera bien l&#8217;affaire apr\u00e8s la journ\u00e9e que nous venons de conna\u00eetre.<\/p>\n<p>La d\u00e9cision s&#8217;impose d&#8217;elle-m\u00eame : puisqu&#8217;il continue de neiger sans interruption et que nous sommes maintenant bien trop en retard pour esp\u00e9rer boucler le tour par le lac des Bouillouses, il nous faut changer les plans. Nous finirons donc notre boucle en trois jours, en revenant \u00e0 Port\u00e9 Puymorens par le vallon au sud du Puig de Font Viva.<\/p>\n<h2>Notre parcours<\/h2>\n\t\t<div id=\"maps-marker-pro-4541a387\" class=\"maps-marker-pro\" style=\"width: 100%;\">\n\t\t\t<div id=\"mmp-map-wrap-4541a387\" class=\"mmp-map-wrap\">\n\t\t\t\t\t\t\t\t<div id=\"mmp-map-4541a387\" class=\"mmp-map\" style=\"height: 720px;\"><\/div>\n\t\t\t\t\t\t\t\t\t<div id=\"mmp-chart-wrap-4541a387\" class=\"mmp-gpx-chart-wrap\" style=\"height: 200px;\"><\/div>\n\t\t\t\t\t\t\t<\/div>\n\t\t\t\t\t<\/div>\n\t\t\n<ul>\n<li>Distance (km) : 14<\/li>\n<li>D\u00e9nivel\u00e9 (m) : +920 -820<\/li>\n<li>Altitudes (m) : mini 1980, maxi 2470<\/li>\n<li>Horaires: d\u00e9part 8h36, arriv\u00e9e 17h57<\/li>\n<\/ul>\n<p>&nbsp;<\/p>\n<h1>3\u00e8me jour<\/h1>\n<p>Au lever \u00e0 7h nous constatons que 30 cm de neige se sont encore d\u00e9pos\u00e9 durant la nuit.<\/p>\n<p><a  href=\"https:\/\/www.tomroc.com\/blog\/wp-content\/uploads\/20171228-0905-223.jpg\" data-rel=\"lightbox-gallery-0\" data-rl_title=\"20171228-0905-223.jpg\" data-rl_caption=\"\" title=\"20171228-0905-223.jpg\"><img loading=\"lazy\" decoding=\"async\" class=\"aligncenter size-large wp-image-17358\" src=\"https:\/\/www.tomroc.com\/blog\/wp-content\/uploads\/20171228-0905-223-960x720.jpg\" alt=\"\" width=\"960\" height=\"720\"><\/a><\/p>\n<p>Nous prenons le d\u00e9part \u00e0 9h, et compte tenu de la nature du terrain nous prenons pour strat\u00e9gie de tenter de rester sur l&#8217;itin\u00e9raire du PR. L&#8217;\u00e9paisseur de neige fra\u00eeche nous ralentit fortement et nous prenons alternativement la t\u00eate pour faire la trace.<\/p>\n<p><a  href=\"https:\/\/www.tomroc.com\/blog\/wp-content\/uploads\/20171228-1027-248.jpg\" data-rel=\"lightbox-gallery-0\" data-rl_title=\"20171228-1027-248.jpg\" data-rl_caption=\"\" title=\"20171228-1027-248.jpg\"><img loading=\"lazy\" decoding=\"async\" class=\"aligncenter size-large wp-image-17359\" src=\"https:\/\/www.tomroc.com\/blog\/wp-content\/uploads\/20171228-1027-248-960x720.jpg\" alt=\"\" width=\"960\" height=\"720\"><\/a><\/p>\n<p>Nous croisons r\u00e9guli\u00e8rement des traces d&#8217;animaux dans la neige, et tombons presque nez \u00e0 nez avec ce qui \u00e9tait peut \u00eatre un izard.<\/p>\n<p><a  href=\"https:\/\/www.tomroc.com\/blog\/wp-content\/uploads\/20171228-1034-249.jpg\" data-rel=\"lightbox-gallery-0\" data-rl_title=\"20171228-1034-249.jpg\" data-rl_caption=\"\" title=\"20171228-1034-249.jpg\"><img loading=\"lazy\" decoding=\"async\" class=\"aligncenter size-large wp-image-17360\" src=\"https:\/\/www.tomroc.com\/blog\/wp-content\/uploads\/20171228-1034-249-960x720.jpg\" alt=\"\" width=\"960\" height=\"720\"><\/a><\/p>\n<p>Hormis quelques couloirs d&#8217;avalanche que nous franchissons rapidement, nous progressons lentement mais s\u00fbrement.&nbsp;Nous atteignons la cabane de Coma Juan vers 11h, et vu ce qu&#8217;il reste comme distance nous nous doutons d\u00e9j\u00e0 que nous arriverons tardivement.<\/p>\n<p>Lionel parvient \u00e0 nous maintenir sur l&#8217;itin\u00e9raire et la&nbsp;suite du parcours s&#8217;effectue sans difficult\u00e9 si ce n&#8217;est la quantit\u00e9 de neige qui nous ralentit toujours. Arriv\u00e9s \u00e0 Puymorens, nous franchissons le village, et rattrapons le GR 107 qui nous permet de remonter jusqu&#8217;au col, notre point de d\u00e9part. Nous retrouvons la voiture bloqu\u00e9e par la neige, l\u00e0 encore les pelles s&#8217;av\u00e8rent tr\u00e8s utiles.<\/p>\n<p><a  href=\"https:\/\/www.tomroc.com\/blog\/wp-content\/uploads\/20171228-1121-294.jpg\" data-rel=\"lightbox-gallery-0\" data-rl_title=\"20171228-1121-294.jpg\" data-rl_caption=\"\" title=\"20171228-1121-294.jpg\"><img loading=\"lazy\" decoding=\"async\" class=\"aligncenter size-large wp-image-17361\" src=\"https:\/\/www.tomroc.com\/blog\/wp-content\/uploads\/20171228-1121-294-960x720.jpg\" alt=\"\" width=\"960\" height=\"720\"><\/a><\/p>\n<p>Au retour, Sandrine nous fait une petite frayeur en faisant une petite erreur de pilotage sur neige, sans pneus neige, et nous faisons un &#8220;tout droit&#8221; en finissant sur le s\u00e9parateur central, sans aucune casse heureusement.<\/p>\n<p>Les parents de Lucien sont heureux de nous voir revenir et nous accueillent \u00e0 nouveau \u00e0 leur table et \u00e0 dormir chez eux ce soir l\u00e0. Nous partageons ensemble autours de notre passion commune de la montagne.<\/p>\n<h2>Notre parcours<\/h2>\n\t\t<div id=\"maps-marker-pro-61cdb37e\" class=\"maps-marker-pro\" style=\"width: 100%;\">\n\t\t\t<div id=\"mmp-map-wrap-61cdb37e\" class=\"mmp-map-wrap\">\n\t\t\t\t\t\t\t\t<div id=\"mmp-map-61cdb37e\" class=\"mmp-map\" style=\"height: 720px;\"><\/div>\n\t\t\t\t\t\t\t\t\t<div id=\"mmp-chart-wrap-61cdb37e\" class=\"mmp-gpx-chart-wrap\" style=\"height: 200px;\"><\/div>\n\t\t\t\t\t\t\t<\/div>\n\t\t\t\t\t<\/div>\n\t\t\n<ul>\n<li>Distance (km) : 12,2<\/li>\n<li>D\u00e9nivel\u00e9 (m) : +385 -610<\/li>\n<li>Altitudes (m) : mini 1610, maxi 2140<\/li>\n<li>Horaires: d\u00e9part 8h59, arriv\u00e9e 16h25<\/li>\n<\/ul>\n<h1>Notre parcours complet<\/h1>\n\t\t<div id=\"maps-marker-pro-e5e7609f\" class=\"maps-marker-pro\" style=\"width: 100%;\">\n\t\t\t<div id=\"mmp-map-wrap-e5e7609f\" class=\"mmp-map-wrap\">\n\t\t\t\t\t\t\t\t<div id=\"mmp-map-e5e7609f\" class=\"mmp-map\" style=\"height: 720px;\"><\/div>\n\t\t\t\t\t\t\t\t\t<div id=\"mmp-chart-wrap-e5e7609f\" class=\"mmp-gpx-chart-wrap\" style=\"height: 200px;\"><\/div>\n\t\t\t\t\t\t\t<\/div>\n\t\t\t\t\t<\/div>\n\t\t\n","protected":false},"excerpt":{"rendered":"<p>J&#8217;avais s\u00e9lectionn\u00e9 le Val d&#8217;Aran comme r\u00e9gion pour l&#8217;habituel raid raquettes de fin d&#8217;ann\u00e9e, mais les conditions m\u00e9t\u00e9o me poussent \u00e0 chercher une alternative. En parcourant la carte des Pyr\u00e9n\u00e9es, la Cerdagne et plus pr\u00e9cis\u00e9ment la zone autours du Pic Carlit me semblent parfait. Nous n&#8217;y sommes jamais all\u00e9s, et il me semble possible d&#8217;y [&hellip;]<\/p>\n","protected":false},"author":1,"featured_media":17355,"comment_status":"open","ping_status":"open","sticky":false,"template":"","format":"standard","meta":{"_et_pb_use_builder":"","_et_pb_old_content":"","_et_gb_content_width":"","footnotes":""},"categories":[119],"tags":[816,814,812,623,815,12,59,624,2857],"class_list":["post-17080","post","type-post","status-publish","format-standard","has-post-thumbnail","hentry","category-raquettes","tag-cabane-de-rouzet","tag-cabane-des-besines","tag-cerdagne","tag-lionel-m","tag-maison-des-ingenieurs-du-lanoux","tag-outdoor","tag-pyrenees","tag-sandrine-p","tag-sur-plusieurs-jours"],"_links":{"self":[{"href":"https:\/\/www.tomroc.com\/blog\/wp-json\/wp\/v2\/posts\/17080","targetHints":{"allow":["GET"]}}],"collection":[{"href":"https:\/\/www.tomroc.com\/blog\/wp-json\/wp\/v2\/posts"}],"about":[{"href":"https:\/\/www.tomroc.com\/blog\/wp-json\/wp\/v2\/types\/post"}],"author":[{"embeddable":true,"href":"https:\/\/www.tomroc.com\/blog\/wp-json\/wp\/v2\/users\/1"}],"replies":[{"embeddable":true,"href":"https:\/\/www.tomroc.com\/blog\/wp-json\/wp\/v2\/comments?post=17080"}],"version-history":[{"count":1,"href":"https:\/\/www.tomroc.com\/blog\/wp-json\/wp\/v2\/posts\/17080\/revisions"}],"predecessor-version":[{"id":278035,"href":"https:\/\/www.tomroc.com\/blog\/wp-json\/wp\/v2\/posts\/17080\/revisions\/278035"}],"wp:featuredmedia":[{"embeddable":true,"href":"https:\/\/www.tomroc.com\/blog\/wp-json\/wp\/v2\/media\/17355"}],"wp:attachment":[{"href":"https:\/\/www.tomroc.com\/blog\/wp-json\/wp\/v2\/media?parent=17080"}],"wp:term":[{"taxonomy":"category","embeddable":true,"href":"https:\/\/www.tomroc.com\/blog\/wp-json\/wp\/v2\/categories?post=17080"},{"taxonomy":"post_tag","embeddable":true,"href":"https:\/\/www.tomroc.com\/blog\/wp-json\/wp\/v2\/tags?post=17080"}],"curies":[{"name":"wp","href":"https:\/\/api.w.org\/{rel}","templated":true}]}}