{"id":17854,"date":"2018-03-17T18:41:42","date_gmt":"2018-03-17T17:41:42","guid":{"rendered":"https:\/\/www.tomroc.com\/blog\/?p=17854"},"modified":"2019-05-04T20:24:28","modified_gmt":"2019-05-04T19:24:28","slug":"ski-de-randonnee-dans-le-devoluy","status":"publish","type":"post","link":"https:\/\/www.tomroc.com\/blog\/2018\/03\/ski-de-randonnee-dans-le-devoluy\/","title":{"rendered":"Ski de randonn\u00e9e dans le D\u00e9voluy"},"content":{"rendered":"<p>J&#8217;encadre ma troisi\u00e8me sortie de ski de randonn\u00e9e avec le Club Alpin Fran\u00e7ais IDF de la saison, dans le car \u00e0 destination du D\u00e9voluy. Beno\u00eet M. et moi sommes aux commandes, et nous avons quatre participants : Sylvaine B., Patrice M., Yann L. et Sandrine.<\/p>\n<h1>Samedi : ski de randonn\u00e9e en station<\/h1>\n<p>Le car arrive tardivement sur place, et nous&nbsp;nous faisons d\u00e9poser au village Le Collet vers 8h. Nous sommes log\u00e9s dans un g\u00eete en gestion libre, le g\u00eete de la Ruche.&nbsp;Yann \u00e9tait sur place pour cause professionnelle et nous a donc directement rejoint en voiture. Apr\u00e8s le petit d\u00e9jeune nous faisons le point sur la situation m\u00e9t\u00e9orologique. Le ciel est tr\u00e8s couvert et la visibilit\u00e9 mauvaise, il neige \u00e0 gros flocons et le risque avalanche est de 4 sur 5. Nous estimons que c&#8217;est trop dangereux pour aller faire une course en montagne alors nous d\u00e9cidons d&#8217;assurer la s\u00e9curit\u00e9 en allant nous d\u00e9gourdir les jambes dans un circuit de la station du Super Devoluy. Gr\u00e2ce \u00e0 la voiture de Yann, nous organisons deux navettes pour d\u00e9poser tout le monde \u00e0 la station.<\/p>\n<p>Il s&#8217;av\u00e8re que ce circuit n&#8217;est pas si d\u00e9sagr\u00e9able que \u00e7a puisque nous \u00e9voluons en s\u00e9curit\u00e9, globalement plut\u00f4t \u00e0 l&#8217;\u00e9cart des pistes, entre les sapins.<\/p>\n<p><a  href=\"https:\/\/www.tomroc.com\/blog\/wp-content\/uploads\/20180317-1130-7.jpg\" data-rel=\"lightbox-gallery-0\" data-rl_title=\"20180317-1130-7.jpg\" data-rl_caption=\"\" title=\"20180317-1130-7.jpg\"><img loading=\"lazy\" decoding=\"async\" class=\"aligncenter size-large wp-image-17860\" src=\"https:\/\/www.tomroc.com\/blog\/wp-content\/uploads\/20180317-1130-7-960x720.jpg\" alt=\"\" width=\"960\" height=\"720\"><\/a>Il est tr\u00e8s balis\u00e9 et nous n&#8217;aurons aucun enjeu d&#8217;orientation, \u00e7a c&#8217;est s\u00fbr.<\/p>\n<p><a  href=\"https:\/\/www.tomroc.com\/blog\/wp-content\/uploads\/20180317-1217-15.jpg\" data-rel=\"lightbox-gallery-0\" data-rl_title=\"20180317-1217-15.jpg\" data-rl_caption=\"\" title=\"20180317-1217-15.jpg\"><img loading=\"lazy\" decoding=\"async\" class=\"alignnone wp-image-17861 size-thumbnail\" src=\"https:\/\/www.tomroc.com\/blog\/wp-content\/uploads\/20180317-1217-15-150x150.jpg\" alt=\"\" width=\"150\" height=\"150\"><\/a> <a  href=\"https:\/\/www.tomroc.com\/blog\/wp-content\/uploads\/20180317-1219-16.jpg\" data-rel=\"lightbox-gallery-0\" data-rl_title=\"20180317-1219-16.jpg\" data-rl_caption=\"\" title=\"20180317-1219-16.jpg\"><img loading=\"lazy\" decoding=\"async\" class=\"alignnone wp-image-17862 size-thumbnail\" src=\"https:\/\/www.tomroc.com\/blog\/wp-content\/uploads\/20180317-1219-16-150x150.jpg\" alt=\"\" width=\"150\" height=\"150\"><\/a> <a  href=\"https:\/\/www.tomroc.com\/blog\/wp-content\/uploads\/20180317-1252-18.jpg\" data-rel=\"lightbox-gallery-0\" data-rl_title=\"Attention d\u00e9colage\" data-rl_caption=\"\" title=\"Attention d\u00e9colage\"><img loading=\"lazy\" decoding=\"async\" class=\"alignnone wp-image-17863 size-thumbnail\" src=\"https:\/\/www.tomroc.com\/blog\/wp-content\/uploads\/20180317-1252-18-150x150.jpg\" alt=\"\" width=\"150\" height=\"150\"><\/a><\/p>\n<p>Nous rejoignons un restaurant sur les pistes non loin de la piste de l&#8217;altiport &#8211; d&#8217;o\u00f9 la pancarte d&#8217;avion dans la neige. Nous y retrouvons une bonne partie du reste du groupe. Apr\u00e8s une premi\u00e8re descente jusque la station, nous reprenons un second itin\u00e9raire de mont\u00e9e. Pour la plupart d&#8217;entre nous les peaux sont maintenant humides et nous avons de gros patins de neige qui se sont form\u00e9s, cela fait les cuisses lorsque l&#8217;on pousse autant de neige aux pieds. Au final, nous avons sauv\u00e9 la journ\u00e9e et tout le monde est content.<\/p>\n<p>Le soir au g\u00eete, nous prenons l&#8217;ap\u00e9ritif et je pense que ce sera l&#8217;un des plus &#8216;charg\u00e9s&#8217; que j&#8217;ai jamais fait en montagne. D&#8217;ailleurs nous n&#8217;arriverons pas \u00e0 finir toutes les bouteilles et bi\u00e8re et vin. En effet, sur l&#8217;id\u00e9e de Benoit, chacun d&#8217;entre nous avait ramen\u00e9 un composant du repas mais aussi \u00e0 boire, et c&#8217;est un total assez impressionnant de bouteilles que nous avons \u00e0 notre disposition pour la soir\u00e9e.<\/p>\n<h2>Notre parcours<\/h2>\n\t\t<div id=\"maps-marker-pro-041755fb\" class=\"maps-marker-pro\" style=\"width: 100%;\">\n\t\t\t<div id=\"mmp-map-wrap-041755fb\" class=\"mmp-map-wrap\">\n\t\t\t\t\t\t\t\t<div id=\"mmp-map-041755fb\" class=\"mmp-map\" style=\"height: 720px;\"><\/div>\n\t\t\t\t\t\t\t\t\t<div id=\"mmp-chart-wrap-041755fb\" class=\"mmp-gpx-chart-wrap\" style=\"height: 200px;\"><\/div>\n\t\t\t\t\t\t\t<\/div>\n\t\t\t\t\t<\/div>\n\t\t\n<ul>\n<li>Distance (km) : 11,5<\/li>\n<li>D\u00e9nivel\u00e9 (m) : +760 -760<\/li>\n<li>Altitudes (m) : mini 1360, maxi 1770<\/li>\n<li>Horaires : d\u00e9part 11h15, retour 16h35<\/li>\n<\/ul>\n<h2>Dimanche : cr\u00eate des Etoiles<\/h2>\n<p>La m\u00e9t\u00e9o nous a annonc\u00e9 des \u00e9claircies en matin\u00e9e et un ciel qui se d\u00e9grade vers le d\u00e9but de l&#8217;apr\u00e8s-midi. Au lever nous constatons que le ciel n&#8217;est pas aussi d\u00e9gag\u00e9 que cela mais allons nous attaquer malgr\u00e9 tout au plan d\u00e9cid\u00e9 la veille : la cr\u00eate des \u00c9toiles, non loin du Grand Ferrant et du Chorus Olympique.<\/p>\n<p>Nous organisons, toujours gr\u00e2ce \u00e0 la voiture de Yann, deux d\u00e9poses dans le village de Villar Joly. Depuis l\u00e0, nous entamons la mont\u00e9e jusqu&#8217;\u00e0 une cabane pastorale. En la d\u00e9passant, le ciel se d\u00e9couvre et notre objectif se d\u00e9couvre tout \u00e0 coup.<\/p>\n<p><a  href=\"https:\/\/www.tomroc.com\/blog\/wp-content\/uploads\/20180318-1056-79.jpg\" data-rel=\"lightbox-gallery-0\" data-rl_title=\"20180318-1056-79.jpg\" data-rl_caption=\"\" title=\"20180318-1056-79.jpg\"><img loading=\"lazy\" decoding=\"async\" class=\"aligncenter size-large wp-image-17864\" src=\"https:\/\/www.tomroc.com\/blog\/wp-content\/uploads\/20180318-1056-79-960x720.jpg\" alt=\"\" width=\"960\" height=\"720\"><\/a><\/p>\n<p>Nous allons nous positionner dans l&#8217;axe de la cr\u00eate, et veillons \u00e0 toujours rester dans les plus faibles pentes, et d\u00e9marrons l&#8217;ascension de la cr\u00eate elle-m\u00eame.Nous profitons d&#8217;un peu de soleil qui se d\u00e9voile pr\u00e9cis\u00e9ment sur la zone o\u00f9 nous \u00e9voluons.<\/p>\n<p><a  href=\"https:\/\/www.tomroc.com\/blog\/wp-content\/uploads\/20180318-1126-87.jpg\" data-rel=\"lightbox-gallery-0\" data-rl_title=\"20180318-1126-87.jpg\" data-rl_caption=\"\" title=\"20180318-1126-87.jpg\"><img loading=\"lazy\" decoding=\"async\" class=\"aligncenter size-large wp-image-17865\" src=\"https:\/\/www.tomroc.com\/blog\/wp-content\/uploads\/20180318-1126-87-960x720.jpg\" alt=\"\" width=\"960\" height=\"720\"><\/a><\/p>\n<p>Au loin nous voyons un grand groupe qui va \u00e9galement rejoindre la cr\u00eate. Nous les rejoignons et tout comme eux, alors que le mauvais temps se l\u00e8ve et que l&#8217;on n&#8217;y vois plus grand chose, nous d\u00e9cidons d&#8217;arr\u00eater l\u00e0 et descendre.<\/p>\n<p><a  href=\"https:\/\/www.tomroc.com\/blog\/wp-content\/uploads\/20180318-1316-97.jpg\" data-rel=\"lightbox-gallery-0\" data-rl_title=\"20180318-1316-97.jpg\" data-rl_caption=\"\" title=\"20180318-1316-97.jpg\"><img loading=\"lazy\" decoding=\"async\" class=\"aligncenter size-large wp-image-17866\" src=\"https:\/\/www.tomroc.com\/blog\/wp-content\/uploads\/20180318-1316-97-960x720.jpg\" alt=\"\" width=\"960\" height=\"720\"><\/a>Et cette seconde journ\u00e9e sauve d\u00e9finitivement un week-end que nous pensions mal engag\u00e9 &#8211; nous pensions devoir faire du ski de fond, c&#8217;est dire !<\/p>\n<h2>Notre parcours<\/h2>\n\t\t<div id=\"maps-marker-pro-23940e72\" class=\"maps-marker-pro\" style=\"width: 100%;\">\n\t\t\t<div id=\"mmp-map-wrap-23940e72\" class=\"mmp-map-wrap\">\n\t\t\t\t\t\t\t\t<div id=\"mmp-map-23940e72\" class=\"mmp-map\" style=\"height: 720px;\"><\/div>\n\t\t\t\t\t\t\t\t\t<div id=\"mmp-chart-wrap-23940e72\" class=\"mmp-gpx-chart-wrap\" style=\"height: 200px;\"><\/div>\n\t\t\t\t\t\t\t<\/div>\n\t\t\t\t\t<\/div>\n\t\t\n<ul>\n<li>Distance (km) : 10,4<\/li>\n<li>D\u00e9nivel\u00e9 (m) : +975 -975<\/li>\n<li>Altitudes (m) : mini 1225, maxi 2200<\/li>\n<li>Horaires : d\u00e9part 9h20, retour 14h25<\/li>\n<\/ul>\n","protected":false},"excerpt":{"rendered":"<p>Une sortie de ski de randonn\u00e9e avec le CAF IDF dans le D\u00e9voluy:<br \/>\n. parcours de ski de randonn\u00e9e en station<br \/>\n. la cr\u00eate des Etoiles<\/p>\n","protected":false},"author":1,"featured_media":17866,"comment_status":"open","ping_status":"open","sticky":false,"template":"","format":"standard","meta":{"_et_pb_use_builder":"","_et_pb_old_content":"","_et_gb_content_width":"","footnotes":""},"categories":[41],"tags":[1256,464,471,825,12,624,452],"class_list":["post-17854","post","type-post","status-publish","format-standard","has-post-thumbnail","hentry","category-skirando","tag-2-jours","tag-caf-idf","tag-devoluy","tag-gite-de-la-ruche","tag-outdoor","tag-sandrine-p","tag-ski-de-randonnee"],"_links":{"self":[{"href":"https:\/\/www.tomroc.com\/blog\/wp-json\/wp\/v2\/posts\/17854","targetHints":{"allow":["GET"]}}],"collection":[{"href":"https:\/\/www.tomroc.com\/blog\/wp-json\/wp\/v2\/posts"}],"about":[{"href":"https:\/\/www.tomroc.com\/blog\/wp-json\/wp\/v2\/types\/post"}],"author":[{"embeddable":true,"href":"https:\/\/www.tomroc.com\/blog\/wp-json\/wp\/v2\/users\/1"}],"replies":[{"embeddable":true,"href":"https:\/\/www.tomroc.com\/blog\/wp-json\/wp\/v2\/comments?post=17854"}],"version-history":[{"count":0,"href":"https:\/\/www.tomroc.com\/blog\/wp-json\/wp\/v2\/posts\/17854\/revisions"}],"wp:featuredmedia":[{"embeddable":true,"href":"https:\/\/www.tomroc.com\/blog\/wp-json\/wp\/v2\/media\/17866"}],"wp:attachment":[{"href":"https:\/\/www.tomroc.com\/blog\/wp-json\/wp\/v2\/media?parent=17854"}],"wp:term":[{"taxonomy":"category","embeddable":true,"href":"https:\/\/www.tomroc.com\/blog\/wp-json\/wp\/v2\/categories?post=17854"},{"taxonomy":"post_tag","embeddable":true,"href":"https:\/\/www.tomroc.com\/blog\/wp-json\/wp\/v2\/tags?post=17854"}],"curies":[{"name":"wp","href":"https:\/\/api.w.org\/{rel}","templated":true}]}}