{"id":18142,"date":"2018-05-05T09:22:49","date_gmt":"2018-05-05T08:22:49","guid":{"rendered":"https:\/\/www.tomroc.com\/blog\/?p=18142"},"modified":"2020-02-13T21:33:31","modified_gmt":"2020-02-13T20:33:31","slug":"climb-trip-dans-la-drome","status":"publish","type":"post","link":"https:\/\/www.tomroc.com\/blog\/2018\/05\/climb-trip-dans-la-drome\/","title":{"rendered":"Climb trip dans la Dr\u00f4me, dont l&#8217;Aiguille de la Tour \u00e0 Sao\u00fb"},"content":{"rendered":"<p>Florian S. m&#8217;avait propos\u00e9 d&#8217;aller faire le Mont Rose en ski de randonn\u00e9e avec lui et un ami. Le plan tombe \u00e0 l&#8217;eau, et apr\u00e8s moult tergiversations nous d\u00e9cidons que nous n&#8217;irons finalement ni faire du ski de randonn\u00e9e, ni faire de l&#8217;alpinisme, mais optons pour un climb trip dans la Dr\u00f4me. La formule ? Aucun plan pr\u00e9cis, aucun h\u00e9bergement, de l&#8217;improvisation tous les jours, avec comme seul objectif d&#8217;aller vers le sud et la Dr\u00f4me.<\/p>\n<p>Je fais des efforts pour finir t\u00f4t le boulot et nous partons de Paris jeudi soir vers 18h45. Apparemment nous ne sommes pas les seuls \u00e0 vouloir profiter de ce week-end prolong\u00e9, si bien que nous n&#8217;atteignons Malherbes (proche de Fontainebleau) qu&#8217;\u00e0 22h30 ! Alors nous commen\u00e7ons \u00e0 chercher et appeler les h\u00f4tels au bord de la route. Ils sont pleins, nous finissons dans un hotel Ibis budget vers minuit et quelques.<\/p>\n<h1 class=\"routes\"><span class=\"title\">Montagne de Morettet \/ Combe d&#8217;Oyans<\/span><\/h1>\n<p>Nous reprenons la route et atteignons la commune de Rochefort Samson rep\u00e9r\u00e9e par Florian. Nous n\u00e9gocions la voie de la journ\u00e9e et optons pour le chemin des dames:<\/p>\n<ul>\n<li><a href=\"https:\/\/www.camptocamp.org\/routes\/57089\/fr\/montagne-de-morettet-combe-d-oyans-le-chemin-des-dames\">Montagne de Morettet \/ Combe d&#8217;Oyans : Le Chemin des Dames(AD+ 5c&gt;4bA0. 150m)<\/a><\/li>\n<\/ul>\n<p>L&#8217;approche est vraiment saisissante ; la nature tr\u00e8s pr\u00e9sente et bien verte. Le chemin nous m\u00e8ne au pied de la gorge.<a  href=\"https:\/\/www.tomroc.com\/blog\/wp-content\/uploads\/20180505-1440-1.jpg\" data-rel=\"lightbox-gallery-0\" data-rl_title=\"20180505-1440-1.jpg\" data-rl_caption=\"\" title=\"20180505-1440-1.jpg\"><img loading=\"lazy\" decoding=\"async\" class=\"aligncenter size-large wp-image-18205\" src=\"https:\/\/www.tomroc.com\/blog\/wp-content\/uploads\/20180505-1440-1-960x720.jpg\" alt=\"\" width=\"960\" height=\"720\" \/><\/a>Au fond coule une petite rivi\u00e8re que nous remontons sur une centaine de m\u00e8tres, et notre voie s&#8217;\u00e9lance \u00e0 droite.<a  href=\"https:\/\/www.tomroc.com\/blog\/wp-content\/uploads\/20180505-1450-16.jpg\" data-rel=\"lightbox-gallery-0\" data-rl_title=\"20180505-1450-16.jpg\" data-rl_caption=\"\" title=\"20180505-1450-16.jpg\"><img loading=\"lazy\" decoding=\"async\" class=\"aligncenter size-large wp-image-18190\" src=\"https:\/\/www.tomroc.com\/blog\/wp-content\/uploads\/20180505-1450-16-960x720.jpg\" alt=\"\" width=\"960\" height=\"720\" \/><\/a>Nous enchainons assez rapidement, le niveau s&#8217;av\u00e8re en fait assez faible. Un unique pas nous fait un peu plus r\u00e9fl\u00e9chir. Mais le lieu et la vue vaut la peine du d\u00e9placement.<a  href=\"https:\/\/www.tomroc.com\/blog\/wp-content\/uploads\/20180505-1529-26.jpg\" data-rel=\"lightbox-gallery-0\" data-rl_title=\"Gorge et lumi\u00e8res\" data-rl_caption=\"Rochefort-Samson, Rh\u00f4nes-Alpes, France\" title=\"Gorge et lumi\u00e8res\"><img loading=\"lazy\" decoding=\"async\" class=\"aligncenter size-large wp-image-18191\" src=\"https:\/\/www.tomroc.com\/blog\/wp-content\/uploads\/20180505-1529-26-960x720.jpg\" alt=\"\" width=\"960\" height=\"720\" \/><\/a>Nous ne sommes que deux cord\u00e9es dans la gorge.<a  href=\"https:\/\/www.tomroc.com\/blog\/wp-content\/uploads\/20180505-1608-46.jpg\" data-rel=\"lightbox-gallery-0\" data-rl_title=\"20180505-1608-46.jpg\" data-rl_caption=\"\" title=\"20180505-1608-46.jpg\"><img loading=\"lazy\" decoding=\"async\" class=\"aligncenter size-large wp-image-18192\" src=\"https:\/\/www.tomroc.com\/blog\/wp-content\/uploads\/20180505-1608-46-960x720.jpg\" alt=\"\" width=\"960\" height=\"720\" \/><\/a>Nous rejoignons le sommet, qui m\u00e8ne \u00e0 une route au col, et revenons \u00e0 la voiture par la route. Nous trouvons une maison d&#8217;h\u00f4te tr\u00e8s sympa \u00e0 Puy-Saint-Martin &#8211; le Bonheur de Provence &#8211; et allons diner dans le sympathique village de Sao\u00fb.<\/p>\n<h2>Notre parcours<\/h2>\n<div>\n\t\t<div id=\"maps-marker-pro-b5219230\" class=\"maps-marker-pro\" style=\"width: 100%;\">\n\t\t\t<div id=\"mmp-map-wrap-b5219230\" class=\"mmp-map-wrap\">\n\t\t\t\t\t\t\t\t<div id=\"mmp-map-b5219230\" class=\"mmp-map\" style=\"height: 720px;\"><\/div>\n\t\t\t\t\t\t\t\t\t<div id=\"mmp-chart-wrap-b5219230\" class=\"mmp-gpx-chart-wrap\" style=\"height: 200px;\"><\/div>\n\t\t\t\t\t\t\t<\/div>\n\t\t\t\t\t<\/div>\n\t\t\n<\/div>\n<h1>Ar\u00eate sud de l&#8217;Aiguille de la Tour<\/h1>\n<div>Aujourd&#8217;hui c&#8217;est le grand jour. A en croire le topo, une sacr\u00e9 aventure nous attend. Non pas pour les difficult\u00e9s, mais pour l&#8217;envergure, le c\u00f4t\u00e9 sauvage de la course, et surtout .. la non qualit\u00e9 du rocher, tr\u00e8s fractur\u00e9 :<\/div>\n<ul>\n<li><a href=\"https:\/\/www.camptocamp.org\/routes\/228535\/fr\/saou-aiguille-de-la-tour-arete-s\">Sao\u00fb : <strong>Aiguille de la Tour : Ar\u00eate Sud<\/strong> (D+ 5c&gt;5b II. 200m)<\/a><\/li>\n<\/ul>\n<div>L&#8217;approche est de l&#8217;ordre de 5 minutes depuis le parking, et nous voil\u00e0 face \u00e0 l&#8217;Aiguille de la Tour. Nous d\u00e9marrons l&#8217;escalade, et sommes rapidement dans l&#8217;ambiance, car effectivement de nombreux morceaux de rocher d\u00e9gringolent malgr\u00e9 toute l&#8217;attention que nous mettons \u00e0 avoir un pas de f\u00e9lin. Des grimpeurs du dimanche, ou samedi plut\u00f4t, ont eu la bonne id\u00e9e de venir grimper sans casque et il se trouve que notre voie va surplomber la leur. Alors pour ne pas avoir leur mort sur la conscience je me sens oblig\u00e9 de leur indiquer qu&#8217;il faudrait qu&#8217;ils mettent un casque et attends qu&#8217;ils ne soient plus dans l&#8217;axe.<\/div>\n<div><a  href=\"https:\/\/www.tomroc.com\/blog\/wp-content\/uploads\/20180506-1219-71.jpg\" data-rel=\"lightbox-gallery-0\" data-rl_title=\"20180506-1219-71.jpg\" data-rl_caption=\"\" title=\"20180506-1219-71.jpg\"><img loading=\"lazy\" decoding=\"async\" class=\"aligncenter size-large wp-image-18193\" src=\"https:\/\/www.tomroc.com\/blog\/wp-content\/uploads\/20180506-1219-71-960x720.jpg\" alt=\"\" width=\"960\" height=\"720\" \/><\/a>Nos amis inconscients s&#8217;\u00e9tant \u00e9cart\u00e9s, nous poursuivons et arrivons \u00e0 une sorte de petit col. D&#8217;autres grimpeurs attaquent une ligne \u00e0 notre gauche. Florian poursuit en t\u00eate, et d\u00e9stabilise un \u00e9norme bloc en le saisissant. C&#8217;est une m\u00e9t\u00e9orite qui vient s&#8217;\u00e9craser et \u00e9clater sur le plat non loin de moi. Heureusement je me prot\u00e9geais en restant tr\u00e8s proche de la paroi. La cord\u00e9e \u00e0 notre gauche d\u00e9cide que le niveau d&#8217;escalade est sous cot\u00e9 et que le rocher est trop p\u00e9teux, ils font demi tour. Nous poursuivons et la vue sur Sao\u00fb, son rocher surplombant et les environs est tr\u00e8s belle.<a  href=\"https:\/\/www.tomroc.com\/blog\/wp-content\/uploads\/20180506-1455-83.jpg\" data-rel=\"lightbox-gallery-0\" data-rl_title=\"20180506-1455-83.jpg\" data-rl_caption=\"\" title=\"20180506-1455-83.jpg\"><img loading=\"lazy\" decoding=\"async\" class=\"aligncenter size-large wp-image-18194\" src=\"https:\/\/www.tomroc.com\/blog\/wp-content\/uploads\/20180506-1455-83-960x720.jpg\" alt=\"\" width=\"960\" height=\"720\" \/><\/a>A quelques m\u00e8tre en contre bas du jardin suspendu, nous arrivons vers 15h sur ce qui constituera, pour nous, le crux de la voie. Voil\u00e0 le topo: Au dessus de notre relai chain\u00e9, situ\u00e9 au sommet d&#8217;une petite pointe de rocher, on acc\u00e8de \u00e0 une petite plateforme. Jusque l\u00e0 et haut dessus, nous ne trouvons aucune possibilit\u00e9 de poser une protection, et il faudra donc s&#8217;en remettre au piton en place mais qui ne nous inspire pas confiance car il est mal positionn\u00e9 et pourrait ne pas tenir sur une chute. Florian ne trouve pas le pas et surtout h\u00e9site \u00e0 s&#8217;engager. Et moi je n&#8217;ai pas un bon niveau d&#8217;escalade faute d&#8217;entrainement en ce moment. Alors on reste l\u00e0 un bon moment \u00e0 se demander comment passer. Et sans avoir envie d&#8217;abandonner si pr\u00e8s de ce jardin qui nous nargue en haut. Florian m&#8217;invite \u00e0 venir voir si je ne trouve pas une fa\u00e7on de franchir ou une prise ou qu&#8217;il aurait rat\u00e9, ce que je fais et hourra je d\u00e9couvre une main qu&#8217;il n&#8217;avait pas vue. Alors il s&#8217;y lance et passe enfin. Il est maintenant 16h45, oui vraiment.<a  href=\"https:\/\/www.tomroc.com\/blog\/wp-content\/uploads\/20180506-1646-92.jpg\" data-rel=\"lightbox-gallery-0\" data-rl_title=\"20180506-1646-92.jpg\" data-rl_caption=\"\" title=\"20180506-1646-92.jpg\"><img loading=\"lazy\" decoding=\"async\" class=\"aligncenter size-large wp-image-18243\" src=\"https:\/\/www.tomroc.com\/blog\/wp-content\/uploads\/20180506-1646-92-960x720.jpg\" alt=\"\" width=\"960\" height=\"720\" \/><\/a>Depuis le jardin suspendu, qui est donc une zone un peu plus plate sur laquelle repose de la v\u00e9g\u00e9tation, nous entamons les trois derni\u00e8res longueurs en travers\u00e9e ascendantes jusqu&#8217;\u00e0 rejoindre le fil de l&#8217;ar\u00eate \u00e0 19h.<\/div>\n<div><a  href=\"https:\/\/www.tomroc.com\/blog\/wp-content\/uploads\/20180506-1754-107.jpg\" data-rel=\"lightbox-gallery-0\" data-rl_title=\"20180506-1754-107.jpg\" data-rl_caption=\"\" title=\"20180506-1754-107.jpg\"><img loading=\"lazy\" decoding=\"async\" class=\"aligncenter size-large wp-image-18196\" src=\"https:\/\/www.tomroc.com\/blog\/wp-content\/uploads\/20180506-1754-107-960x720.jpg\" alt=\"\" width=\"960\" height=\"720\" \/><\/a>Je ne dirais pas que c&#8217;est fait expr\u00e8s mais en tout cas la vue est d&#8217;autant plus belle avec cette lumi\u00e8re de fin de journ\u00e9e. Nous devons maintenant atteindre le prochain col, visible entre les deux sommets \u00e0 droite sur cette photo. Et ce n&#8217;est pas aussi simple qu&#8217;il y parait.<\/div>\n<div><a  href=\"https:\/\/www.tomroc.com\/blog\/wp-content\/uploads\/20180506-1851-112.jpg\" data-rel=\"lightbox-gallery-0\" data-rl_title=\"20180506-1851-112.jpg\" data-rl_caption=\"\" title=\"20180506-1851-112.jpg\"><img loading=\"lazy\" decoding=\"async\" class=\"aligncenter size-large wp-image-18197\" src=\"https:\/\/www.tomroc.com\/blog\/wp-content\/uploads\/20180506-1851-112-960x720.jpg\" alt=\"\" width=\"960\" height=\"720\" \/><\/a>Contre toute attente, ce qui va nous poser souci maintenant, c&#8217;est la v\u00e9g\u00e9tation qui est ici reine. La sente d\u00e9crite dans le topo ne semble plus exister, ou tout du moins nous ne la verrons jamais. Alors nous devons nous frayer un chemin et c&#8217;est tr\u00e8s dense, il y a beaucoup de bois mort, et des saloperies de buissons qui piquent \u00e0 travers nos pantalons. Bref, on gal\u00e8re pour \u00e9voluer et rejoindre le point de d\u00e9part des rappels \u00e0 19h30.<\/div>\n<div><a  href=\"https:\/\/www.tomroc.com\/blog\/wp-content\/uploads\/20180506-1930-119.jpg\" data-rel=\"lightbox-gallery-0\" data-rl_title=\"20180506-1930-119.jpg\" data-rl_caption=\"\" title=\"20180506-1930-119.jpg\"><img loading=\"lazy\" decoding=\"async\" class=\"aligncenter size-large wp-image-18198\" src=\"https:\/\/www.tomroc.com\/blog\/wp-content\/uploads\/20180506-1930-119-960x720.jpg\" alt=\"\" width=\"960\" height=\"720\" \/><\/a>A la descente en rappel je d\u00e9couvre des choses \u00e9tonnantes \u00e0 la descente, comme ce &#8220;magnifique&#8221; relai constitu\u00e9 d&#8217;une multitude d&#8217;arbustes morts.<a  href=\"https:\/\/www.tomroc.com\/blog\/wp-content\/uploads\/20180506-1945-131.jpg\" data-rel=\"lightbox-gallery-0\" data-rl_title=\"20180506-1945-131.jpg\" data-rl_caption=\"\" title=\"20180506-1945-131.jpg\"><img loading=\"lazy\" decoding=\"async\" class=\"aligncenter size-large wp-image-18199\" src=\"https:\/\/www.tomroc.com\/blog\/wp-content\/uploads\/20180506-1945-131-960x720.jpg\" alt=\"\" width=\"960\" height=\"720\" \/><\/a>La suite est du m\u00eame acabit, car chaque relai sur lequel nous arrivons inspire la m\u00e9fiance et engage \u00e0 \u00eatre v\u00e9rifi\u00e9 et renforc\u00e9. La derni\u00e8re longueur de descente a lieu sur une paroi recouverte de lierre, et nous d\u00e9pose sur les pentes dans la for\u00eat. Il nous aura fallu quand m\u00eame une heure pour faire les trois rappels sur relais pourris. Nous rejoignons sans souci la voiture, et allons rejoindre mon ami J\u00e9r\u00f4me B. qui nous a propos\u00e9 de dormir chez lui et avec qui nous pr\u00e9voyons d&#8217;aller grimper demain.<\/div>\n<h2>Notre parcours<\/h2>\n<div>\t\t<div id=\"maps-marker-pro-f9e48032\" class=\"maps-marker-pro\" style=\"width: 100%;\">\n\t\t\t<div id=\"mmp-map-wrap-f9e48032\" class=\"mmp-map-wrap\">\n\t\t\t\t\t\t\t\t<div id=\"mmp-map-f9e48032\" class=\"mmp-map\" style=\"height: 720px;\"><\/div>\n\t\t\t\t\t\t\t\t\t<div id=\"mmp-chart-wrap-f9e48032\" class=\"mmp-gpx-chart-wrap\" style=\"height: 200px;\"><\/div>\n\t\t\t\t\t\t\t<\/div>\n\t\t\t\t\t<\/div>\n\t\t<\/div>\n<h1>Cocktail de Vitamines<\/h1>\n<div>La m\u00e9t\u00e9o annonce de la pluie en milieu de journ\u00e9e, alors nous optons pour une voie facile d&#8217;acc\u00e8s et de moyenne ampleur:<\/div>\n<ul>\n<li><a href=\"https:\/\/www.camptocamp.org\/routes\/189622\/fr\/saou-aiguille-de-la-tour-vitamine-c\">Sao\u00fb : <strong>Aiguille de la Tour : Vitamine C<\/strong>, L1 Vitamine A (6a)<\/a><\/li>\n<\/ul>\n<div>Nous faisons la premi\u00e8re longueur par Vitamine A (5c) puis rejoignons les longueurs de Vitamine C (6a). C&#8217;est J\u00e9r\u00f4me qui est aux commandes et Florian et moi lui laissons tout passer en t\u00eate. La troisi\u00e8me longueur est nettement la plus belle, constitu\u00e9e d&#8217;un di\u00e8dre un peu physique &#8211; pour moi en tout cas &#8211; que je vais passer sans jamais tirer au clou :)<\/div>\n<div><a  href=\"https:\/\/www.tomroc.com\/blog\/wp-content\/uploads\/20180507-1244-165.jpg\" data-rel=\"lightbox-gallery-0\" data-rl_title=\"20180507-1244-165.jpg\" data-rl_caption=\"\" title=\"20180507-1244-165.jpg\"><img loading=\"lazy\" decoding=\"async\" class=\"aligncenter size-large wp-image-18200\" src=\"https:\/\/www.tomroc.com\/blog\/wp-content\/uploads\/20180507-1244-165-960x720.jpg\" alt=\"\" width=\"960\" height=\"720\" \/><\/a>La fin nous ram\u00e8ne au pied du crux o\u00f9 nous avions bloqu\u00e9 Florian et moi la veille.<a  href=\"https:\/\/www.tomroc.com\/blog\/wp-content\/uploads\/20180507-1256-188.jpg\" data-rel=\"lightbox-gallery-0\" data-rl_title=\"20180507-1256-188.jpg\" data-rl_caption=\"\" title=\"20180507-1256-188.jpg\"><img loading=\"lazy\" decoding=\"async\" class=\"aligncenter size-large wp-image-18201\" src=\"https:\/\/www.tomroc.com\/blog\/wp-content\/uploads\/20180507-1256-188-960x720.jpg\" alt=\"\" width=\"960\" height=\"720\" \/><\/a>De la haut, la vue est toujours aussi belle, et nous constatons que la m\u00e9t\u00e9o disait vrai: il va bient\u00f4t pleuvoir.<\/div>\n<div><a  href=\"https:\/\/www.tomroc.com\/blog\/wp-content\/uploads\/20180507-1341-199-panorama.jpg\" data-rel=\"lightbox-gallery-0\" data-rl_title=\"20180507-1341-199-Panorama.jpg\" data-rl_caption=\"\" title=\"20180507-1341-199-Panorama.jpg\"><img loading=\"lazy\" decoding=\"async\" class=\"aligncenter size-large wp-image-18202\" src=\"https:\/\/www.tomroc.com\/blog\/wp-content\/uploads\/20180507-1341-199-panorama-960x384.jpg\" alt=\"\" width=\"960\" height=\"384\" \/><\/a>Nous enchainons les rappels tandis que l&#8217;orage gronde et sommes \u00e0 la voiture avant que les premi\u00e8res gouttes ne tombent.<\/div>\n<h1>Mardi<\/h1>\n<p>En ce mardi matin nous constatons que M\u00e9t\u00e9o France ne s&#8217;est pas tromp\u00e9, et il pleut \u00e0 verse. Florian et moi d\u00e9cidons de rentrer directement \u00e0 Paris.<\/p>\n","protected":false},"excerpt":{"rendered":"<p>Trois jours d&#8217;escalade dans la Dr\u00f4me :<br \/>\n. Montagne de Morettet \/ Combe d&#8217;Oyans : Le Chemin des Dames(AD+ 5c>4bA0. 150m)<br \/>\n. Sao\u00fb : Aiguille de la Tour : Ar\u00eate Sud (D+ 5c>5b II. 200m)<br \/>\n. Sao\u00fb : Aiguille de la Tour : Vitamine C, L1 Vitamine A (6a)<\/p>\n","protected":false},"author":1,"featured_media":18191,"comment_status":"open","ping_status":"open","sticky":false,"template":"","format":"standard","meta":{"_et_pb_use_builder":"","_et_pb_old_content":"","_et_gb_content_width":"","footnotes":""},"categories":[38,39],"tags":[1254,843,3,2858,1270,836,58,837,781,841,12,842,74],"class_list":["post-18142","post","type-post","status-publish","format-standard","has-post-thumbnail","hentry","category-alpinisme","category-escalade","tag-3-jours","tag-aiguille-de-la-tour","tag-alpinisme","tag-cotation-ad","tag-cotation-d","tag-drome","tag-escalade-2","tag-florian-s","tag-jerome-b","tag-maison-dhote-bonheur-de-provence","tag-outdoor","tag-saou","tag-terrain-daventure"],"_links":{"self":[{"href":"https:\/\/www.tomroc.com\/blog\/wp-json\/wp\/v2\/posts\/18142","targetHints":{"allow":["GET"]}}],"collection":[{"href":"https:\/\/www.tomroc.com\/blog\/wp-json\/wp\/v2\/posts"}],"about":[{"href":"https:\/\/www.tomroc.com\/blog\/wp-json\/wp\/v2\/types\/post"}],"author":[{"embeddable":true,"href":"https:\/\/www.tomroc.com\/blog\/wp-json\/wp\/v2\/users\/1"}],"replies":[{"embeddable":true,"href":"https:\/\/www.tomroc.com\/blog\/wp-json\/wp\/v2\/comments?post=18142"}],"version-history":[{"count":0,"href":"https:\/\/www.tomroc.com\/blog\/wp-json\/wp\/v2\/posts\/18142\/revisions"}],"wp:featuredmedia":[{"embeddable":true,"href":"https:\/\/www.tomroc.com\/blog\/wp-json\/wp\/v2\/media\/18191"}],"wp:attachment":[{"href":"https:\/\/www.tomroc.com\/blog\/wp-json\/wp\/v2\/media?parent=18142"}],"wp:term":[{"taxonomy":"category","embeddable":true,"href":"https:\/\/www.tomroc.com\/blog\/wp-json\/wp\/v2\/categories?post=18142"},{"taxonomy":"post_tag","embeddable":true,"href":"https:\/\/www.tomroc.com\/blog\/wp-json\/wp\/v2\/tags?post=18142"}],"curies":[{"name":"wp","href":"https:\/\/api.w.org\/{rel}","templated":true}]}}