{"id":18279,"date":"2018-05-27T15:36:30","date_gmt":"2018-05-27T14:36:30","guid":{"rendered":"https:\/\/www.tomroc.com\/blog\/?p=18279"},"modified":"2019-05-02T18:00:24","modified_gmt":"2019-05-02T17:00:24","slug":"balade-digestive-post-mariage-damis","status":"publish","type":"post","link":"https:\/\/www.tomroc.com\/blog\/2018\/05\/balade-digestive-post-mariage-damis\/","title":{"rendered":"Balade digestive post mariage d&#8217;amis"},"content":{"rendered":"<p>Deux de&nbsp;nos amis proches nous ont annonc\u00e9 il y a deux mois et quelques de cela qu&#8217;ils allaient ce marier. Alors ce samedi Sandrine et moi \u00e9tions \u00e0 Crolles pour c\u00e9l\u00e9brer leur union en mairie, officialis\u00e9e par le p\u00e8re du mari\u00e9, et avons rejoins un h\u00f4tel en gestion libre dans le Vercors. Et y avons fait la f\u00eate jusqu&#8217;au dimanche matin.<\/p>\n<p>Histoire de profiter tout de m\u00eame un peu du cadre, et apr\u00e8s un r\u00e9veil assez tardif, Sandrine et moi sommes all\u00e9 nous promener dimanche apr\u00e8s-midi. Le timing \u00e9tait un peu contraint puisque nous devions \u00eatre de retour pour 16h et quelques.<\/p>\n<p>Nous nous sommes donn\u00e9 comme objectif le <strong>pas de la Ch\u00e8vre dans les Rochers de Gonson<\/strong>, et avons d\u00e9marr\u00e9 en allant rejoindre le GR et long\u00e9 la barre rocheuse.<\/p>\n<p><a  href=\"https:\/\/www.tomroc.com\/blog\/wp-content\/uploads\/20180527-1346-18.jpg\" data-rel=\"lightbox-gallery-0\" data-rl_title=\"20180527-1346-11.jpg\" data-rl_caption=\"\" title=\"20180527-1346-11.jpg\"><img loading=\"lazy\" decoding=\"async\" class=\"aligncenter size-large wp-image-18267\" src=\"https:\/\/www.tomroc.com\/blog\/wp-content\/uploads\/20180527-1346-18-960x720.jpg\" alt=\"\" width=\"960\" height=\"720\"><\/a><\/p>\n<p>Au passage, nous remarquons cet \u00e9tonnant rocher sur lequel se dresse un arbre.<\/p>\n<p><a  href=\"https:\/\/www.tomroc.com\/blog\/wp-content\/uploads\/20180527-1348-23.jpg\" data-rel=\"lightbox-gallery-0\" data-rl_title=\"Arbre perch\u00e9\" data-rl_caption=\"Massif du Vercors\" title=\"Arbre perch\u00e9\"><img loading=\"lazy\" decoding=\"async\" class=\"aligncenter size-large wp-image-18268\" src=\"https:\/\/www.tomroc.com\/blog\/wp-content\/uploads\/20180527-1348-23-960x720.jpg\" alt=\"\" width=\"960\" height=\"720\"><\/a><\/p>\n<p>Les cartes repr\u00e9sentent des sentiers qui m\u00e8nent au pas, mais de tous ceux-l\u00e0, et apr\u00e8s en avoir fait le tour, nous nous voyons oblig\u00e9s de franchir des cl\u00f4tures et passer par les champs en contrebas. Nous p\u00e9n\u00e9trons dans la for\u00eat et le GPS nous permet de viser la base du pas. La pente se raidit progressivement et assez fortement sur la fin.<\/p>\n<p><a  href=\"https:\/\/www.tomroc.com\/blog\/wp-content\/uploads\/20180527-1440-31.jpg\" data-rel=\"lightbox-gallery-0\" data-rl_title=\"20180527-1440-24.jpg\" data-rl_caption=\"\" title=\"20180527-1440-24.jpg\"><img loading=\"lazy\" decoding=\"async\" class=\"aligncenter size-large wp-image-18269\" src=\"https:\/\/www.tomroc.com\/blog\/wp-content\/uploads\/20180527-1440-31-960x720.jpg\" alt=\"\" width=\"960\" height=\"720\"><\/a><\/p>\n<p>Au milieu de notre pente dans la for\u00eat, nous n&#8217;avons pas vu arriver l&#8217;orage qui se met soudainement \u00e0 gronder non loin de nous. Et c&#8217;est une tr\u00e8s forte pluie qui s&#8217;abat sur nous. Compte tenu du temps restant et du chemin restant \u00e0 parcourir pour le retour, nous faisons demi tour; il restait environ 150m de d\u00e9nivel\u00e9 pour atteindre le pas de la Ch\u00e8vre. Sur le trajet du retour nous empruntons une route foresti\u00e8re en cours de construction sur laquelle se trouve l&#8217;une de ces impressionnantes machines.<\/p>\n<p><a  href=\"https:\/\/www.tomroc.com\/blog\/wp-content\/uploads\/20180527-1459-36.jpg\" data-rel=\"lightbox-gallery-0\" data-rl_title=\"20180527-1459-29.jpg\" data-rl_caption=\"\" title=\"20180527-1459-29.jpg\"><img loading=\"lazy\" decoding=\"async\" class=\"aligncenter size-large wp-image-18270\" src=\"https:\/\/www.tomroc.com\/blog\/wp-content\/uploads\/20180527-1459-36-960x720.jpg\" alt=\"\" width=\"960\" height=\"720\"><\/a><\/p>\n<h2>Notre parcours<\/h2>\n\t\t<div id=\"maps-marker-pro-ee697259\" class=\"maps-marker-pro\" style=\"width: 100%;\">\n\t\t\t<div id=\"mmp-map-wrap-ee697259\" class=\"mmp-map-wrap\">\n\t\t\t\t\t\t\t\t<div id=\"mmp-map-ee697259\" class=\"mmp-map\" style=\"height: 720px;\"><\/div>\n\t\t\t\t\t\t\t\t\t<div id=\"mmp-chart-wrap-ee697259\" class=\"mmp-gpx-chart-wrap\" style=\"height: 200px;\"><\/div>\n\t\t\t\t\t\t\t<\/div>\n\t\t\t\t\t<\/div>\n\t\t\n","protected":false},"excerpt":{"rendered":"<p>Une balade en direction du pas de la Ch\u00e8vre dans les Rochers de Gonson, dans le Vercors.<\/p>\n","protected":false},"author":1,"featured_media":18267,"comment_status":"open","ping_status":"open","sticky":false,"template":"","format":"standard","meta":{"_et_pb_use_builder":"","_et_pb_old_content":"","_et_gb_content_width":"","footnotes":""},"categories":[53],"tags":[1255,12,54,624,456],"class_list":["post-18279","post","type-post","status-publish","format-standard","has-post-thumbnail","hentry","category-randonnee-trail","tag-1-jour","tag-outdoor","tag-randonnee-2","tag-sandrine-p","tag-vercors"],"_links":{"self":[{"href":"https:\/\/www.tomroc.com\/blog\/wp-json\/wp\/v2\/posts\/18279","targetHints":{"allow":["GET"]}}],"collection":[{"href":"https:\/\/www.tomroc.com\/blog\/wp-json\/wp\/v2\/posts"}],"about":[{"href":"https:\/\/www.tomroc.com\/blog\/wp-json\/wp\/v2\/types\/post"}],"author":[{"embeddable":true,"href":"https:\/\/www.tomroc.com\/blog\/wp-json\/wp\/v2\/users\/1"}],"replies":[{"embeddable":true,"href":"https:\/\/www.tomroc.com\/blog\/wp-json\/wp\/v2\/comments?post=18279"}],"version-history":[{"count":0,"href":"https:\/\/www.tomroc.com\/blog\/wp-json\/wp\/v2\/posts\/18279\/revisions"}],"wp:featuredmedia":[{"embeddable":true,"href":"https:\/\/www.tomroc.com\/blog\/wp-json\/wp\/v2\/media\/18267"}],"wp:attachment":[{"href":"https:\/\/www.tomroc.com\/blog\/wp-json\/wp\/v2\/media?parent=18279"}],"wp:term":[{"taxonomy":"category","embeddable":true,"href":"https:\/\/www.tomroc.com\/blog\/wp-json\/wp\/v2\/categories?post=18279"},{"taxonomy":"post_tag","embeddable":true,"href":"https:\/\/www.tomroc.com\/blog\/wp-json\/wp\/v2\/tags?post=18279"}],"curies":[{"name":"wp","href":"https:\/\/api.w.org\/{rel}","templated":true}]}}