{"id":18322,"date":"2018-06-12T20:18:23","date_gmt":"2018-06-12T19:18:23","guid":{"rendered":"https:\/\/www.tomroc.com\/blog\/?p=18322"},"modified":"2021-07-28T20:00:56","modified_gmt":"2021-07-28T19:00:56","slug":"10-jours-de-randonnee-a-madere","status":"publish","type":"post","link":"https:\/\/www.tomroc.com\/blog\/2018\/06\/10-jours-de-randonnee-a-madere\/","title":{"rendered":"10 jours de randonn\u00e9e \u00e0 Mad\u00e8re"},"content":{"rendered":"\n<p>Pour organiser ces deux semaines de vacances que nous voulions d\u00e9paysantes, quoi de mieux qu&#8217;utiliser le beau livre &#8220;Le tour du monde en 80 treks&#8221; que l&#8217;on nous avait offert \u00e0 no\u00ebl dernier. Il regorge de choses que nous aimerions faire un jour, et c&#8217;est sur l&#8217;un des parcours les plus physiques et sauvage qui a attir\u00e9 notre attention : une randonn\u00e9e dans la cha\u00eene des Carpates en Slov\u00e9nie. Peu \u00e9tonnant dirons ceux qui nous connaissent bien ;) Mais tout \u00e7a, c&#8217;\u00e9tait avant de savoir que Sandrine .. serait enceinte de 4,5 mois au moment du d\u00e9part. Alors nous avons chang\u00e9 tous nos plans et c&#8217;est sur l&#8217;\u00eele de Mad\u00e8re que nous irons crapahuter \u00e0 la place, en th\u00e9orie plus calmement.<\/p>\n\n\n\n<h1 class=\"wp-block-heading\">Mardi 12 : transit<\/h1>\n\n\n\n<p>Le vol n&#8217;est finalement pas tr\u00e8s long &#8211; pr\u00e8s de 5 heures, mais j&#8217;ai appr\u00e9ci\u00e9 avoir charg\u00e9 quelques s\u00e9ries netflix sur mon mobile avant de partir. Apr\u00e8s s&#8217;\u00eatre pos\u00e9s sur l&#8217;une des pistes les plus dangereuses au monde, parait-il, nous r\u00e9cup\u00e9rons notre voiture de location ; c&#8217;est assez indispensable sur cette \u00eele. Nous prenons alors tout de suite la route pour le camping de Porto Moniz. C&#8217;est l&#8217;unique camping \u00e9quip\u00e9 que nous ayons trouv\u00e9 sur toute l&#8217;\u00eele, il est situ\u00e9 au nord ouest, \u00e0 environ 1h15 de route de l&#8217;a\u00e9roport. Gr\u00e2ce \u00e0 l&#8217;itin\u00e9rance en Union Europ\u00e9enne &#8211; eh oui nous sommes au Portugal, donc EU &#8211; nous pouvons profiter du forfait data sans suppl\u00e9ment. Alors c&#8217;est waze qui nous guide.<\/p>\n\n\n\n<p>En arrivant \u00e0 l&#8217;emplacement du camping, nous pensons avoir fait une erreur, et faisons demi tour \u00e0 la recherche du camping. Un peu de errance plus tard, il faut se rendre \u00e0 l&#8217;\u00e9vidence : nous \u00e9tions au bon endroit. Gloups.<\/p>\n\n\n\n<div class=\"wp-block-image\"><figure class=\"aligncenter\"><a  href=\"https:\/\/www.tomroc.com\/blog\/wp-content\/uploads\/20180613-1053-6-panorama.jpg\" data-rel=\"lightbox-gallery-0\" data-rl_title=\"20180613-1053-6-Panorama.jpg\" data-rl_caption=\"\" title=\"20180613-1053-6-Panorama.jpg\"><img loading=\"lazy\" decoding=\"async\" width=\"960\" height=\"420\" src=\"https:\/\/www.tomroc.com\/blog\/wp-content\/uploads\/20180613-1053-6-panorama-960x420.jpg\" alt=\"\" class=\"wp-image-18366\"\/><\/a><\/figure><\/div>\n\n\n\n<p>Il y a deux tentes en tout et pour tout, et on ne peut pas dire que l&#8217;on trouve le coin sympa. Tellement d&#8217;ailleurs que nous d\u00e9cidons que nous irons en h\u00f4tel pour le reste du s\u00e9jour. Tant pis pour le suppl\u00e9ment bagage rempli d&#8217;affaires de camping.<\/p>\n\n\n\n<h1 class=\"wp-block-heading\">Mercredi 13 : Circuit de Jardin do Mar<\/h1>\n\n\n\n<p>Sandrine \u00e0 rep\u00e9r\u00e9 tous nos objectifs lorsque nous \u00e9tions \u00e0 Paris dans l&#8217;incontournable guide &#8220;Mad\u00e8re &#8211; Les plus belles randonn\u00e9es de levada et de montagne &#8211; 60 itin\u00e9raires&#8221; de Rolf Goetz. Pour cette premi\u00e8re journ\u00e9e, nous prenons la route pour la randonn\u00e9e num\u00e9ro 50. En fait nous aimerions grouper les randonn\u00e9es 50, 51 et 52, pour une premi\u00e8re belle d\u00e9couverte des Levada. En arrivant, nous sommes s\u00fbr d&#8217;\u00eatre au bon endroit: le parking est bond\u00e9. Mais il pleut d\u00e9j\u00e0 et surtout la brume est tr\u00e8s pr\u00e9sente. Pas tr\u00e8s engageant. Alors nous patientons un peu dans la voiture, et quelques s\u00e9ries de &#8220;The expanse&#8221; plus tard, nous d\u00e9cidons de lever le camp; nous retenterons notre chance une autre fois.<\/p>\n\n\n\n<p>Nous basculons sur une randonn\u00e9e beaucoup plus basse, proche de la mer:<\/p>\n\n\n\n<ul class=\"wp-block-list\"><li>Le circuit de Jardin do Mar &#8211; itin\u00e9raire 55 dans le topo.<\/li><\/ul>\n\n\n\n<p>Mais il faut composer avec la mar\u00e9e, car une grosse section ne peut se faire qu&#8217;\u00e0 mar\u00e9e basse. D&#8217;apr\u00e8s nos&nbsp;calculs d&#8217;horaire, il faudra d\u00e9marrer notre boucle \u00e0 Jardim do Mar, et nous visons XXh.<\/p>\n\n\n\n<p>Alors nous passons d&#8217;abord \u00e0 notre h\u00f4tel, \u00e0 Porto Moniz. Et ensuite, direction Jardim do Mar.&nbsp;Le temps est magnifique \u00e0 cet endroit, nous sommes heureux d&#8217;avoir chang\u00e9 les plans. Nous d\u00e9marrons donc par la section raide qui s&#8217;\u00e9l\u00e8ve depuis la c\u00f4te jusqu&#8217;au plateau.<\/p>\n\n\n\n<div class=\"wp-block-image\"><figure class=\"aligncenter\"><a  href=\"https:\/\/www.tomroc.com\/blog\/wp-content\/uploads\/20180613-1837-20-panorama.jpg\" data-rel=\"lightbox-gallery-0\" data-rl_title=\"20180613-1837-20-Panorama.jpg\" data-rl_caption=\"\" title=\"20180613-1837-20-Panorama.jpg\"><img loading=\"lazy\" decoding=\"async\" width=\"960\" height=\"570\" src=\"https:\/\/www.tomroc.com\/blog\/wp-content\/uploads\/20180613-1837-20-panorama-960x570.jpg\" alt=\"\" class=\"wp-image-18405\"\/><\/a><\/figure><\/div>\n\n\n\n<p>Une fois sur le plateau, nous sommes sur une route mais au bord de cette derni\u00e8re nous pouvons admirer de nombreuses plantes et fleurs dans les jardins des habitations.Nous aboutissons \u00e0 un joli chemin pav\u00e9 qui nous \u00e9carte de la ville. La descente qui suit est assur\u00e9ment la partie la plus sauvage et int\u00e9ressante.<\/p>\n\n\n\n<div class=\"wp-block-image\"><figure class=\"aligncenter\"><a  href=\"https:\/\/www.tomroc.com\/blog\/wp-content\/uploads\/20180613-2015-64.jpg\" data-rel=\"lightbox-gallery-0\" data-rl_title=\"20180613-2015-64.jpg\" data-rl_caption=\"\" title=\"20180613-2015-64.jpg\"><img loading=\"lazy\" decoding=\"async\" width=\"960\" height=\"720\" src=\"https:\/\/www.tomroc.com\/blog\/wp-content\/uploads\/20180613-2015-64-960x720.jpg\" alt=\"\" class=\"wp-image-18380\"\/><\/a><\/figure><\/div>\n\n\n\n<p>On peut appr\u00e9cier l&#8217;ing\u00e9niosit\u00e9, et les efforts, de tous ceux qui ont construit ces chemins qui transitent dans la montagne.<\/p>\n\n\n\n<div class=\"wp-block-image\"><figure class=\"aligncenter\"><a  href=\"https:\/\/www.tomroc.com\/blog\/wp-content\/uploads\/20180613-2048-89.jpg\" data-rel=\"lightbox-gallery-0\" data-rl_title=\"20180613-2048-89.jpg\" data-rl_caption=\"\" title=\"20180613-2048-89.jpg\"><img loading=\"lazy\" decoding=\"async\" width=\"960\" height=\"720\" src=\"https:\/\/www.tomroc.com\/blog\/wp-content\/uploads\/20180613-2048-89-960x720.jpg\" alt=\"\" class=\"wp-image-18367\"\/><\/a><\/figure><\/div>\n\n\n\n<p>Nous rejoignons la c\u00f4te et le timing est parfait, nous pouvons traverser les pieds aux secs. Les falaises pr\u00e9sentes de belles strates, que l&#8217;on peut admirer sur un bloc qui s&#8217;est effondr\u00e9.<\/p>\n\n\n\n<div class=\"wp-block-image\"><figure class=\"aligncenter\"><a  href=\"https:\/\/www.tomroc.com\/blog\/wp-content\/uploads\/20180613-2147-113.jpg\" data-rel=\"lightbox-gallery-0\" data-rl_title=\"20180613-2147-113.jpg\" data-rl_caption=\"\" title=\"20180613-2147-113.jpg\"><img loading=\"lazy\" decoding=\"async\" width=\"960\" height=\"720\" src=\"https:\/\/www.tomroc.com\/blog\/wp-content\/uploads\/20180613-2147-113-960x720.jpg\" alt=\"\" class=\"wp-image-18420\"\/><\/a><\/figure><\/div>\n\n\n\n<p>Tandis que le soleil se couche dans notre dos, nous rejoignons finalement notre point de d\u00e9part Jardim do Mar o\u00f9 nous allons diner.<\/p>\n\n\n\n<div class=\"wp-block-image\"><figure class=\"aligncenter\"><a  href=\"https:\/\/www.tomroc.com\/blog\/wp-content\/uploads\/20180613-2154-117.jpg\" data-rel=\"lightbox-gallery-0\" data-rl_title=\"20180613-2154-117.jpg\" data-rl_caption=\"\" title=\"20180613-2154-117.jpg\"><img loading=\"lazy\" decoding=\"async\" width=\"960\" height=\"720\" src=\"https:\/\/www.tomroc.com\/blog\/wp-content\/uploads\/20180613-2154-117-960x720.jpg\" alt=\"\" class=\"wp-image-18421\"\/><\/a><\/figure><\/div>\n\n\n\n<h2 class=\"wp-block-heading\">Notre parcours<\/h2>\n\n\n\t\t<div id=\"maps-marker-pro-0e1edb4e\" class=\"maps-marker-pro\" style=\"width: 100%;\">\n\t\t\t<div id=\"mmp-map-wrap-0e1edb4e\" class=\"mmp-map-wrap\">\n\t\t\t\t\t\t\t\t<div id=\"mmp-map-0e1edb4e\" class=\"mmp-map\" style=\"height: 720px;\"><\/div>\n\t\t\t\t\t\t\t\t\t<div id=\"mmp-chart-wrap-0e1edb4e\" class=\"mmp-gpx-chart-wrap\" style=\"height: 200px;\"><\/div>\n\t\t\t\t\t\t\t<\/div>\n\t\t\t\t\t<\/div>\n\t\t\n\n\n\n<ul class=\"wp-block-list\"><li>Distance (km) : 7,8<\/li><li>D\u00e9nivel\u00e9 (m) : +600 -600<\/li><li>Altitudes (m) : mini 0 maxi 600<\/li><li>Horaires : d\u00e9part 18h11 retour 22h08<\/li><\/ul>\n\n\n\n<h1 class=\"wp-block-heading\">Jeudi 14 : Pico Grande<\/h1>\n\n\n\n<p>Ce jour l\u00e0, nous visons la combinaison de randonn\u00e9es menant au circuit infernal. Nous allumons le GPS, et une fois arriv\u00e9s au point de d\u00e9part nous constatons combien il est facile de se tromper avec la saisie des destinations ! Nous ne sommes dans la bonne &#8220;zone&#8221; mais pas du tout au bon endroit. Par chance, sans le vouloir nous sommes venus au d\u00e9part d&#8217;un autre itin\u00e9raire que nous souhaitions faire ! Alors changement de plan, et aujourd&#8217;hui ce sera :<\/p>\n\n\n\n<ul class=\"wp-block-list\"><li>Pico Grande (1654m), itin\u00e9raire 38 du topo.<\/li><\/ul>\n\n\n\n<p>D\u00e8s le petit parking du d\u00e9part, la vue nous offre de beaux paysages qui nous rappellent ce que nous avons pu voir \u00e0 la r\u00e9union, exception faire des fleurs.<\/p>\n\n\n\n<div class=\"wp-block-image\"><figure class=\"aligncenter\"><a  href=\"https:\/\/www.tomroc.com\/blog\/wp-content\/uploads\/20180614-1157-133-panorama.jpg\" data-rel=\"lightbox-gallery-0\" data-rl_title=\"20180614-1157-133-Panorama.jpg\" data-rl_caption=\"\" title=\"20180614-1157-133-Panorama.jpg\"><img loading=\"lazy\" decoding=\"async\" width=\"960\" height=\"453\" src=\"https:\/\/www.tomroc.com\/blog\/wp-content\/uploads\/20180614-1157-133-panorama-960x453.jpg\" alt=\"\" class=\"wp-image-18408\"\/><\/a><\/figure><\/div>\n\n\n\n<p>Toute la randonn\u00e9e se fait globalement dans une v\u00e9g\u00e9tation jaune \/ vert, et parfois il y a des arbres tout blancs, nous avons pens\u00e9 qu&#8217;il \u00e9tait les restes d&#8217;un ancien feu de for\u00eat.<\/p>\n\n\n\n<div class=\"wp-block-image\"><figure class=\"aligncenter\"><a  href=\"https:\/\/www.tomroc.com\/blog\/wp-content\/uploads\/20180614-1539-268.jpg\" data-rel=\"lightbox-gallery-0\" data-rl_title=\"20180614-1539-268.jpg\" data-rl_caption=\"\" title=\"20180614-1539-268.jpg\"><img loading=\"lazy\" decoding=\"async\" width=\"960\" height=\"720\" src=\"https:\/\/www.tomroc.com\/blog\/wp-content\/uploads\/20180614-1539-268-960x720.jpg\" alt=\"\" class=\"wp-image-18409\"\/><\/a><\/figure><\/div>\n\n\n\n<p>Nous rejoignons le sommet,o\u00f9 je surprend un homme qui faisait apparemment bronzette les fesses \u00e0 l&#8217;air. Des nappes de brouillard son pr\u00e9sentes mais de mani\u00e8re localis\u00e9es et se tiennent \u00e0 l&#8217;\u00e9cart, alors la vue est globalement tr\u00e8s d\u00e9gag\u00e9e. De l\u00e0, deux particularit\u00e9s g\u00e9ologiques attirent notre attention. Tout d&#8217;abord, ces roches qui ont une allure tr\u00e8s &#8220;coulante&#8221;.<\/p>\n\n\n\n<div class=\"wp-block-image\"><figure class=\"aligncenter\"><a  href=\"https:\/\/www.tomroc.com\/blog\/wp-content\/uploads\/20180614-1432-207.jpg\" data-rel=\"lightbox-gallery-0\" data-rl_title=\"20180614-1432-207.jpg\" data-rl_caption=\"\" title=\"20180614-1432-207.jpg\"><img loading=\"lazy\" decoding=\"async\" width=\"960\" height=\"720\" src=\"https:\/\/www.tomroc.com\/blog\/wp-content\/uploads\/20180614-1432-207-960x720.jpg\" alt=\"\" class=\"wp-image-18381\"\/><\/a><\/figure><\/div>\n\n\n\n<p>Et ensuite ces belles strates horizontales de couleurs marron ocre.<\/p>\n\n\n\n<div class=\"wp-block-image\"><figure class=\"aligncenter\"><a  href=\"https:\/\/www.tomroc.com\/blog\/wp-content\/uploads\/20180614-1440-226.jpg\" data-rel=\"lightbox-gallery-0\" data-rl_title=\"20180614-1440-226.jpg\" data-rl_caption=\"\" title=\"20180614-1440-226.jpg\"><img loading=\"lazy\" decoding=\"async\" width=\"960\" height=\"720\" src=\"https:\/\/www.tomroc.com\/blog\/wp-content\/uploads\/20180614-1440-226-960x720.jpg\" alt=\"\" class=\"wp-image-18382\"\/><\/a><\/figure><\/div>\n\n\n\n<p>Les paysages sont tr\u00e8s escarp\u00e9s, sur le flanc \u00e0 gauche un h\u00f4tel que nous avions rep\u00e9r\u00e9 et o\u00f9 nous avons un temps envisag\u00e9 d&#8217;aller, pour la vue, mais nous a paru trop isol\u00e9.<\/p>\n\n\n\n<div class=\"wp-block-image\"><figure class=\"aligncenter\"><a  href=\"https:\/\/www.tomroc.com\/blog\/wp-content\/uploads\/20180614-1446-246.jpg\" data-rel=\"lightbox-gallery-0\" data-rl_title=\"20180614-1446-246.jpg\" data-rl_caption=\"\" title=\"20180614-1446-246.jpg\"><img loading=\"lazy\" decoding=\"async\" width=\"960\" height=\"720\" src=\"https:\/\/www.tomroc.com\/blog\/wp-content\/uploads\/20180614-1446-246-960x720.jpg\" alt=\"\" class=\"wp-image-18422\"\/><\/a><\/figure><\/div>\n\n\n\n<p>Nous rencontrons r\u00e9guli\u00e8rement ces belles fleurs d&#8217;une couleur bleu violet. Sandrine m&#8217;attend dans un coin ombrag\u00e9 tandis que j&#8217;exp\u00e9rimente l&#8217;une de mes fonctions d&#8217;appareil photo, et tente de saisir les nombreux insectes en vol. J&#8217;ai encore beaucoup de progr\u00e8s \u00e0 r\u00e9aliser, et j\u2019arr\u00eate avant de risquer de trop tester sa patience.<\/p>\n\n\n\n<div class=\"wp-block-image\"><figure class=\"aligncenter\"><a  href=\"https:\/\/www.tomroc.com\/blog\/wp-content\/uploads\/20180614-1546-329.jpg\" data-rel=\"lightbox-gallery-0\" data-rl_title=\"20180614-1546-329.jpg\" data-rl_caption=\"\" title=\"20180614-1546-329.jpg\"><img loading=\"lazy\" decoding=\"async\" width=\"960\" height=\"720\" src=\"https:\/\/www.tomroc.com\/blog\/wp-content\/uploads\/20180614-1546-329-960x720.jpg\" alt=\"\" class=\"wp-image-18410\"\/><\/a><\/figure><\/div>\n\n\n\n<h2 class=\"wp-block-heading\">Notre parcours<\/h2>\n\n\n\t\t<div id=\"maps-marker-pro-c054ecad\" class=\"maps-marker-pro\" style=\"width: 100%;\">\n\t\t\t<div id=\"mmp-map-wrap-c054ecad\" class=\"mmp-map-wrap\">\n\t\t\t\t\t\t\t\t<div id=\"mmp-map-c054ecad\" class=\"mmp-map\" style=\"height: 720px;\"><\/div>\n\t\t\t\t\t\t\t\t\t<div id=\"mmp-chart-wrap-c054ecad\" class=\"mmp-gpx-chart-wrap\" style=\"height: 200px;\"><\/div>\n\t\t\t\t\t\t\t<\/div>\n\t\t\t\t\t<\/div>\n\t\t\n\n\n\n<ul class=\"wp-block-list\"><li>Distance (km) : 9,45<\/li><li>D\u00e9nivel\u00e9 (m) : +680 -680<\/li><li>Altitudes (m) : mini 1180 maxi 1660<\/li><li>Horaires : d\u00e9part 15h53 retour 17h58<\/li><\/ul>\n\n\n\n<h1 class=\"wp-block-heading\">Vendredi 15 : de Pico das Pedras jusqu&#8217;au cirque infernal<\/h1>\n\n\n\n<p>Ce descriptif du topo nous a donn\u00e9 tr\u00e8s envie de faire la randonn\u00e9e 29:<\/p>\n\n\n\n<blockquote class=\"wp-block-quote is-layout-flow wp-block-quote-is-layout-flow\"><p>Le parcours entre le &#8220;cirque vert&#8221; et le &#8220;cirque infernal&#8221; compte parmi les itin\u00e9raires de lavada les plus fascinants de Mad\u00e8re. Il est \u00e9tonnant avec quels efforts ce syst\u00e8me sophistiqu\u00e9 de canaux a \u00e9t\u00e9 int\u00e9gr\u00e9 dans ce paysage montagneux difficilement accessible. Des cascades, des tunnels, des canyons et un cirque \u00e9norme sont les points culminants de cette randonn\u00e9e.<\/p><\/blockquote>\n\n\n\n<p>Alors nous partons pour l&#8217;enchainement de trois itin\u00e9raires, le tout annonc\u00e9 pour un total de 6h30:<\/p>\n\n\n\n<ul class=\"wp-block-list\"><li>Entre Pico das Pedras et Queimadas, itin\u00e9raire 27<\/li><li>Caldeir\u00e3o Verde, itin\u00e9raire 28<\/li><li>Vers le cirque infernal de&nbsp;Caldeir\u00e3o do Inferno, itin\u00e9raire 29<\/li><\/ul>\n\n\n\n<div class=\"wp-block-image\"><figure class=\"aligncenter\"><a  href=\"https:\/\/www.tomroc.com\/blog\/wp-content\/uploads\/20180615-1301-423.jpg\" data-rel=\"lightbox-gallery-0\" data-rl_title=\"20180615-1301-423.jpg\" data-rl_caption=\"\" title=\"20180615-1301-423.jpg\"><img loading=\"lazy\" decoding=\"async\" width=\"960\" height=\"720\" src=\"https:\/\/www.tomroc.com\/blog\/wp-content\/uploads\/20180615-1301-423-960x720.jpg\" alt=\"\" class=\"wp-image-18369\"\/><\/a><\/figure><\/div>\n\n\n\n<p>Il s&#8217;av\u00e8re que la premi\u00e8re section (itin\u00e9raire 27) ne pr\u00e9sente que peu d&#8217;int\u00e9r\u00eat \u00e0 nos yeux, peut-\u00eatre n&#8217;est pas la bonne saison pour les fleur car nous n&#8217;en voyons que tr\u00e8s peu.<\/p>\n\n\n\n<div class=\"wp-block-image\"><figure class=\"aligncenter\"><a  href=\"https:\/\/www.tomroc.com\/blog\/wp-content\/uploads\/20180615-1307-424.jpg\" data-rel=\"lightbox-gallery-0\" data-rl_title=\"20180615-1307-424.jpg\" data-rl_caption=\"\" title=\"20180615-1307-424.jpg\"><img loading=\"lazy\" decoding=\"async\" width=\"960\" height=\"720\" src=\"https:\/\/www.tomroc.com\/blog\/wp-content\/uploads\/20180615-1307-424-960x720.jpg\" alt=\"\" class=\"wp-image-18423\"\/><\/a><\/figure><\/div>\n\n\n\n<p>Les plus belles choses arrivent ensuite. Nous ne sommes pas seuls, loin de l\u00e0, mais le parcours vaut vraiment la peine. Au passage, une premi\u00e8re petite cuvette dans laquelle s&#8217;\u00e9coulent des cascades.<\/p>\n\n\n\n<div class=\"wp-block-image\"><figure class=\"aligncenter\"><a  href=\"https:\/\/www.tomroc.com\/blog\/wp-content\/uploads\/20180615-1410-441.jpg\" data-rel=\"lightbox-gallery-0\" data-rl_title=\"20180615-1410-441.jpg\" data-rl_caption=\"\" title=\"20180615-1410-441.jpg\"><img loading=\"lazy\" decoding=\"async\" width=\"540\" height=\"720\" src=\"https:\/\/www.tomroc.com\/blog\/wp-content\/uploads\/20180615-1410-441-540x720.jpg\" alt=\"\" class=\"wp-image-18411\"\/><\/a><\/figure><\/div>\n\n\n\n<p>Il s&#8217;agit d&#8217;un itin\u00e9raire parcouru, et la levada est toujours tr\u00e8s s\u00e9curis\u00e9e. Ce qui n\u2019emp\u00eache pas de cheminer parfois avec une belle verticalit\u00e9 sous les pieds.<\/p>\n\n\n\n<div class=\"wp-block-image\"><figure class=\"aligncenter\"><a  href=\"https:\/\/www.tomroc.com\/blog\/wp-content\/uploads\/20180615-1505-480.jpg\" data-rel=\"lightbox-gallery-0\" data-rl_title=\"20180615-1505-480.jpg\" data-rl_caption=\"\" title=\"20180615-1505-480.jpg\"><img loading=\"lazy\" decoding=\"async\" width=\"960\" height=\"720\" src=\"https:\/\/www.tomroc.com\/blog\/wp-content\/uploads\/20180615-1505-480-960x720.jpg\" alt=\"\" class=\"wp-image-18412\"\/><\/a><\/figure><\/div>\n\n\n\n<p>Notre marche nous m\u00e8ne \u00e0 Caldeir\u00e3o Verde, une grande cascade nich\u00e9e dans un cirque tr\u00e8s vertical.<\/p>\n\n\n\n<div class=\"wp-block-image\"><figure class=\"aligncenter\"><a  href=\"https:\/\/www.tomroc.com\/blog\/wp-content\/uploads\/20180615-1514-491.jpg\" data-rel=\"lightbox-gallery-0\" data-rl_title=\"20180615-1514-491.jpg\" data-rl_caption=\"\" title=\"20180615-1514-491.jpg\"><img loading=\"lazy\" decoding=\"async\" width=\"960\" height=\"720\" src=\"https:\/\/www.tomroc.com\/blog\/wp-content\/uploads\/20180615-1514-491-960x720.jpg\" alt=\"\" class=\"wp-image-18383\"\/><\/a><\/figure><\/div>\n\n\n\n<p>Nous avons maintenant bascul\u00e9 sur la portion de l&#8217;itin\u00e9raire 29 qui nous m\u00e8ne dans une \u00e9tonnante gorge tr\u00e8s \u00e9troite, que nous traversons gr\u00e2ce \u00e0 des passerelles m\u00e9talliques. L&#8217;eau de deux petites chutes d&#8217;eau est capt\u00e9e et va alimenter la levada. A ce niveau de la randonn\u00e9e, et \u00e0 cette heure, nous ne croisons plus personne et c&#8217;est tant mieux.<\/p>\n\n\n\n<div class=\"wp-block-image\"><figure class=\"aligncenter\"><a  href=\"https:\/\/www.tomroc.com\/blog\/wp-content\/uploads\/20180615-1602-534.jpg\" data-rel=\"lightbox-gallery-0\" data-rl_title=\"20180615-1602-534.jpg\" data-rl_caption=\"\" title=\"20180615-1602-534.jpg\"><img loading=\"lazy\" decoding=\"async\" width=\"960\" height=\"720\" src=\"https:\/\/www.tomroc.com\/blog\/wp-content\/uploads\/20180615-1602-534-960x720.jpg\" alt=\"\" class=\"wp-image-18413\"\/><\/a><\/figure><\/div>\n\n\n\n<p>Nous poursuivons notre route pour atteindre l&#8217;extr\u00e9mit\u00e9 du parcours, la grande chute du Caldeir\u00e3o do Inferno. La levada s&#8217;ach\u00e8ve, ou plut\u00f4t commence ici, et il n&#8217;est pas possible d&#8217;aller plus avant.<\/p>\n\n\n\n<div class=\"wp-block-image\"><figure class=\"aligncenter\"><a  href=\"https:\/\/www.tomroc.com\/blog\/wp-content\/uploads\/20180615-1615-547.jpg\" data-rel=\"lightbox-gallery-0\" data-rl_title=\"20180615-1615-547.jpg\" data-rl_caption=\"\" title=\"20180615-1615-547.jpg\"><img loading=\"lazy\" decoding=\"async\" width=\"960\" height=\"720\" src=\"https:\/\/www.tomroc.com\/blog\/wp-content\/uploads\/20180615-1615-547-960x720.jpg\" alt=\"\" class=\"wp-image-18424\"\/><\/a><\/figure><\/div>\n\n\n\n<p>Nous for\u00e7ons un peu plus le rythme pour le retour sur nos pas, nous avons pr\u00e8s de 14km qui nous attendent.<\/p>\n\n\n\n<div class=\"wp-block-image\"><figure class=\"aligncenter\"><a  href=\"https:\/\/www.tomroc.com\/blog\/wp-content\/uploads\/20180615-1728-585.jpg\" data-rel=\"lightbox-gallery-0\" data-rl_title=\"20180615-1728-585.jpg\" data-rl_caption=\"\" title=\"20180615-1728-585.jpg\"><img loading=\"lazy\" decoding=\"async\" width=\"960\" height=\"720\" src=\"https:\/\/www.tomroc.com\/blog\/wp-content\/uploads\/20180615-1728-585-960x720.jpg\" alt=\"\" class=\"wp-image-18385\"\/><\/a><\/figure><\/div>\n\n\n\n<h2 class=\"wp-block-heading\">Notre parcours<\/h2>\n\n\n\n<p>Le parcours est tr\u00e8s encaiss\u00e9 et la trace GPS n&#8217;\u00e9tait pas de tr\u00e8s bonne qualit\u00e9, alors j&#8217;ai plut\u00f4t repris l&#8217;itin\u00e9raire gpx fourni avec le topo et qui correspond parfaitement \u00e0 ce que nous avons fait.<\/p>\n\n\n\t\t<div id=\"maps-marker-pro-e9b76505\" class=\"maps-marker-pro\" style=\"width: 100%;\">\n\t\t\t<div id=\"mmp-map-wrap-e9b76505\" class=\"mmp-map-wrap\">\n\t\t\t\t\t\t\t\t<div id=\"mmp-map-e9b76505\" class=\"mmp-map\" style=\"height: 720px;\"><\/div>\n\t\t\t\t\t\t\t\t\t<div id=\"mmp-chart-wrap-e9b76505\" class=\"mmp-gpx-chart-wrap\" style=\"height: 200px;\"><\/div>\n\t\t\t\t\t\t\t<\/div>\n\t\t\t\t\t<\/div>\n\t\t\n\n\n\n<ul class=\"wp-block-list\"><li>Distance (km) : 21,6<\/li><li>D\u00e9nivel\u00e9 (m) : +150 -150<\/li><li>Altitudes (m) : mini 870 maxi 995<\/li><li>Horaires : d\u00e9part 13h26, retour 19h37<\/li><\/ul>\n\n\n\n<h1 class=\"wp-block-heading\">Samedi 16 : du Pico do Arieiro vers le Pico Ruivo<\/h1>\n\n\n\n<p>La m\u00e9t\u00e9o semble \u00eatre tr\u00e8s bonne pour ce samedi, alors nous envisageons l&#8217;une des belles randonn\u00e9es en altitude que nous avions rep\u00e9r\u00e9, qui va nous mener au plus haut sommet de Mad\u00e8re :<\/p>\n\n\n\n<ul class=\"wp-block-list\"><li>du Pico do Arieiro vers le Pico Ruivo (1862m), itin\u00e9raire 34<\/li><\/ul>\n\n\n\n<p>Nous fixons le r\u00e9veil \u00e0 6h afin d&#8217;avoir un maximum de chance d&#8217;\u00e9viter les nuages, et l&#8217;h\u00f4tel nous pr\u00e9pare un &#8220;panier petit-d\u00e9jeuner&#8221; que nous mangeons en arrivant au point de d\u00e9part de la randonn\u00e9e: la station radar.<\/p>\n\n\n\n<div class=\"wp-block-image\"><figure class=\"aligncenter\"><a  href=\"https:\/\/www.tomroc.com\/blog\/wp-content\/uploads\/20180616-0710-597.jpg\" data-rel=\"lightbox-gallery-0\" data-rl_title=\"20180616-0710-597.jpg\" data-rl_caption=\"\" title=\"20180616-0710-597.jpg\"><img loading=\"lazy\" decoding=\"async\" width=\"960\" height=\"720\" src=\"https:\/\/www.tomroc.com\/blog\/wp-content\/uploads\/20180616-0710-597-960x720.jpg\" alt=\"\" class=\"wp-image-18425\"\/><\/a><\/figure><\/div>\n\n\n\n<p>Le vent souffle tr\u00e8s fort sur les cr\u00eates en ce matin, mais bonne nouvelle les nuages sont bien plus bas et la vue est parfaitement d\u00e9gag\u00e9e. Nous sommes quelques couples de jeunes \u00e0 nous \u00eatre lev\u00e9s t\u00f4t, mais il n&#8217;y a pas encore foule et c&#8217;est tant mieux. Nous b\u00e9n\u00e9ficions des couleurs chaleureuses du d\u00e9but de journ\u00e9e. Le parcours chemine astucieusement sur les hauteurs, et l&#8217;homme a fa\u00e7onn\u00e9 la nature pour permettre le franchissement de nombreux passages: des vires dans les parois verticales, de nombreux tunnels sont pr\u00e9sents, des escaliers .. Le tout est bien prot\u00e9g\u00e9 par des c\u00e2bles en acier. Bref, la montagne \u00e0 port\u00e9e de tous.<\/p>\n\n\n\n<div class=\"wp-block-image\"><figure class=\"aligncenter\"><a  href=\"https:\/\/www.tomroc.com\/blog\/wp-content\/uploads\/20180616-0822-680.jpg\" data-rel=\"lightbox-gallery-0\" data-rl_title=\"20180616-0822-680.jpg\" data-rl_caption=\"\" title=\"20180616-0822-680.jpg\"><img loading=\"lazy\" decoding=\"async\" width=\"960\" height=\"720\" src=\"https:\/\/www.tomroc.com\/blog\/wp-content\/uploads\/20180616-0822-680-960x720.jpg\" alt=\"\" class=\"wp-image-18414\"\/><\/a><\/figure><\/div>\n\n\n\n<p>Les fort contrastes de lumi\u00e8re rendent difficiles les prises de vues durant la matin\u00e9e.<\/p>\n\n\n\n<div class=\"wp-block-image\"><figure class=\"aligncenter\"><a  href=\"https:\/\/www.tomroc.com\/blog\/wp-content\/uploads\/20180616-0838-685.jpg\" data-rel=\"lightbox-gallery-0\" data-rl_title=\"20180616-0838-685.jpg\" data-rl_caption=\"\" title=\"20180616-0838-685.jpg\"><img loading=\"lazy\" decoding=\"async\" width=\"960\" height=\"720\" src=\"https:\/\/www.tomroc.com\/blog\/wp-content\/uploads\/20180616-0838-685-960x720.jpg\" alt=\"\" class=\"wp-image-18386\"\/><\/a><\/figure><\/div>\n\n\n\n<p>Nous avons choisi la meilleure journ\u00e9e pour venir ici, la mer de nuage est pr\u00e9sente mais nous sommes bien au dessus.<\/p>\n\n\n\n<div class=\"wp-block-image\"><figure class=\"aligncenter\"><a  href=\"https:\/\/www.tomroc.com\/blog\/wp-content\/uploads\/20180616-0926-706.jpg\" data-rel=\"lightbox-gallery-0\" data-rl_title=\"20180616-0926-706.jpg\" data-rl_caption=\"\" title=\"20180616-0926-706.jpg\"><img loading=\"lazy\" decoding=\"async\" width=\"960\" height=\"720\" src=\"https:\/\/www.tomroc.com\/blog\/wp-content\/uploads\/20180616-0926-706-960x720.jpg\" alt=\"\" class=\"wp-image-18387\"\/><\/a><\/figure><\/div>\n\n\n\n<p>Nous atteignons le sommet Pico Ruivo, depuis lequel nous lorgnons un sommet sur lequel il n&#8217;est pas pr\u00e9vu que nous allions. Sandrine est tent\u00e9e d&#8217;y aller et me fait remarquer que le d\u00e9nivel\u00e9 n&#8217;est pas important. Je lui rappelle que notre randonn\u00e9e fait quand m\u00eame d\u00e9j\u00e0 1300m minimum \u00e0 la mont\u00e9e et \u00e0 la descente. Alors nous restons raisonnable et renon\u00e7ons \u00e0 y aller.<\/p>\n\n\n\n<div class=\"wp-block-image\"><figure class=\"aligncenter\"><a  href=\"https:\/\/www.tomroc.com\/blog\/wp-content\/uploads\/20180616-1057-779.jpg\" data-rel=\"lightbox-gallery-0\" data-rl_title=\"Depuis le Pico Ruivo, la for\u00eat blanche\" data-rl_caption=\"Mad\u00e8re, Portugal\" title=\"Depuis le Pico Ruivo, la for\u00eat blanche\"><img loading=\"lazy\" decoding=\"async\" width=\"960\" height=\"720\" src=\"https:\/\/www.tomroc.com\/blog\/wp-content\/uploads\/20180616-1057-779-960x720.jpg\" alt=\"\" class=\"wp-image-18388\"\/><\/a><\/figure><\/div>\n\n\n\n<p>Au retour, nous croisons un nombre incalculable de touristes &#8211; comme nous pourriez-vous dire &#8211; mais qui se sont manifestement lev\u00e9s bien plus tard. Il est parfois malais\u00e9 de les croiser dans les passages \u00e9troits.<\/p>\n\n\n\n<div class=\"wp-block-image\"><figure class=\"aligncenter\"><a  href=\"https:\/\/www.tomroc.com\/blog\/wp-content\/uploads\/20180616-1128-787.jpg\" data-rel=\"lightbox-gallery-0\" data-rl_title=\"20180616-1128-787.jpg\" data-rl_caption=\"\" title=\"20180616-1128-787.jpg\"><img loading=\"lazy\" decoding=\"async\" width=\"960\" height=\"720\" src=\"https:\/\/www.tomroc.com\/blog\/wp-content\/uploads\/20180616-1128-787-960x720.jpg\" alt=\"\" class=\"wp-image-18370\"\/><\/a><\/figure><\/div>\n\n\n\n<div class=\"wp-block-image\"><figure class=\"aligncenter\"><a  href=\"https:\/\/www.tomroc.com\/blog\/wp-content\/uploads\/20180616-1141-791.jpg\" data-rel=\"lightbox-gallery-0\" data-rl_title=\"20180616-1141-791.jpg\" data-rl_caption=\"\" title=\"20180616-1141-791.jpg\"><img loading=\"lazy\" decoding=\"async\" width=\"960\" height=\"720\" src=\"https:\/\/www.tomroc.com\/blog\/wp-content\/uploads\/20180616-1141-791-960x720.jpg\" alt=\"\" class=\"wp-image-18415\"\/><\/a><\/figure><\/div>\n\n\n\n<div class=\"wp-block-image\"><figure class=\"aligncenter\"><a  href=\"https:\/\/www.tomroc.com\/blog\/wp-content\/uploads\/20180616-1233-816.jpg\" data-rel=\"lightbox-gallery-0\" data-rl_title=\"20180616-1233-816.jpg\" data-rl_caption=\"\" title=\"20180616-1233-816.jpg\"><img loading=\"lazy\" decoding=\"async\" width=\"960\" height=\"720\" src=\"https:\/\/www.tomroc.com\/blog\/wp-content\/uploads\/20180616-1233-816-960x720.jpg\" alt=\"\" class=\"wp-image-18371\"\/><\/a><\/figure><\/div>\n\n\n\n<h2 class=\"wp-block-heading\">Notre parcours<\/h2>\n\n\n\t\t<div id=\"maps-marker-pro-9dfe1598\" class=\"maps-marker-pro\" style=\"width: 100%;\">\n\t\t\t<div id=\"mmp-map-wrap-9dfe1598\" class=\"mmp-map-wrap\">\n\t\t\t\t\t\t\t\t<div id=\"mmp-map-9dfe1598\" class=\"mmp-map\" style=\"height: 720px;\"><\/div>\n\t\t\t\t\t\t\t\t\t<div id=\"mmp-chart-wrap-9dfe1598\" class=\"mmp-gpx-chart-wrap\" style=\"height: 200px;\"><\/div>\n\t\t\t\t\t\t\t<\/div>\n\t\t\t\t\t<\/div>\n\t\t\n\n\n\n<ul class=\"wp-block-list\"><li>Distance (km) : 12,4<\/li><li>D\u00e9nivel\u00e9 (m) : +800 -800<\/li><li>Altitudes (m) : mini 1530 maxi 1865<\/li><li>Horaires : d\u00e9part 8h40 retour 13h52<\/li><\/ul>\n\n\n\n<h1 class=\"wp-block-heading\">Dimanche 17 : Faj\u00e3 da Nogueira<\/h1>\n\n\n\n<p>Pour ce dimanche, nous \u00e9vitons les grands itin\u00e9raires qui risquent d&#8217;\u00eatre tr\u00e8s emprunt\u00e9s, et allons plut\u00f4t explorer les levadas depuis la centrale&nbsp;Faj\u00e3 da Nogueira:<\/p>\n\n\n\n<ul class=\"wp-block-list\"><li>Faj\u00e3 da Nogueira 1, itin\u00e9raire 20<\/li><li>Faj\u00e3 da Nogueira 2, itin\u00e9raire 21<\/li><\/ul>\n\n\n\n<p>Le topo a su nous attirer par un ensemble de promesses que nous ne pouvions refuser:<\/p>\n\n\n\n<blockquote class=\"wp-block-quote is-layout-flow wp-block-quote-is-layout-flow\"><p><strong>Circuit aventureux pour les randonneurs de levada chevronn\u00e9s.&nbsp;<\/strong><\/p><p>Non seulement le trajet d&#8217;arriv\u00e9e est cahoteux, mais la randonn\u00e9e proprement dite est \u00e9galement malais\u00e9e sur un \u00e9troit chemin de levada \u00e0 travers de nombreux tunnels bas vers une cuvette vierge au pied du Pico do Gato. Pour ce parcours de levada tr\u00e8s expos\u00e9 et par endroits non s\u00e9curis\u00e9, il ne faut pas avoir le vertige.<\/p><\/blockquote>\n\n\n\n<p>Il est vrai que le trajet d&#8217;arriv\u00e9e est cahoteux. Tellement m\u00eame que pour m\u00e9nager Sandrine nous pr\u00e9f\u00e9rons interrompre la piste en voiture, et nous garons \u00e0 2,5 km du d\u00e9part.<\/p>\n\n\n\n<p>La premi\u00e8re partie est relativement ennuyeuse puisque nous montons jusqu&#8217;\u00e0 la levada par de larges routes qui cheminent dans le for\u00eat. Nous arrivons enfin \u00e0 la bifurcation: \u00e0 gauche l&#8217;itin\u00e9raire 21, et \u00e0 droite le 20. Nous d\u00e9marrons par la droite. Le parcours est agr\u00e9able mais ne pr\u00e9sente que relativement peu d&#8217;int\u00e9r\u00eat, et nous croisons un groupe qui nous indique que le chemin est interrompu plus loin par un \u00e9boulement. Nous poursuivons pour aller voir. Un tunnel est ferm\u00e9 pour &#8220;risque d&#8217;effondrement&#8221;. Nous passons quand m\u00eame, en &#8220;serrant les fesses&#8221; et en marchant comme sur des \u0153ufs. Nous poursuivons et faisons halte pour le d\u00e9jeuner. Et nous arrivons finalement face \u00e0 un gros souci. La route est totalement emport\u00e9e par un \u00e9boulement. Il semble que la &#8220;DDE&#8221; locale a entrepris de stabiliser et r\u00e9parer tout cela, mais apr\u00e8s exploration nous d\u00e9cidons que le risque de poursuivre n&#8217;en vaut pas la chandelle et faisons demi tour pour aller rejoindre l&#8217;itin\u00e9raire 21.<\/p>\n\n\n\n<div class=\"wp-block-image\"><figure class=\"aligncenter\"><a  href=\"https:\/\/www.tomroc.com\/blog\/wp-content\/uploads\/20180617-1437-874-panorama.jpg\" data-rel=\"lightbox-gallery-0\" data-rl_title=\"20180617-1437-874-Panorama.jpg\" data-rl_caption=\"\" title=\"20180617-1437-874-Panorama.jpg\"><img loading=\"lazy\" decoding=\"async\" width=\"960\" height=\"492\" src=\"https:\/\/www.tomroc.com\/blog\/wp-content\/uploads\/20180617-1437-874-panorama-960x492.jpg\" alt=\"\" class=\"wp-image-18416\"\/><\/a><\/figure><\/div>\n\n\n\n<div class=\"wp-block-image\"><figure class=\"aligncenter\"><a  href=\"https:\/\/www.tomroc.com\/blog\/wp-content\/uploads\/20180617-1515-904.jpg\" data-rel=\"lightbox-gallery-0\" data-rl_title=\"20180617-1515-904.jpg\" data-rl_caption=\"\" title=\"20180617-1515-904.jpg\"><img loading=\"lazy\" decoding=\"async\" width=\"960\" height=\"720\" src=\"https:\/\/www.tomroc.com\/blog\/wp-content\/uploads\/20180617-1515-904-960x720.jpg\" alt=\"\" class=\"wp-image-18372\"\/><\/a><\/figure><\/div>\n\n\n\n<div class=\"wp-block-image\"><figure class=\"aligncenter\"><a  href=\"https:\/\/www.tomroc.com\/blog\/wp-content\/uploads\/20180617-1519-918.jpg\" data-rel=\"lightbox-gallery-0\" data-rl_title=\"20180617-1519-918.jpg\" data-rl_caption=\"\" title=\"20180617-1519-918.jpg\"><img loading=\"lazy\" decoding=\"async\" width=\"960\" height=\"720\" src=\"https:\/\/www.tomroc.com\/blog\/wp-content\/uploads\/20180617-1519-918-960x720.jpg\" alt=\"\" class=\"wp-image-18417\"\/><\/a><\/figure><\/div>\n\n\n\n<p>Le long de la levada nous croisons un tunnel qui semble apporter de l&#8217;eau, que nous allons explorer. Il n&#8217;est en fait que peu profond, et nous y trouvons un captage d&#8217;eau de source: un grand bac plastique r\u00e9colte l&#8217;eau et des tuyaux la rapatrie.<\/p>\n\n\n\n<div class=\"wp-block-image\"><figure class=\"aligncenter\"><a  href=\"https:\/\/www.tomroc.com\/blog\/wp-content\/uploads\/20180617-1528-929.jpg\" data-rel=\"lightbox-gallery-0\" data-rl_title=\"20180617-1528-929.jpg\" data-rl_caption=\"\" title=\"20180617-1528-929.jpg\"><img loading=\"lazy\" decoding=\"async\" width=\"960\" height=\"720\" src=\"https:\/\/www.tomroc.com\/blog\/wp-content\/uploads\/20180617-1528-929-960x720.jpg\" alt=\"\" class=\"wp-image-18426\"\/><\/a><\/figure><\/div>\n\n\n\n<p>Au bout de notre itin\u00e9raire, l\u00e0 o\u00f9 nous devrions faire demi tour, se trouve une entr\u00e9e de tunnel de levada. Plut\u00f4t que d&#8217;entamer la descente, nous prolongeons par ce tunnel, et poursuivons le long de la levada. Nous arrivons sur un second tunnel, et la lumi\u00e8re est visible au loin mais nous en devinons la grande longueur. \u00c9trangement, en plus de la levada qui transporte son eau, un tuyaux en PVC est d\u00e9ploy\u00e9 tout du long. Mais pourquoi donc ?<\/p>\n\n\n\n<div class=\"wp-block-image\"><figure class=\"aligncenter\"><a  href=\"https:\/\/www.tomroc.com\/blog\/wp-content\/uploads\/20180617-1604-951.jpg\" data-rel=\"lightbox-gallery-0\" data-rl_title=\"20180617-1604-951.jpg\" data-rl_caption=\"\" title=\"20180617-1604-951.jpg\"><img loading=\"lazy\" decoding=\"async\" width=\"960\" height=\"720\" src=\"https:\/\/www.tomroc.com\/blog\/wp-content\/uploads\/20180617-1604-951-960x720.jpg\" alt=\"\" class=\"wp-image-18428\"\/><\/a><\/figure><\/div>\n\n\n\n<p>Nous aboutissons finalement sur ce qui constituera pour nous la fin de notre itin\u00e9raire, ne souhaitant pas poursuivre plus loin l&#8217;exploration mais surtout passer sur un passage expos\u00e9, les pieds dans l&#8217;eau et sous une petite chute d&#8217;eau.<\/p>\n\n\n\n<div class=\"wp-block-image\"><figure class=\"aligncenter\"><a  href=\"https:\/\/www.tomroc.com\/blog\/wp-content\/uploads\/20180617-1618-959.jpg\" data-rel=\"lightbox-gallery-0\" data-rl_title=\"20180617-1618-959.jpg\" data-rl_caption=\"\" title=\"20180617-1618-959.jpg\"><img loading=\"lazy\" decoding=\"async\" width=\"960\" height=\"720\" src=\"https:\/\/www.tomroc.com\/blog\/wp-content\/uploads\/20180617-1618-959-960x720.jpg\" alt=\"\" class=\"wp-image-18418\"\/><\/a><\/figure><\/div>\n\n\n\n<p>Nous parcourons tous nos tunnels en sens inverse, rejoignons l&#8217;itin\u00e9raire et mont\u00e9e dans la for\u00eat et la voiture.<\/p>\n\n\n\n<h2 class=\"wp-block-heading\">Notre parcours<\/h2>\n\n\n\t\t<div id=\"maps-marker-pro-f552d678\" class=\"maps-marker-pro\" style=\"width: 100%;\">\n\t\t\t<div id=\"mmp-map-wrap-f552d678\" class=\"mmp-map-wrap\">\n\t\t\t\t\t\t\t\t<div id=\"mmp-map-f552d678\" class=\"mmp-map\" style=\"height: 720px;\"><\/div>\n\t\t\t\t\t\t\t\t\t<div id=\"mmp-chart-wrap-f552d678\" class=\"mmp-gpx-chart-wrap\" style=\"height: 200px;\"><\/div>\n\t\t\t\t\t\t\t<\/div>\n\t\t\t\t\t<\/div>\n\t\t\n\n\n\n<ul class=\"wp-block-list\"><li>Distance (km) : 22<\/li><li>D\u00e9nivel\u00e9 (m) : +600 -600<\/li><li>Altitudes (m) : mini 525 maxi 1060<\/li><li>Horaires : d\u00e9part 12h23 retour 19h09<\/li><\/ul>\n\n\n\n<h1 class=\"wp-block-heading\">Lundi 18 : Lavada do Rei<\/h1>\n\n\n\n<p>Nous avons choisi aujourd&#8217;hui un itin\u00e9raire sans aucun d\u00e9nivel\u00e9 et peu de distance (10km) mais faisant partie des randonn\u00e9e &#8220;top&#8221; selon le topo:<\/p>\n\n\n\n<ul class=\"wp-block-list\"><li>Lavada do Rei, itin\u00e9raire 30<\/li><\/ul>\n\n\n\n<div class=\"wp-block-image\"><figure class=\"aligncenter\"><a  href=\"https:\/\/www.tomroc.com\/blog\/wp-content\/uploads\/20180618-1207-1033.jpg\" data-rel=\"lightbox-gallery-0\" data-rl_title=\"20180618-1207-1033.jpg\" data-rl_caption=\"\" title=\"20180618-1207-1033.jpg\"><img loading=\"lazy\" decoding=\"async\" width=\"960\" height=\"720\" src=\"https:\/\/www.tomroc.com\/blog\/wp-content\/uploads\/20180618-1207-1033-960x720.jpg\" alt=\"\" class=\"wp-image-18390\"\/><\/a><\/figure><\/div>\n\n\n\n<p>Sur le chemin, une cascade assez forte ce jour l\u00e0. Je passe tout droit, vive la tropicalisation de mon appareil photo. La plupart des touristes s&#8217;arr\u00eatent et regardent les autres passer en se demandant quelle tactique ils vont pouvoir adopter pour ne pas \u00eatre mouill\u00e9s.<\/p>\n\n\n\n<div class=\"wp-block-image\"><figure class=\"aligncenter\"><a  href=\"https:\/\/www.tomroc.com\/blog\/wp-content\/uploads\/20180618-1340-1093.jpg\" data-rel=\"lightbox-gallery-0\" data-rl_title=\"20180618-1340-1093.jpg\" data-rl_caption=\"\" title=\"20180618-1340-1093.jpg\"><img loading=\"lazy\" decoding=\"async\" width=\"960\" height=\"720\" src=\"https:\/\/www.tomroc.com\/blog\/wp-content\/uploads\/20180618-1340-1093-960x720.jpg\" alt=\"\" class=\"wp-image-18392\"\/><\/a><\/figure><\/div>\n\n\n\n<p>Nous arrivons au terme de la randonn\u00e9e, au Ribeiro Bonito, le torrent qui alimente la levada. Ce qui m&#8217;a frapp\u00e9 l\u00e0, c&#8217;est le r\u00e8gne absolu de la couleur verte. Quelques photos au tr\u00e9pied plus tard, demi tour pour rentrer sur le m\u00eame chemin.<\/p>\n\n\n\n<div class=\"wp-block-image\"><figure class=\"aligncenter\"><a  href=\"https:\/\/www.tomroc.com\/blog\/wp-content\/uploads\/20180618-1307-1062.jpg\" data-rel=\"lightbox-gallery-0\" data-rl_title=\"Vert\" data-rl_caption=\"Mad\u00e8re, Portugal\" title=\"Vert\"><img loading=\"lazy\" decoding=\"async\" width=\"960\" height=\"720\" src=\"https:\/\/www.tomroc.com\/blog\/wp-content\/uploads\/20180618-1307-1062-960x720.jpg\" alt=\"\" class=\"wp-image-18374\"\/><\/a><\/figure><\/div>\n\n\n\n<h2 class=\"wp-block-heading\">Notre parcours<\/h2>\n\n\n\t\t<div id=\"maps-marker-pro-5be2d82c\" class=\"maps-marker-pro\" style=\"width: 100%;\">\n\t\t\t<div id=\"mmp-map-wrap-5be2d82c\" class=\"mmp-map-wrap\">\n\t\t\t\t\t\t\t\t<div id=\"mmp-map-5be2d82c\" class=\"mmp-map\" style=\"height: 720px;\"><\/div>\n\t\t\t\t\t\t\t\t\t<div id=\"mmp-chart-wrap-5be2d82c\" class=\"mmp-gpx-chart-wrap\" style=\"height: 200px;\"><\/div>\n\t\t\t\t\t\t\t<\/div>\n\t\t\t\t\t<\/div>\n\t\t\n\n\n\n<ul class=\"wp-block-list\"><li>Distance (km) : 11,5<\/li><li>D\u00e9nivel\u00e9 (m) : +160 -160<\/li><li>Altitudes (m) : mini 530 maxi 710<\/li><li>Horaires : d\u00e9part 12h10 retour 15h50<\/li><\/ul>\n\n\n\n<h1 class=\"wp-block-heading\">Mardi 19 : Levadas et cascades \u00e0 Raba\u00e7al<\/h1>\n\n\n\n<p>Nous guettions le bon cr\u00e9neau pour aller sur les randonn\u00e9es ultra touristiques de la r\u00e9gion de Raba\u00e7al, pour y faire une composition libre d&#8217;un ensemble de randonn\u00e9es:<\/p>\n\n\n\n<ul class=\"wp-block-list\"><li>Lagoa do Vento, itin\u00e9raire 49<\/li><li>La cascade de Risco pr\u00e8s de Raba\u00e7al,&nbsp;itin\u00e9raire 50<\/li><li>De&nbsp;Raba\u00e7al vers les 25 sources,&nbsp;itin\u00e9raire 51<\/li><li>Lavada da Rocha Vermelha,&nbsp;itin\u00e9raire 52<\/li><\/ul>\n\n\n\n<p>Il fait tr\u00e8s beau et sans nul doute, le lieu va \u00eatre pris d&#8217;assaut par les touristes. Nous partons parmi les premiers et \u00e0 un bon rythme, n\u00e9anmoins les itin\u00e9raires sont multiples et nous tombons rapidement nez \u00e0 nez avec les premiers groupes.<\/p>\n\n\n\n<p>Nous avons fait un crochet par l&#8217;une des grandes cascade du secteur et empruntons un charmant escalier serpentant dans la v\u00e9g\u00e9tation.<\/p>\n\n\n\n<div class=\"wp-block-image\"><figure class=\"aligncenter\"><a  href=\"https:\/\/www.tomroc.com\/blog\/wp-content\/uploads\/20180619-1024-1172.jpg\" data-rel=\"lightbox-gallery-0\" data-rl_title=\"20180619-1024-1172.jpg\" data-rl_caption=\"\" title=\"20180619-1024-1172.jpg\"><img loading=\"lazy\" decoding=\"async\" width=\"960\" height=\"720\" src=\"https:\/\/www.tomroc.com\/blog\/wp-content\/uploads\/20180619-1024-1172-960x720.jpg\" alt=\"\" class=\"wp-image-18393\"\/><\/a><\/figure><\/div>\n\n\n\n<p>Le spectacle vaut clairement le d\u00e9tour. Nous profitons seuls de cet incroyable cirque et de la chute d&#8217;eau qui tombe d&#8217;une belle hauteur.<\/p>\n\n\n\n<div class=\"wp-block-image\"><figure class=\"aligncenter\"><a  href=\"https:\/\/www.tomroc.com\/blog\/wp-content\/uploads\/20180619-1041-1187.jpg\" data-rel=\"lightbox-gallery-0\" data-rl_title=\"20180619-1041-1187.jpg\" data-rl_caption=\"\" title=\"20180619-1041-1187.jpg\"><img loading=\"lazy\" decoding=\"async\" width=\"960\" height=\"720\" src=\"https:\/\/www.tomroc.com\/blog\/wp-content\/uploads\/20180619-1041-1187-960x720.jpg\" alt=\"\" class=\"wp-image-18394\"\/><\/a><\/figure><\/div>\n\n\n\n<p>Nous poursuivons notre enchainement d&#8217;itin\u00e9raire, et cette fois-ci nous avons rejoignons &#8216;the place to be&#8217; du site. Si l&#8217;on en croit l&#8217;encombrement de touristes qui se sont agglutin\u00e9s devant la cascade. J&#8217;abandonne l&#8217;id\u00e9e d&#8217;avoir une vue d\u00e9gag\u00e9e, et nous repartons rapidement.<\/p>\n\n\n\n<div class=\"wp-block-image\"><figure class=\"aligncenter\"><img loading=\"lazy\" decoding=\"async\" width=\"960\" height=\"720\" src=\"https:\/\/www.tomroc.com\/blog\/wp-content\/uploads\/20180619-1216-1245-960x720.jpg\" alt=\"\" class=\"wp-image-18432\"\/><\/figure><\/div>\n\n\n\n<div class=\"wp-block-image\"><figure class=\"aligncenter\"><a  href=\"https:\/\/www.tomroc.com\/blog\/wp-content\/uploads\/20180619-1247-1247.jpg\" data-rel=\"lightbox-gallery-0\" data-rl_title=\"20180619-1247-1247.jpg\" data-rl_caption=\"\" title=\"20180619-1247-1247.jpg\"><img loading=\"lazy\" decoding=\"async\" width=\"960\" height=\"720\" src=\"https:\/\/www.tomroc.com\/blog\/wp-content\/uploads\/20180619-1247-1247-960x720.jpg\" alt=\"\" class=\"wp-image-18395\"\/><\/a><\/figure><\/div>\n\n\n\n<p>Notre p\u00e9riple se poursuit dans des classiques levada.<\/p>\n\n\n\n<div class=\"wp-block-image\"><figure class=\"aligncenter\"><a  href=\"https:\/\/www.tomroc.com\/blog\/wp-content\/uploads\/20180619-1405-1296.jpg\" data-rel=\"lightbox-gallery-0\" data-rl_title=\"20180619-1405-1296.jpg\" data-rl_caption=\"\" title=\"20180619-1405-1296.jpg\"><img loading=\"lazy\" decoding=\"async\" width=\"960\" height=\"720\" src=\"https:\/\/www.tomroc.com\/blog\/wp-content\/uploads\/20180619-1405-1296-960x720.jpg\" alt=\"\" class=\"wp-image-18434\"\/><\/a><\/figure><\/div>\n\n\n\n<p>Nous sommes maintenant tout au bout de notre dernier itin\u00e9raire,&nbsp;Lavada da Rocha Vermelha. Le topo sugg\u00e8re de faire l\u00e0 demi-tour, mais quelle erreur \u00e0 ne pas commettre ! Nous remontons cet etonnant escalier qui longe une minuscule levada. L&#8217;eau file \u00e0 tr\u00e8s grande vitesse, la pente est raide. L&#8217;escalier et la levada se prolongent ainsi assez longtemps, et arriv\u00e9s au sommet nous faisons bel et bien demi-tour.<\/p>\n\n\n\n<div class=\"wp-block-image\"><figure class=\"aligncenter\"><a  href=\"https:\/\/www.tomroc.com\/blog\/wp-content\/uploads\/20180619-1422-1310.jpg\" data-rel=\"lightbox-gallery-0\" data-rl_title=\"20180619-1422-1310.jpg\" data-rl_caption=\"\" title=\"20180619-1422-1310.jpg\"><img loading=\"lazy\" decoding=\"async\" width=\"960\" height=\"720\" src=\"https:\/\/www.tomroc.com\/blog\/wp-content\/uploads\/20180619-1422-1310-960x720.jpg\" alt=\"\" class=\"wp-image-18435\"\/><\/a><\/figure><\/div>\n\n\n\n<p>Au passage au retour, depuis le flanc oppos\u00e9 nous pouvons voir notre premi\u00e8re cascade de la journ\u00e9e, et son prolongement plus bas.<\/p>\n\n\n\n<div class=\"wp-block-image\"><figure class=\"aligncenter\"><a  href=\"https:\/\/www.tomroc.com\/blog\/wp-content\/uploads\/20180619-1620-1350.jpg\" data-rel=\"lightbox-gallery-0\" data-rl_title=\"20180619-1620-1350.jpg\" data-rl_caption=\"\" title=\"20180619-1620-1350.jpg\"><img loading=\"lazy\" decoding=\"async\" width=\"960\" height=\"720\" src=\"https:\/\/www.tomroc.com\/blog\/wp-content\/uploads\/20180619-1620-1350-960x720.jpg\" alt=\"\" class=\"wp-image-18436\"\/><\/a><\/figure><\/div>\n\n\n\n<p>Au retour nous croisons des hordes de touristes.&nbsp;Le soleil tape vraiment fort aujourd&#8217;hui et il fait tr\u00e8s chaud. Dans la derni\u00e8re section de route qui monte raide, je pique une acc\u00e9l\u00e9ration en mode &#8216;marche norv\u00e9gienne&#8217; pour finir sur un peu de sport.<\/p>\n\n\n\n<h2 class=\"wp-block-heading\">Notre parcours<\/h2>\n\n\n\t\t<div id=\"maps-marker-pro-a7130b85\" class=\"maps-marker-pro\" style=\"width: 100%;\">\n\t\t\t<div id=\"mmp-map-wrap-a7130b85\" class=\"mmp-map-wrap\">\n\t\t\t\t\t\t\t\t<div id=\"mmp-map-a7130b85\" class=\"mmp-map\" style=\"height: 720px;\"><\/div>\n\t\t\t\t\t\t\t\t\t<div id=\"mmp-chart-wrap-a7130b85\" class=\"mmp-gpx-chart-wrap\" style=\"height: 200px;\"><\/div>\n\t\t\t\t\t\t\t<\/div>\n\t\t\t\t\t<\/div>\n\t\t\n\n\n\n<ul class=\"wp-block-list\"><li>Distance (km) : 21<\/li><li>D\u00e9nivel\u00e9 (m) : +615 -615<\/li><li>Altitudes (m) : mini 835 maxi 1300<\/li><li>Horaires : d\u00e9part 10h37 retour 17h58<\/li><\/ul>\n\n\n\n<h1 class=\"wp-block-heading\">Mercredi 20<\/h1>\n\n\n\n<p>Nous voulions faire une journ\u00e9e plus tranquille et Sandrine a rep\u00e9r\u00e9 quelques id\u00e9es autour de Funchal. Ce matin, nous ferons une balade entre Funchal et la &#8220;ville des p\u00eacheurs&#8221;.<\/p>\n\n\n\n<h2 class=\"wp-block-heading\">C\u00e2mara de Lobos<\/h2>\n\n\n\n<figure class=\"wp-block-image size-large\"><a  href=\"https:\/\/www.tomroc.com\/blog\/wp-content\/uploads\/20180620-1451-1413_dxo.jpg\" data-rel=\"lightbox-gallery-0\" data-rl_title=\"Village perch\u00e9 sur falaises\" data-rl_caption=\"C\u00e2mara de Lobos, Mad\u00e8re, Portugal\" title=\"Village perch\u00e9 sur falaises\"><img loading=\"lazy\" decoding=\"async\" width=\"960\" height=\"720\" src=\"https:\/\/www.tomroc.com\/blog\/wp-content\/uploads\/20180620-1451-1413_dxo-960x720.jpg\" alt=\"Village perch\u00e9 sur falaises\" class=\"wp-image-275281\"\/><\/a><figcaption>C\u00e2mara de Lobos, Mad\u00e8re, Portugal<\/figcaption><\/figure>\n\n\n\n<ul class=\"wp-block-list\"><li><strong>Entre le Lido Funchal et C\u00e2mara de Lobos, itin\u00e9raire 1<\/strong><\/li><\/ul>\n\n\n\n<p>Le parcours en bord de mer ne pr\u00e9sente que peu d&#8217;int\u00e9r\u00eat .. autre que d&#8217;\u00eatre en bord de mer. C&#8217;est trop urbanis\u00e9 pour \u00eatre vraiment agr\u00e9able. Nous cheminons jusqu&#8217;\u00e0 Camara de Lobos. Du village de p\u00eacheurs, conclusion de l&#8217;itin\u00e9raire, nous ne retiendrons pas grand chose. Mais heureusement, nous sommes accueillis en bout de course par une vue absolument incroyable sur des falaises plongeantes sur la mer.<\/p>\n\n\n\n<h3 class=\"wp-block-heading\">Notre parcours<\/h3>\n\n\n\t\t<div id=\"maps-marker-pro-62afe895\" class=\"maps-marker-pro\" style=\"width: 100%;\">\n\t\t\t<div id=\"mmp-map-wrap-62afe895\" class=\"mmp-map-wrap\">\n\t\t\t\t\t\t\t\t<div id=\"mmp-map-62afe895\" class=\"mmp-map\" style=\"height: 720px;\"><\/div>\n\t\t\t\t\t\t\t\t\t<div id=\"mmp-chart-wrap-62afe895\" class=\"mmp-gpx-chart-wrap\" style=\"height: 200px;\"><\/div>\n\t\t\t\t\t\t\t<\/div>\n\t\t\t\t\t<\/div>\n\t\t\n\n\n\n<ul class=\"wp-block-list\"><li>Distance (km) : 5,8<\/li><li>D\u00e9nivel\u00e9 (m) : +60 -70<\/li><li>Horaires : 12h37 &#8211; 14h39<\/li><\/ul>\n\n\n\n<h2 class=\"wp-block-heading\">S\u00e3o Louren\u00e7o<\/h2>\n\n\n\n<p>Le soir de la d\u00e9cevante balade en bord de mer, nous d\u00e9cidons d&#8217;ajouter \u00e0 notre programme un saut sur la pointe est de l&#8217;\u00eele:<\/p>\n\n\n\n<ul class=\"wp-block-list\"><li>La presqu&#8217;\u00eele de S\u00e3o Louren\u00e7o, itin\u00e9raire 12<\/li><\/ul>\n\n\n\n<p>Nous nous garons et d\u00e9marrons la randonn\u00e9e tr\u00e8s tardivement dans la journ\u00e9e, si bien que nous croisons tout le monde \u00e0 contresens, et allons \u00eatre assez paisibles. Rapidement, nous comprenons que nous aurions fait une grosse erreur si nous n&#8217;\u00e9tions pas venu ici. Les paysages sont en effets tr\u00e8s diff\u00e9rents de ce que nous avions vu jusque l\u00e0, et tout simplement beaux !<\/p>\n\n\n\n<div class=\"wp-block-image\"><figure class=\"aligncenter\"><a  href=\"https:\/\/www.tomroc.com\/blog\/wp-content\/uploads\/20180620-1827-1453.jpg\" data-rel=\"lightbox-gallery-0\" data-rl_title=\"20180620-1827-1453.jpg\" data-rl_caption=\"\" title=\"20180620-1827-1453.jpg\"><img loading=\"lazy\" decoding=\"async\" width=\"960\" height=\"720\" src=\"https:\/\/www.tomroc.com\/blog\/wp-content\/uploads\/20180620-1827-1453-960x720.jpg\" alt=\"\" class=\"wp-image-18397\"\/><\/a><\/figure><\/div>\n\n\n\n<p>Tout du long du trajet nous pouvons admirer les couleurs rouge, noir, ocre et les formations g\u00e9ologiques.<\/p>\n\n\n\n<div class=\"wp-block-image\"><figure class=\"aligncenter\"><a  href=\"https:\/\/www.tomroc.com\/blog\/wp-content\/uploads\/20180620-1833-1472.jpg\" data-rel=\"lightbox-gallery-0\" data-rl_title=\"Nuancier de couleurs\" data-rl_caption=\"Mad\u00e8re, Portugal\" title=\"Nuancier de couleurs\"><img loading=\"lazy\" decoding=\"async\" width=\"960\" height=\"720\" src=\"https:\/\/www.tomroc.com\/blog\/wp-content\/uploads\/20180620-1833-1472-960x720.jpg\" alt=\"\" class=\"wp-image-18398\"\/><\/a><\/figure><\/div>\n\n\n\n<div class=\"wp-block-image\"><figure class=\"aligncenter\"><a  href=\"https:\/\/www.tomroc.com\/blog\/wp-content\/uploads\/20180620-1911-1522-panorama.jpg\" data-rel=\"lightbox-gallery-0\" data-rl_title=\"20180620-1911-1522-Panorama.jpg\" data-rl_caption=\"\" title=\"20180620-1911-1522-Panorama.jpg\"><img loading=\"lazy\" decoding=\"async\" width=\"960\" height=\"341\" src=\"https:\/\/www.tomroc.com\/blog\/wp-content\/uploads\/20180620-1911-1522-panorama-960x341.jpg\" alt=\"\" class=\"wp-image-18399\"\/><\/a><\/figure><\/div>\n\n\n\n<p>Nous arrivons bient\u00f4t au pied du petit sommet qui marquera la fin de notre parcours, et j&#8217;ai l&#8217;impression d&#8217;avoir \u00e9t\u00e9 t\u00e9l\u00e9port\u00e9 dans un autre pays, au milieu du d\u00e9sert. Bon c&#8217;est l&#8217;image que je peux m&#8217;en faire, je ne suis jamais all\u00e9 dans le d\u00e9sert :)<\/p>\n\n\n\n<div class=\"wp-block-image\"><figure class=\"aligncenter\"><a  href=\"https:\/\/www.tomroc.com\/blog\/wp-content\/uploads\/20180620-1920-1533.jpg\" data-rel=\"lightbox-gallery-0\" data-rl_title=\"Comme un air de d\u00e9sert\" data-rl_caption=\"Presqu&#039;\u00eele de S\u00e3o Loren\u00e7o, Mad\u00e8re, Portugal\" title=\"Comme un air de d\u00e9sert\"><img loading=\"lazy\" decoding=\"async\" width=\"960\" height=\"720\" src=\"https:\/\/www.tomroc.com\/blog\/wp-content\/uploads\/20180620-1920-1533-960x720.jpg\" alt=\"\" class=\"wp-image-18376\"\/><\/a><\/figure><\/div>\n\n\n\n<p>Depuis le sommet l&#8217;on d\u00e9couvre la petite \u00eele la plus \u00e0 l&#8217;est, mais non accessible \u00e0 pied. Tout au bout \u00e0 l&#8217;extr\u00e9mit\u00e9 loge le phare.<\/p>\n\n\n\n<div class=\"wp-block-image\"><figure class=\"aligncenter\"><a  href=\"https:\/\/www.tomroc.com\/blog\/wp-content\/uploads\/20180620-1935-1539.jpg\" data-rel=\"lightbox-gallery-0\" data-rl_title=\"20180620-1935-1539.jpg\" data-rl_caption=\"\" title=\"20180620-1935-1539.jpg\"><img loading=\"lazy\" decoding=\"async\" width=\"960\" height=\"720\" src=\"https:\/\/www.tomroc.com\/blog\/wp-content\/uploads\/20180620-1935-1539-960x720.jpg\" alt=\"\" class=\"wp-image-18400\"\/><\/a><\/figure><\/div>\n\n\n\n<p>Tandis que le soleil commence \u00e0 d\u00e9cliner \u00e0 l&#8217;horizon,&nbsp; nous sommes pr\u00e9cis\u00e9ment au bon endroit \u00e0 la bonne heure pour en prendre plein les yeux. C&#8217;est \u00e0 regret que nous levons le camp pour prendre le chemin inverse.<\/p>\n\n\n\n<div class=\"wp-block-image\"><figure class=\"aligncenter\"><a  href=\"https:\/\/www.tomroc.com\/blog\/wp-content\/uploads\/20180620-1938-1545-panorama.jpg\" data-rel=\"lightbox-gallery-0\" data-rl_title=\"Coucher de soleil depuis la pointe est de Mad\u00e8re\" data-rl_caption=\"Mad\u00e8re, Portugal\" title=\"Coucher de soleil depuis la pointe est de Mad\u00e8re\"><img loading=\"lazy\" decoding=\"async\" width=\"960\" height=\"544\" src=\"https:\/\/www.tomroc.com\/blog\/wp-content\/uploads\/20180620-1938-1545-panorama-960x544.jpg\" alt=\"\" class=\"wp-image-18401\"\/><\/a><\/figure><\/div>\n\n\n\n<p>En reprenant la voiture sur le chemin du retour, nous nous disons que ce village de Cani\u00e7al aurait bien plus m\u00e9rit\u00e9 une visite que celui de C\u00e2mara de Lobos o\u00f9 nous \u00e9tions hier.<\/p>\n\n\n\n<div class=\"wp-block-image\"><figure class=\"aligncenter\"><a  href=\"https:\/\/www.tomroc.com\/blog\/wp-content\/uploads\/20180620-2059-1572-panorama.jpg\" data-rel=\"lightbox-gallery-0\" data-rl_title=\"20180620-2059-1572-Panorama.jpg\" data-rl_caption=\"\" title=\"20180620-2059-1572-Panorama.jpg\"><img loading=\"lazy\" decoding=\"async\" width=\"960\" height=\"374\" src=\"https:\/\/www.tomroc.com\/blog\/wp-content\/uploads\/20180620-2059-1572-panorama-960x374.jpg\" alt=\"\" class=\"wp-image-18377\"\/><\/a><\/figure><\/div>\n\n\n\n<h3 class=\"wp-block-heading\">Notre parcours<\/h3>\n\n\n\t\t<div id=\"maps-marker-pro-e4f34a93\" class=\"maps-marker-pro\" style=\"width: 100%;\">\n\t\t\t<div id=\"mmp-map-wrap-e4f34a93\" class=\"mmp-map-wrap\">\n\t\t\t\t\t\t\t\t<div id=\"mmp-map-e4f34a93\" class=\"mmp-map\" style=\"height: 720px;\"><\/div>\n\t\t\t\t\t\t\t\t\t<div id=\"mmp-chart-wrap-e4f34a93\" class=\"mmp-gpx-chart-wrap\" style=\"height: 200px;\"><\/div>\n\t\t\t\t\t\t\t<\/div>\n\t\t\t\t\t<\/div>\n\t\t\n\n\n\n<ul class=\"wp-block-list\"><li>Distance (km) : 8,4<\/li><li>D\u00e9nivel\u00e9 (m) : +375 -375<\/li><li>Altitudes (m) : mini 45 maxi 170<\/li><li>Horaires : d\u00e9part 19h06 retour 21h47<\/li><\/ul>\n\n\n\n<h1 class=\"wp-block-heading\">Jeudi 21<\/h1>\n\n\n\n<p>Pour cette derni\u00e8re journ\u00e9e, nous voulons ma\u00eetriser nos horaires pour le retour en avion et allons faire la visite \u00e0 Funchal de l&#8217;un des c\u00e9l\u00e8bres jardins<\/p>\n\n\n\n<h2 class=\"wp-block-heading\">Jardin tropical<\/h2>\n\n\n\n<p>Nous avions le choix entre Jardins tropical et Jardins botanique. Nous penchons pour le premier, sans trop savoir quelles sont les diff\u00e9rences \u00e0 vrai dire. Nous y retrouvons de tr\u00e8s nombreux v\u00e9g\u00e9taux que nous avons vu durant tout le s\u00e9jour, mais aussi bien d&#8217;autres plantes et fleurs. Le tout parfaitement entretenu. Le lieu est vraiment apaisant.<\/p>\n\n\n\n<div class=\"wp-block-image\"><figure class=\"aligncenter\"><a  href=\"https:\/\/www.tomroc.com\/blog\/wp-content\/uploads\/20180621-1235-1595.jpg\" data-rel=\"lightbox-gallery-0\" data-rl_title=\"20180621-1235-1595.jpg\" data-rl_caption=\"\" title=\"20180621-1235-1595.jpg\"><img loading=\"lazy\" decoding=\"async\" width=\"960\" height=\"720\" src=\"https:\/\/www.tomroc.com\/blog\/wp-content\/uploads\/20180621-1235-1595-960x720.jpg\" alt=\"\" class=\"wp-image-18402\"\/><\/a><\/figure><\/div>\n\n\n\n<div class=\"wp-block-image\"><figure class=\"aligncenter\"><a  href=\"https:\/\/www.tomroc.com\/blog\/wp-content\/uploads\/20180621-1242-1621.jpg\" data-rel=\"lightbox-gallery-0\" data-rl_title=\"20180621-1242-1621.jpg\" data-rl_caption=\"\" title=\"20180621-1242-1621.jpg\"><img loading=\"lazy\" decoding=\"async\" width=\"960\" height=\"720\" src=\"https:\/\/www.tomroc.com\/blog\/wp-content\/uploads\/20180621-1242-1621-960x720.jpg\" alt=\"\" class=\"wp-image-18403\"\/><\/a><\/figure><\/div>\n\n\n\n<p>Outre tous les v\u00e9g\u00e9taux, le lieu comprend \u00e9galement de nombreuses \u0153uvres d&#8217;art et lieu atypiques o\u00f9 d\u00e9ambuler. Sandrine pose sur cet \u00e9trange tour avec canons \u00e0 eau.<\/p>\n\n\n\n<div class=\"wp-block-image\"><figure class=\"aligncenter\"><a  href=\"https:\/\/www.tomroc.com\/blog\/wp-content\/uploads\/20180621-1248-1661.jpg\" data-rel=\"lightbox-gallery-0\" data-rl_title=\"20180621-1248-1661.jpg\" data-rl_caption=\"\" title=\"20180621-1248-1661.jpg\"><img loading=\"lazy\" decoding=\"async\" width=\"960\" height=\"720\" src=\"https:\/\/www.tomroc.com\/blog\/wp-content\/uploads\/20180621-1248-1661-960x720.jpg\" alt=\"\" class=\"wp-image-18438\"\/><\/a><\/figure><\/div>\n\n\n\n<p>Je continue \u00e0 m&#8217;entrainer avec des fonctions avanc\u00e9es de mon appareil, que je n&#8217;utilise pas encore assez souvent, comme le <em>focus stacking<\/em> &#8211; c&#8217;est \u00e0 dire la prise de multiples photos avec un point de focal d\u00e9cal\u00e9 \u00e0 chaque photo, pour produire une zone de nettet\u00e9 plus grande. Et je dois dire que \u00e7a parfois des choses assez sympa, non ?<\/p>\n\n\n\n<div class=\"wp-block-image\"><figure class=\"aligncenter\"><a  href=\"https:\/\/www.tomroc.com\/blog\/wp-content\/uploads\/20180621-1243-1631.jpg\" data-rel=\"lightbox-gallery-0\" data-rl_title=\"Eclosion de couleur\" data-rl_caption=\"Jardin Botanique de Funchal, Mad\u00e8re, Portugal\" title=\"Eclosion de couleur\"><img loading=\"lazy\" decoding=\"async\" width=\"960\" height=\"720\" src=\"https:\/\/www.tomroc.com\/blog\/wp-content\/uploads\/20180621-1243-1631-960x720.jpg\" alt=\"\" class=\"wp-image-18378\"\/><\/a><\/figure><\/div>\n\n\n\n<h2 class=\"wp-block-heading\">Les traineaux dans les rues pentues<\/h2>\n\n\n\n<p>Autour des jardins ce d\u00e9roule un man\u00e8ge pour le moins \u00e9trange: les touristes montent dans une sorte de luge en bois, s\u2019acquittent d&#8217;une somme rondelette, et descendent plus de 2 (ou deux !) km de routes en pente. Les gars \u00e0 l&#8217;arri\u00e8re avec des chapeaux en paille et des chaussures \u00e0 semelle en bois g\u00e9rant la trajectoire de la dite luge en bois. \u00c9tonnant. Nous ne succombons pas.<\/p>\n\n\n\n<div class=\"wp-block-image\"><figure class=\"aligncenter\"><a  href=\"https:\/\/www.tomroc.com\/blog\/wp-content\/uploads\/20180621-1310-1740.jpg\" data-rel=\"lightbox-gallery-0\" data-rl_title=\"20180621-1310-1740.jpg\" data-rl_caption=\"\" title=\"20180621-1310-1740.jpg\"><img loading=\"lazy\" decoding=\"async\" width=\"960\" height=\"720\" src=\"https:\/\/www.tomroc.com\/blog\/wp-content\/uploads\/20180621-1310-1740-960x720.jpg\" alt=\"\" class=\"wp-image-18404\"\/><\/a><\/figure><\/div>\n\n\n\n<h1 class=\"wp-block-heading\">Assortiment de fleurs et v\u00e9g\u00e9taux<\/h1>\n\n\n\n<p>Mad\u00e8re est appel\u00e9e l&#8217;\u00eele aux fleurs, et nous en avons compris le potentiel. Nous \u00e9tions probablement un peu tard dans la saison pour voir s&#8217;exprimer tout ce que la v\u00e9g\u00e9tation \u00e0 a offrir, mais nous avons malgr\u00e9 tout \u00e9t\u00e9 bien servis. En voici quelques extraits.<\/p>\n\n\n\n<div class=\"wp-block-image\"><figure class=\"alignleft\"><a  href=\"https:\/\/www.tomroc.com\/blog\/wp-content\/uploads\/20180621-1243-1631.jpg\" data-rel=\"lightbox-gallery-0\" data-rl_title=\"Eclosion de couleur\" data-rl_caption=\"Jardin Botanique de Funchal, Mad\u00e8re, Portugal\" title=\"Eclosion de couleur\"><img loading=\"lazy\" decoding=\"async\" width=\"150\" height=\"150\" src=\"https:\/\/www.tomroc.com\/blog\/wp-content\/uploads\/20180621-1243-1631-150x150.jpg\" alt=\"\" class=\"wp-image-18378\"\/><\/a><\/figure><\/div>\n\n\n\n<div class=\"wp-block-image\"><figure class=\"alignleft\"><a  href=\"https:\/\/www.tomroc.com\/blog\/wp-content\/uploads\/20180621-1306-1729.jpg\" data-rel=\"lightbox-gallery-0\" data-rl_title=\"20180621-1306-1729.jpg\" data-rl_caption=\"\" title=\"20180621-1306-1729.jpg\"><img loading=\"lazy\" decoding=\"async\" width=\"150\" height=\"150\" src=\"https:\/\/www.tomroc.com\/blog\/wp-content\/uploads\/20180621-1306-1729-150x150.jpg\" alt=\"\" class=\"wp-image-18442\"\/><\/a><\/figure><\/div>\n\n\n\n<div class=\"wp-block-image\"><figure class=\"alignleft\"><a  href=\"https:\/\/www.tomroc.com\/blog\/wp-content\/uploads\/20180621-1304-1720.jpg\" data-rel=\"lightbox-gallery-0\" data-rl_title=\"20180621-1304-1720.jpg\" data-rl_caption=\"\" title=\"20180621-1304-1720.jpg\"><img loading=\"lazy\" decoding=\"async\" width=\"150\" height=\"150\" src=\"https:\/\/www.tomroc.com\/blog\/wp-content\/uploads\/20180621-1304-1720-150x150.jpg\" alt=\"\" class=\"wp-image-18441\"\/><\/a><\/figure><\/div>\n\n\n\n<div class=\"wp-block-image\"><figure class=\"alignleft\"><a  href=\"https:\/\/www.tomroc.com\/blog\/wp-content\/uploads\/20180621-1259-1702.jpg\" data-rel=\"lightbox-gallery-0\" data-rl_title=\"20180621-1259-1702.jpg\" data-rl_caption=\"\" title=\"20180621-1259-1702.jpg\"><img loading=\"lazy\" decoding=\"async\" width=\"150\" height=\"150\" src=\"https:\/\/www.tomroc.com\/blog\/wp-content\/uploads\/20180621-1259-1702-150x150.jpg\" alt=\"\" class=\"wp-image-18440\"\/><\/a><\/figure><\/div>\n\n\n\n<div class=\"wp-block-image\"><figure class=\"alignleft\"><a  href=\"https:\/\/www.tomroc.com\/blog\/wp-content\/uploads\/20180621-1259-1693.jpg\" data-rel=\"lightbox-gallery-0\" data-rl_title=\"20180621-1259-1693.jpg\" data-rl_caption=\"\" title=\"20180621-1259-1693.jpg\"><img loading=\"lazy\" decoding=\"async\" width=\"150\" height=\"150\" src=\"https:\/\/www.tomroc.com\/blog\/wp-content\/uploads\/20180621-1259-1693-150x150.jpg\" alt=\"\" class=\"wp-image-18439\"\/><\/a><\/figure><\/div>\n\n\n\n<div class=\"wp-block-image\"><figure class=\"alignleft\"><a  href=\"https:\/\/www.tomroc.com\/blog\/wp-content\/uploads\/20180621-1246-1635.jpg\" data-rel=\"lightbox-gallery-0\" data-rl_title=\"20180621-1246-1635.jpg\" data-rl_caption=\"\" title=\"20180621-1246-1635.jpg\"><img loading=\"lazy\" decoding=\"async\" width=\"150\" height=\"150\" src=\"https:\/\/www.tomroc.com\/blog\/wp-content\/uploads\/20180621-1246-1635-150x150.jpg\" alt=\"\" class=\"wp-image-18437\"\/><\/a><\/figure><\/div>\n\n\n\n<div class=\"wp-block-image\"><figure class=\"alignleft\"><a  href=\"https:\/\/www.tomroc.com\/blog\/wp-content\/uploads\/20180618-1446-1145.jpg\" data-rel=\"lightbox-gallery-0\" data-rl_title=\"20180618-1446-1145.jpg\" data-rl_caption=\"\" title=\"20180618-1446-1145.jpg\"><img loading=\"lazy\" decoding=\"async\" width=\"150\" height=\"150\" src=\"https:\/\/www.tomroc.com\/blog\/wp-content\/uploads\/20180618-1446-1145-150x150.jpg\" alt=\"\" class=\"wp-image-18431\"\/><\/a><\/figure><\/div>\n\n\n\n<div class=\"wp-block-image\"><figure class=\"alignleft\"><a  href=\"https:\/\/www.tomroc.com\/blog\/wp-content\/uploads\/20180618-1445-1142.jpg\" data-rel=\"lightbox-gallery-0\" data-rl_title=\"20180618-1445-1142.jpg\" data-rl_caption=\"\" title=\"20180618-1445-1142.jpg\"><img loading=\"lazy\" decoding=\"async\" width=\"150\" height=\"150\" src=\"https:\/\/www.tomroc.com\/blog\/wp-content\/uploads\/20180618-1445-1142-150x150.jpg\" alt=\"\" class=\"wp-image-18430\"\/><\/a><\/figure><\/div>\n\n\n\n<div class=\"wp-block-image\"><figure class=\"alignleft\"><a  href=\"https:\/\/www.tomroc.com\/blog\/wp-content\/uploads\/20180618-1113-1008.jpg\" data-rel=\"lightbox-gallery-0\" data-rl_title=\"20180618-1113-1008.jpg\" data-rl_caption=\"\" title=\"20180618-1113-1008.jpg\"><img loading=\"lazy\" decoding=\"async\" width=\"150\" height=\"150\" src=\"https:\/\/www.tomroc.com\/blog\/wp-content\/uploads\/20180618-1113-1008-150x150.jpg\" alt=\"\" class=\"wp-image-18429\"\/><\/a><\/figure><\/div>\n\n\n\n<div class=\"wp-block-image\"><figure class=\"alignleft\"><a  href=\"https:\/\/www.tomroc.com\/blog\/wp-content\/uploads\/20180618-1111-981.jpg\" data-rel=\"lightbox-gallery-0\" data-rl_title=\"20180618-1111-981.jpg\" data-rl_caption=\"\" title=\"20180618-1111-981.jpg\"><img loading=\"lazy\" decoding=\"async\" width=\"150\" height=\"150\" src=\"https:\/\/www.tomroc.com\/blog\/wp-content\/uploads\/20180618-1111-981-150x150.jpg\" alt=\"\" class=\"wp-image-18373\"\/><\/a><\/figure><\/div>\n\n\n\n<div class=\"wp-block-image\"><figure class=\"alignleft\"><a  href=\"https:\/\/www.tomroc.com\/blog\/wp-content\/uploads\/20180619-1557-1345.jpg\" data-rel=\"lightbox-gallery-0\" data-rl_title=\"20180619-1557-1345.jpg\" data-rl_caption=\"\" title=\"20180619-1557-1345.jpg\"><img loading=\"lazy\" decoding=\"async\" width=\"150\" height=\"150\" src=\"https:\/\/www.tomroc.com\/blog\/wp-content\/uploads\/20180619-1557-1345-150x150.jpg\" alt=\"\" class=\"wp-image-18396\"\/><\/a><\/figure><\/div>\n\n\n\n<div class=\"wp-block-image\"><figure class=\"alignleft\"><a  href=\"https:\/\/www.tomroc.com\/blog\/wp-content\/uploads\/20180619-1319-1266.jpg\" data-rel=\"lightbox-gallery-0\" data-rl_title=\"20180619-1319-1266.jpg\" data-rl_caption=\"\" title=\"20180619-1319-1266.jpg\"><img loading=\"lazy\" decoding=\"async\" width=\"150\" height=\"150\" src=\"https:\/\/www.tomroc.com\/blog\/wp-content\/uploads\/20180619-1319-1266-150x150.jpg\" alt=\"\" class=\"wp-image-18433\"\/><\/a><\/figure><\/div>\n\n\n\n<div class=\"wp-block-image\"><figure class=\"alignleft\"><a  href=\"https:\/\/www.tomroc.com\/blog\/wp-content\/uploads\/20180617-1542-935.jpg\" data-rel=\"lightbox-gallery-0\" data-rl_title=\"20180617-1542-935.jpg\" data-rl_caption=\"\" title=\"20180617-1542-935.jpg\"><img loading=\"lazy\" decoding=\"async\" width=\"150\" height=\"150\" src=\"https:\/\/www.tomroc.com\/blog\/wp-content\/uploads\/20180617-1542-935-150x150.jpg\" alt=\"\" class=\"wp-image-18427\"\/><\/a><\/figure><\/div>\n\n\n\n<div class=\"wp-block-image\"><figure class=\"alignleft\"><a  href=\"https:\/\/www.tomroc.com\/blog\/wp-content\/uploads\/20180616-1237-819.jpg\" data-rel=\"lightbox-gallery-0\" data-rl_title=\"20180616-1237-819.jpg\" data-rl_caption=\"\" title=\"20180616-1237-819.jpg\"><img loading=\"lazy\" decoding=\"async\" width=\"150\" height=\"150\" src=\"https:\/\/www.tomroc.com\/blog\/wp-content\/uploads\/20180616-1237-819-150x150.jpg\" alt=\"\" class=\"wp-image-18389\"\/><\/a><\/figure><\/div>\n\n\n\n<div class=\"wp-block-image\"><figure class=\"alignleft\"><a  href=\"https:\/\/www.tomroc.com\/blog\/wp-content\/uploads\/20180613-2023-74.jpg\" data-rel=\"lightbox-gallery-0\" data-rl_title=\"20180613-2023-74.jpg\" data-rl_caption=\"\" title=\"20180613-2023-74.jpg\"><img loading=\"lazy\" decoding=\"async\" width=\"150\" height=\"150\" src=\"https:\/\/www.tomroc.com\/blog\/wp-content\/uploads\/20180613-2023-74-150x150.jpg\" alt=\"\" class=\"wp-image-18419\"\/><\/a><\/figure><\/div>\n\n\n\n<div class=\"wp-block-image\"><figure class=\"alignleft\"><a  href=\"https:\/\/www.tomroc.com\/blog\/wp-content\/uploads\/20180613-1950-53.jpg\" data-rel=\"lightbox-gallery-0\" data-rl_title=\"20180613-1950-53.jpg\" data-rl_caption=\"\" title=\"20180613-1950-53.jpg\"><img loading=\"lazy\" decoding=\"async\" width=\"150\" height=\"150\" src=\"https:\/\/www.tomroc.com\/blog\/wp-content\/uploads\/20180613-1950-53-150x150.jpg\" alt=\"\" class=\"wp-image-18379\"\/><\/a><\/figure><\/div>\n\n\n\n<div class=\"wp-block-image\"><figure class=\"alignleft\"><a  href=\"https:\/\/www.tomroc.com\/blog\/wp-content\/uploads\/20180618-1335-1090.jpg\" data-rel=\"lightbox-gallery-0\" data-rl_title=\"20180618-1335-1090.jpg\" data-rl_caption=\"\" title=\"20180618-1335-1090.jpg\"><img loading=\"lazy\" decoding=\"async\" width=\"150\" height=\"150\" src=\"https:\/\/www.tomroc.com\/blog\/wp-content\/uploads\/20180618-1335-1090-150x150.jpg\" alt=\"\" class=\"wp-image-18491\"\/><\/a><\/figure><\/div>\n\n\n\n<div class=\"wp-block-image\"><figure class=\"alignleft\"><a  href=\"https:\/\/www.tomroc.com\/blog\/wp-content\/uploads\/20180618-1426-1126.jpg\" data-rel=\"lightbox-gallery-0\" data-rl_title=\"20180618-1426-1126.jpg\" data-rl_caption=\"\" title=\"20180618-1426-1126.jpg\"><img loading=\"lazy\" decoding=\"async\" width=\"150\" height=\"150\" src=\"https:\/\/www.tomroc.com\/blog\/wp-content\/uploads\/20180618-1426-1126-150x150.jpg\" alt=\"\" class=\"wp-image-18492\"\/><\/a><\/figure><\/div>\n","protected":false},"excerpt":{"rendered":"<p>10 jours de vacances sportives, mais moins que d&#8217;habitude, \u00e0 Mad\u00e8re.<\/p>\n","protected":false},"author":1,"featured_media":275281,"comment_status":"open","ping_status":"open","sticky":false,"template":"","format":"standard","meta":{"_et_pb_use_builder":"","_et_pb_old_content":"","_et_gb_content_width":"","footnotes":""},"categories":[53,110],"tags":[1257,1265,845,12,846,54,624,468],"class_list":["post-18322","post","type-post","status-publish","format-standard","has-post-thumbnail","hentry","category-randonnee-trail","category-tourisme","tag-10-jours","tag-destination-lointaine","tag-madere","tag-outdoor","tag-portugal","tag-randonnee-2","tag-sandrine-p","tag-tourisme"],"_links":{"self":[{"href":"https:\/\/www.tomroc.com\/blog\/wp-json\/wp\/v2\/posts\/18322","targetHints":{"allow":["GET"]}}],"collection":[{"href":"https:\/\/www.tomroc.com\/blog\/wp-json\/wp\/v2\/posts"}],"about":[{"href":"https:\/\/www.tomroc.com\/blog\/wp-json\/wp\/v2\/types\/post"}],"author":[{"embeddable":true,"href":"https:\/\/www.tomroc.com\/blog\/wp-json\/wp\/v2\/users\/1"}],"replies":[{"embeddable":true,"href":"https:\/\/www.tomroc.com\/blog\/wp-json\/wp\/v2\/comments?post=18322"}],"version-history":[{"count":3,"href":"https:\/\/www.tomroc.com\/blog\/wp-json\/wp\/v2\/posts\/18322\/revisions"}],"predecessor-version":[{"id":275293,"href":"https:\/\/www.tomroc.com\/blog\/wp-json\/wp\/v2\/posts\/18322\/revisions\/275293"}],"wp:featuredmedia":[{"embeddable":true,"href":"https:\/\/www.tomroc.com\/blog\/wp-json\/wp\/v2\/media\/275281"}],"wp:attachment":[{"href":"https:\/\/www.tomroc.com\/blog\/wp-json\/wp\/v2\/media?parent=18322"}],"wp:term":[{"taxonomy":"category","embeddable":true,"href":"https:\/\/www.tomroc.com\/blog\/wp-json\/wp\/v2\/categories?post=18322"},{"taxonomy":"post_tag","embeddable":true,"href":"https:\/\/www.tomroc.com\/blog\/wp-json\/wp\/v2\/tags?post=18322"}],"curies":[{"name":"wp","href":"https:\/\/api.w.org\/{rel}","templated":true}]}}