{"id":18455,"date":"2018-07-14T18:38:27","date_gmt":"2018-07-14T17:38:27","guid":{"rendered":"https:\/\/www.tomroc.com\/blog\/?p=18455"},"modified":"2019-05-02T17:58:02","modified_gmt":"2019-05-02T16:58:02","slug":"randonnees-et-failles-dans-les-bauges","status":"publish","type":"post","link":"https:\/\/www.tomroc.com\/blog\/2018\/07\/randonnees-et-failles-dans-les-bauges\/","title":{"rendered":"Randonn\u00e9es et failles dans les Bauges"},"content":{"rendered":"<p>Notre biblioth\u00e8que comporte un livre que nous n&#8217;avions encore jamais utilis\u00e9 : &#8220;Topo Savoie-Haute-Savoie &#8211; Randonn\u00e9es insolites&#8221;. Jusque l\u00e0 nous trouvions les randonn\u00e9es &#8220;trop faciles&#8221; ou moins int\u00e9ressantes que toutes celles que nous avions rep\u00e9r\u00e9 dans d&#8217;autres topos et qu&#8217;il nous restait \u00e0 faire. Mais puisqu&#8217;il est d\u00e9sormais pr\u00e9f\u00e9rable que Sandrine fasse moins d&#8217;effort, nous en profitons pour ressortir ce livre et c&#8217;est donc en Savoie que nous irons ce week-end. Nous faisons la route vendredi apr\u00e8s-midi et allons \u00e9tablir notre campement dans le village Le Ch\u00e2telard, dans le parc naturel des Bauges. Pour situer, c&#8217;est au sud du lac d&#8217;Annecy.<\/p>\n<h1>Samedi : Tannes et glaci\u00e8res du Margeriaz, Golet de l&#8217;agneau et sp\u00e9l\u00e9o-rando<\/h1>\n<p>Nous d\u00e9marrons le week-end par une randonn\u00e9e en boucle:<\/p>\n<ul>\n<li>Tannes et glaci\u00e8res du Margeriaz, Golet de l&#8217;agneau<\/li>\n<\/ul>\n<p>Le parcours est tr\u00e8s balis\u00e9 et les \u00e9l\u00e9ments marquants \u00e0 ne pas rater sont m\u00eame num\u00e9rot\u00e9s et apparaissent sur la carte au d\u00e9but du parcours. Comme ce trou, joliment entour\u00e9 des racines d&#8217;un arbre.<\/p>\n<p><a  href=\"https:\/\/www.tomroc.com\/blog\/wp-content\/uploads\/20180714-1015-10.jpg\" data-rel=\"lightbox-gallery-0\" data-rl_title=\"20180714-1015-10.jpg\" data-rl_caption=\"\" title=\"20180714-1015-10.jpg\"><img loading=\"lazy\" decoding=\"async\" class=\"aligncenter size-large wp-image-18461\" src=\"https:\/\/www.tomroc.com\/blog\/wp-content\/uploads\/20180714-1015-10-960x720.jpg\" alt=\"\" width=\"960\" height=\"720\"><\/a>Le sympathique parcours en for\u00eat m\u00e8ne jusqu&#8217;au plateau et nous cheminons ensuite sur le chemin des cr\u00eates en versant sud.<\/p>\n<p><a  href=\"https:\/\/www.tomroc.com\/blog\/wp-content\/uploads\/20180714-1139-67.jpg\" data-rel=\"lightbox-gallery-0\" data-rl_title=\"20180714-1139-67.jpg\" data-rl_caption=\"\" title=\"20180714-1139-67.jpg\"><img loading=\"lazy\" decoding=\"async\" class=\"aligncenter size-large wp-image-18462\" src=\"https:\/\/www.tomroc.com\/blog\/wp-content\/uploads\/20180714-1139-67-960x720.jpg\" alt=\"\" width=\"960\" height=\"720\"><\/a>Nous acc\u00e9dons au sommet en passant par un golet &#8211; ce qui signifie gorge ou d\u00e9fil\u00e9, j&#8217;ai appris cela &#8211; et nous en profitons pour aller explorer le versant ouest.<\/p>\n<p><a  href=\"https:\/\/www.tomroc.com\/blog\/wp-content\/uploads\/20180714-1324-83.jpg\" data-rel=\"lightbox-gallery-0\" data-rl_title=\"20180714-1324-83.jpg\" data-rl_caption=\"\" title=\"20180714-1324-83.jpg\"><img loading=\"lazy\" decoding=\"async\" class=\"aligncenter size-large wp-image-18485\" src=\"https:\/\/www.tomroc.com\/blog\/wp-content\/uploads\/20180714-1324-83-960x720.jpg\" alt=\"\" width=\"960\" height=\"720\"><\/a>Nous prenons le chemin de la descente et au retour dans la for\u00eat nous rencontrons quatre sp\u00e9l\u00e9ologues qui viennent d&#8217;interrompre pr\u00e9matur\u00e9ment leur exploration. A leur pied, un gouffre et une plateforme pour descente en rappel. Il s&#8217;agit d&#8217;un r\u00e9seau qui peut se visiter sans \u00e9quipement sur la premi\u00e8re section. C&#8217;est tout am\u00e9nag\u00e9, et cela s&#8217;appelle de la &#8220;sp\u00e9l\u00e9o rando&#8221;, autre grande d\u00e9couverte du week-end.<\/p>\n<p>\u00c9videmment, nous d\u00e9cidons d&#8217;y aller. Une entr\u00e9e, sans descente en rappel initial, se trouve une centaine de m\u00e8tres plus loin.<\/p>\n<p><a  href=\"https:\/\/www.tomroc.com\/blog\/wp-content\/uploads\/20180714-1553-415.jpg\" data-rel=\"lightbox-gallery-0\" data-rl_title=\"20180714-1553-415.jpg\" data-rl_caption=\"\" title=\"20180714-1553-415.jpg\"><img loading=\"lazy\" decoding=\"async\" class=\"aligncenter size-large wp-image-18465\" src=\"https:\/\/www.tomroc.com\/blog\/wp-content\/uploads\/20180714-1553-415-960x720.jpg\" alt=\"\" width=\"960\" height=\"720\"><\/a>Tandis qu&#8217;il fait pr\u00e8s de 30 degr\u00e9s dehors, il fait environ 5 dans les cavernes. Alors nous enfilons toutes nos couches de v\u00eatements et m\u00eame les bonnets. Nous avons (presque) toujours cela en fond de sac en montagne, m\u00eame en \u00e9t\u00e9. Mais Sandrine s&#8217;aper\u00e7oit qu&#8217;elle a oubli\u00e9 sa frontale .. Alors c&#8217;est l&#8217;iPhone \u00e0 la main que Sandrine progresse; ce n&#8217;est pas toujours pratique dans les nombreux passages tr\u00e8s \u00e9troits. Le ventre passe, mais il n&#8217;aurait pas fallu venir bien plus tard :)<\/p>\n<p><img loading=\"lazy\" decoding=\"async\" class=\"aligncenter size-large wp-image-18463\" src=\"https:\/\/www.tomroc.com\/blog\/wp-content\/uploads\/20180714-1532-384-960x720.jpg\" alt=\"\" width=\"960\" height=\"720\">Le parcours fait passer par de multiples zones o\u00f9 nous rampons et contorsionnons pour passer, et de vastes caves. Des panneaux tout du long font la p\u00e9dagogie de ce que nous pouvons voir. Nous arrivons au bout et faisons demi-tour, la suite est r\u00e9serv\u00e9e aux personnes \u00e9quip\u00e9es et exp\u00e9riment\u00e9es.&nbsp;A l&#8217;\u00e0 pic du d\u00e9part en rappel, un couple et une petite fille descendent accompagn\u00e9 par un sp\u00e9l\u00e9ologue.<\/p>\n<p><a  href=\"https:\/\/www.tomroc.com\/blog\/wp-content\/uploads\/20180714-1547-408.jpg\" data-rel=\"lightbox-gallery-0\" data-rl_title=\"20180714-1547-408.jpg\" data-rl_caption=\"\" title=\"20180714-1547-408.jpg\"><img loading=\"lazy\" decoding=\"async\" class=\"aligncenter size-large wp-image-18464\" src=\"https:\/\/www.tomroc.com\/blog\/wp-content\/uploads\/20180714-1547-408-960x720.jpg\" alt=\"\" width=\"960\" height=\"720\"><\/a>Nous sortons de la grotte et le contraste de temp\u00e9rature est saisissant.&nbsp;Nous reprenons notre route de retour qui nous fait passer devant&nbsp;un bel arbre \u00e9tonnamment plac\u00e9 au dessus d&#8217;une autre ouverture de grotte.<\/p>\n<p><img loading=\"lazy\" decoding=\"async\" class=\"aligncenter size-large wp-image-18466\" src=\"https:\/\/www.tomroc.com\/blog\/wp-content\/uploads\/20180714-1603-420-960x720.jpg\" alt=\"\" width=\"960\" height=\"720\"><\/p>\n<h2>Notre parcours<\/h2>\n\t\t<div id=\"maps-marker-pro-1f238007\" class=\"maps-marker-pro\" style=\"width: 100%;\">\n\t\t\t<div id=\"mmp-map-wrap-1f238007\" class=\"mmp-map-wrap\">\n\t\t\t\t\t\t\t\t<div id=\"mmp-map-1f238007\" class=\"mmp-map\" style=\"height: 720px;\"><\/div>\n\t\t\t\t\t\t\t\t\t<div id=\"mmp-chart-wrap-1f238007\" class=\"mmp-gpx-chart-wrap\" style=\"height: 200px;\"><\/div>\n\t\t\t\t\t\t\t<\/div>\n\t\t\t\t\t<\/div>\n\t\t\n<ul>\n<li>Distance (km): 10km<\/li>\n<li>D\u00e9nivel\u00e9 (m): +600 -600<\/li>\n<li>Altitudes (m): mini 1260, maxi 1837<\/li>\n<li>Horaires: d\u00e9part 9h50, retour 16h20<\/li>\n<\/ul>\n<h1>Dimanche : Failles du cr\u00eat de Saint-Sylvestre<\/h1>\n<p>Pour ce dimanche, nous avons rep\u00e9r\u00e9 une randonn\u00e9e avec tr\u00e8s peu de d\u00e9nivel\u00e9, mais dont les photos dans le topo promettent une \u00e9tonnante attraction g\u00e9ologique:<\/p>\n<ul>\n<li>Failles du cr\u00eat de Saint-Sylvestre: 3h, +\/- 380m de d\u00e9nivel\u00e9<\/li>\n<\/ul>\n<p>Nous trainons un peu &#8216;au lit&#8217;, levons le camp au camping assez tardivement et arrivons au d\u00e9part de la randonn\u00e9e \u00e0 11h30.&nbsp;Apr\u00e8s une premi\u00e8re rapide section de descente, nous arrivons au&nbsp;Voile de la mari\u00e9e, une cascade qui ruisselle sur de la roche brune et verte.<\/p>\n<p><a  href=\"https:\/\/www.tomroc.com\/blog\/wp-content\/uploads\/20180715-1538-681.jpg\" data-rel=\"lightbox-gallery-0\" data-rl_title=\"20180715-1538-681.jpg\" data-rl_caption=\"\" title=\"20180715-1538-681.jpg\"><img loading=\"lazy\" decoding=\"async\" class=\"aligncenter size-large wp-image-18472\" src=\"https:\/\/www.tomroc.com\/blog\/wp-content\/uploads\/20180715-1538-681-960x720.jpg\" alt=\"\" width=\"960\" height=\"720\"><\/a>La balade se poursuit et alterne sections en for\u00eat, ce qui est tr\u00e8s appr\u00e9ci\u00e9 alors qu&#8217;il fait si chaud, et sur des petites routes.&nbsp;Nous arrivons aux failles et profitons de la fraicheur pour casser la cro\u00fbte \u00e0 l&#8217;entr\u00e9e, et nous d\u00e9marrons l&#8217;exploration ensuite. Et c&#8217;est une tr\u00e8s belle surprise, je ne m&#8217;attendais pas \u00e0 quelque chose d&#8217;aussi atypique et surtout si vaste.<\/p>\n<p><a  href=\"https:\/\/www.tomroc.com\/blog\/wp-content\/uploads\/20180715-1447-671-hdr.jpg\" data-rel=\"lightbox-gallery-0\" data-rl_title=\"20180715-1447-671-HDR.jpg\" data-rl_caption=\"\" title=\"20180715-1447-671-HDR.jpg\"><img loading=\"lazy\" decoding=\"async\" class=\"aligncenter size-large wp-image-18471\" src=\"https:\/\/www.tomroc.com\/blog\/wp-content\/uploads\/20180715-1447-671-hdr-960x720.jpg\" alt=\"\" width=\"960\" height=\"720\"><\/a>Nous explorons la premi\u00e8re faille la plus accessible. Tout au fond, depuis une position en surplomb d&#8217;une dizaine de m\u00e8tres, nous d\u00e9couvrons au bout qu&#8217;il existe une deuxi\u00e8me section encore plus imposante. Nous d\u00e9cidons de ne pas tenter la d\u00e9sescalade mais d&#8217;aller plut\u00f4t chercher s&#8217;il existe un autre moyen d&#8217;acc\u00e8s \u00e0 pied. Tandis que j&#8217;explore une autre faille perpendiculaire \u00e0 la premi\u00e8re section principale, je franchis un passage en escalade au dessus d&#8217;un trou b\u00e9ant. Le passage est vraiment expos\u00e9, alors&nbsp;Sandrine ne me suit pas.<\/p>\n<p><a  href=\"https:\/\/www.tomroc.com\/blog\/wp-content\/uploads\/20180715-1346-531.jpg\" data-rel=\"lightbox-gallery-0\" data-rl_title=\"20180715-1346-531.jpg\" data-rl_caption=\"\" title=\"20180715-1346-531.jpg\"><img loading=\"lazy\" decoding=\"async\" class=\"aligncenter size-large wp-image-18468\" src=\"https:\/\/www.tomroc.com\/blog\/wp-content\/uploads\/20180715-1346-531-960x720.jpg\" alt=\"\" width=\"960\" height=\"720\"><\/a>Je trouve facilement un chemin de sortie et l&#8217;emprunte, fait un grand tour et rejoins Sandrine.<\/p>\n<p><img loading=\"lazy\" decoding=\"async\" class=\"aligncenter size-large wp-image-18467\" src=\"https:\/\/www.tomroc.com\/blog\/wp-content\/uploads\/20180715-1345-525-hdr-960x720.jpg\" alt=\"\" width=\"960\" height=\"720\">Nous nous attaquons \u00e0 la recherche d&#8217;un acc\u00e8s \u00e0 la seconde grande faille, en \u00e9voluant dans les bois et visant la direction globale. Nous arrivons rapidement \u00e0 l&#8217;aplomb de la faille recherch\u00e9e, et je me lance dans une pente tr\u00e8s raide et sablonneuse; il ne faut pas se rater parce qu&#8217;en dessous attend un beau trou. Je rejoins le fond de la faille, et constate que le jeu en valait la chandelle.<\/p>\n<p><a  href=\"https:\/\/www.tomroc.com\/blog\/wp-content\/uploads\/20180715-1400-562-hdr.jpg\" data-rel=\"lightbox-gallery-0\" data-rl_title=\"Rayon de lumi\u00e8re dans une faille de Saint-Sylvestre\" data-rl_caption=\"Savoie, France\" title=\"Rayon de lumi\u00e8re dans une faille de Saint-Sylvestre\"><img loading=\"lazy\" decoding=\"async\" class=\"aligncenter size-large wp-image-18469\" src=\"https:\/\/www.tomroc.com\/blog\/wp-content\/uploads\/20180715-1400-562-hdr-960x720.jpg\" alt=\"\" width=\"960\" height=\"720\"><\/a>Plut\u00f4t que de tenter de remonter par la pente instable, je prends le parti d&#8217;explorer toute la faille afin de trouver une \u00e9ventuelle voie alternative qui me permettrait de faire venir Sandrine sans danger. Et bingo, il existe bien une pente de sortie qui sera parfaitement praticable dans l&#8217;autre sens. Je rejoins la &#8216;surface&#8217; et navigue au feeling &#8211; et \u00e0 la montre GPS &#8211; pour aller rejoindre Sandrine qui m&#8217;attends toujours au sommet de la faille. Et gr\u00e2ce au chemin rep\u00e9r\u00e9, Sandrine peut elle aussi venir profiter de la vue exceptionnelle qu&#8217;offre cette seconde section. Sa hauteur est impressionnante.<\/p>\n<p><a  href=\"https:\/\/www.tomroc.com\/blog\/wp-content\/uploads\/20180715-1432-623-hdr.jpg\" data-rel=\"lightbox-gallery-0\" data-rl_title=\"20180715-1432-623-HDR.jpg\" data-rl_caption=\"\" title=\"20180715-1432-623-HDR.jpg\"><img loading=\"lazy\" decoding=\"async\" class=\"aligncenter size-large wp-image-18470\" src=\"https:\/\/www.tomroc.com\/blog\/wp-content\/uploads\/20180715-1432-623-hdr-960x720.jpg\" alt=\"\" width=\"960\" height=\"720\"><\/a>Cela maintenant un moment que nous explorons dans la zone, et devons finalement mettre fin \u00e0 nos explorations, nous rejoignons le parcours de la randonn\u00e9e, pour cl\u00f4turer la boucle qui nous ram\u00e8ne \u00e0 la cascade du voile de la mari\u00e9e.<\/p>\n<h2>Notre parcours<\/h2>\n\t\t<div id=\"maps-marker-pro-05d66c0a\" class=\"maps-marker-pro\" style=\"width: 100%;\">\n\t\t\t<div id=\"mmp-map-wrap-05d66c0a\" class=\"mmp-map-wrap\">\n\t\t\t\t\t\t\t\t<div id=\"mmp-map-05d66c0a\" class=\"mmp-map\" style=\"height: 720px;\"><\/div>\n\t\t\t\t\t\t\t\t\t<div id=\"mmp-chart-wrap-05d66c0a\" class=\"mmp-gpx-chart-wrap\" style=\"height: 200px;\"><\/div>\n\t\t\t\t\t\t\t<\/div>\n\t\t\t\t\t<\/div>\n\t\t\n<ul>\n<li>Distance (km): 8,5<\/li>\n<li>D\u00e9nivel\u00e9 (m): +455 -455<\/li>\n<li>Altitudes (m): mini 480, maxi 670<\/li>\n<li>Horaires: d\u00e9part 11h28<\/li>\n<\/ul>\n","protected":false},"excerpt":{"rendered":"<p>. Tannes et glaci\u00e8res du Margeriaz, Golet de l&#8217;agneau<br \/>\n. Failles du cr\u00eat de Saint-Sylvestre<\/p>\n","protected":false},"author":1,"featured_media":18469,"comment_status":"open","ping_status":"open","sticky":false,"template":"","format":"standard","meta":{"_et_pb_use_builder":"off","_et_pb_old_content":"Notre biblioth\u00e8que comporte un livre que nous n'avions encore jamais utilis\u00e9 : \"Topo Savoie-Haute-Savoie - Randonn\u00e9es insolites\". Jusque l\u00e0 nous trouvions les randonn\u00e9es \"trop faciles\" ou moins int\u00e9ressantes que toutes celles que nous avions rep\u00e9r\u00e9 dans d'autres topos et qu'il nous restait \u00e0 faire. Mais puisqu'il est d\u00e9sormais pr\u00e9f\u00e9rable que Sandrine fasse moins d'effort, nous en profitons pour ressortir ce livre et c'est donc en Savoie que nous irons ce week-end. Nous faisons la route vendredi apr\u00e8s-midi et allons \u00e9tablir notre campement dans le village Le Ch\u00e2telard, dans le parc naturel des Bauges. Pour situer, c'est au sud du lac d'Annecy.\n<h1>Samedi : Tannes et glaci\u00e8res du Margeriaz, Golet de l'agneau et sp\u00e9l\u00e9o-rando<\/h1>\nNous d\u00e9marrons le week-end par une randonn\u00e9e en boucle:\n<ul>\n \t<li>Tannes et glaci\u00e8res du Margeriaz, Golet de l'agneau<\/li>\n<\/ul>\nLe parcours est tr\u00e8s balis\u00e9 et les \u00e9l\u00e9ments marquants \u00e0 ne pas rater sont m\u00eame num\u00e9rot\u00e9s et apparaissent sur la carte au d\u00e9but du parcours. Comme ce trou, joliment entour\u00e9 des racines d'un arbre.\n\n<a href=\"https:\/\/www.tomroc.com\/blog\/wp-content\/uploads\/20180714-1015-10.jpg\"><img class=\"aligncenter size-large wp-image-18461\" src=\"https:\/\/www.tomroc.com\/blog\/wp-content\/uploads\/20180714-1015-10-960x720.jpg\" alt=\"\" width=\"960\" height=\"720\"><\/a>Le sympathique parcours en for\u00eat m\u00e8ne jusqu'au plateau et nous cheminons ensuite sur le chemin des cr\u00eates en versant sud.\n\n<a href=\"https:\/\/www.tomroc.com\/blog\/wp-content\/uploads\/20180714-1139-67.jpg\"><img class=\"aligncenter size-large wp-image-18462\" src=\"https:\/\/www.tomroc.com\/blog\/wp-content\/uploads\/20180714-1139-67-960x720.jpg\" alt=\"\" width=\"960\" height=\"720\"><\/a>Nous acc\u00e9dons au sommet en passant par un golet - ce qui signifie gorge ou d\u00e9fil\u00e9, j'ai appris cela - et nous en profitons pour aller explorer le versant ouest.\n\n<a href=\"https:\/\/www.tomroc.com\/blog\/wp-content\/uploads\/20180714-1324-83.jpg\"><img class=\"aligncenter size-large wp-image-18485\" src=\"https:\/\/www.tomroc.com\/blog\/wp-content\/uploads\/20180714-1324-83-960x720.jpg\" alt=\"\" width=\"960\" height=\"720\"><\/a>Nous prenons le chemin de la descente et au retour dans la for\u00eat nous rencontrons quatre sp\u00e9l\u00e9ologues qui viennent d'interrompre pr\u00e9matur\u00e9ment leur exploration. A leur pied, un gouffre et une plateforme pour descente en rappel. Il s'agit d'un r\u00e9seau qui peut se visiter sans \u00e9quipement sur la premi\u00e8re section. C'est tout am\u00e9nag\u00e9, et cela s'appelle de la \"sp\u00e9l\u00e9o rando\", autre grande d\u00e9couverte du week-end.\n\n\u00c9videmment, nous d\u00e9cidons d'y aller. Une entr\u00e9e, sans descente en rappel initial, se trouve une centaine de m\u00e8tres plus loin.\n\n<a href=\"https:\/\/www.tomroc.com\/blog\/wp-content\/uploads\/20180714-1553-415.jpg\"><img class=\"aligncenter size-large wp-image-18465\" src=\"https:\/\/www.tomroc.com\/blog\/wp-content\/uploads\/20180714-1553-415-960x720.jpg\" alt=\"\" width=\"960\" height=\"720\"><\/a>Tandis qu'il fait pr\u00e8s de 30 degr\u00e9s dehors, il fait environ 5 dans les cavernes. Alors nous enfilons toutes nos couches de v\u00eatements et m\u00eame les bonnets. Nous avons (presque) toujours cela en fond de sac en montagne, m\u00eame en \u00e9t\u00e9. Mais Sandrine s'aper\u00e7oit qu'elle a oubli\u00e9 sa frontale .. Alors c'est l'iPhone \u00e0 la main que Sandrine progresse; ce n'est pas toujours pratique dans les nombreux passages tr\u00e8s \u00e9troits. Le ventre passe, mais il n'aurait pas fallu venir bien plus tard :)\n\n<img class=\"aligncenter size-large wp-image-18463\" src=\"https:\/\/www.tomroc.com\/blog\/wp-content\/uploads\/20180714-1532-384-960x720.jpg\" alt=\"\" width=\"960\" height=\"720\">Le parcours fait passer par de multiples zones o\u00f9 nous rampons et contorsionnons pour passer, et de vastes caves. Des panneaux tout du long font la p\u00e9dagogie de ce que nous pouvons voir. Nous arrivons au bout et faisons demi-tour, la suite est r\u00e9serv\u00e9e aux personnes \u00e9quip\u00e9es et exp\u00e9riment\u00e9es.&nbsp;A l'\u00e0 pic du d\u00e9part en rappel, un couple et une petite fille descendent accompagn\u00e9 par un sp\u00e9l\u00e9ologue.\n\n<a href=\"https:\/\/www.tomroc.com\/blog\/wp-content\/uploads\/20180714-1547-408.jpg\"><img class=\"aligncenter size-large wp-image-18464\" src=\"https:\/\/www.tomroc.com\/blog\/wp-content\/uploads\/20180714-1547-408-960x720.jpg\" alt=\"\" width=\"960\" height=\"720\"><\/a>Nous sortons de la grotte et le contraste de temp\u00e9rature est saisissant.&nbsp;Nous reprenons notre route de retour qui nous fait passer devant&nbsp;un bel arbre \u00e9tonnamment plac\u00e9 au dessus d'une autre ouverture de grotte.\n\n<img class=\"aligncenter size-large wp-image-18466\" src=\"https:\/\/www.tomroc.com\/blog\/wp-content\/uploads\/20180714-1603-420-960x720.jpg\" alt=\"\" width=\"960\" height=\"720\">\n<h2>Notre parcours<\/h2>\n[mapsmarker marker=\"348\"]\n<ul>\n \t<li>Distance (km): 10km<\/li>\n \t<li>D\u00e9nivel\u00e9 (m): +600 -600<\/li>\n \t<li>Altitudes (m): mini 1260, maxi 1837<\/li>\n \t<li>Horaires: d\u00e9part 9h50, retour 16h20<\/li>\n<\/ul>\n<h1>Dimanche : Failles du cr\u00eat de Saint-Sylvestre<\/h1>\nPour ce dimanche, nous avons rep\u00e9r\u00e9 une randonn\u00e9e avec tr\u00e8s peu de d\u00e9nivel\u00e9, mais dont les photos dans le topo promettent une \u00e9tonnante attraction g\u00e9ologique:\n<ul>\n \t<li>Failles du cr\u00eat de Saint-Sylvestre: 3h, +\/- 380m de d\u00e9nivel\u00e9<\/li>\n<\/ul>\nNous trainons un peu 'au lit', levons le camp au camping assez tardivement et arrivons au d\u00e9part de la randonn\u00e9e \u00e0 11h30.&nbsp;Apr\u00e8s une premi\u00e8re rapide section de descente, nous arrivons au&nbsp;Voile de la mari\u00e9e, une cascade qui ruisselle sur de la roche brune et verte.\n\n<a href=\"https:\/\/www.tomroc.com\/blog\/wp-content\/uploads\/20180715-1538-681.jpg\"><img class=\"aligncenter size-large wp-image-18472\" src=\"https:\/\/www.tomroc.com\/blog\/wp-content\/uploads\/20180715-1538-681-960x720.jpg\" alt=\"\" width=\"960\" height=\"720\"><\/a>La balade se poursuit et alterne sections en for\u00eat, ce qui est tr\u00e8s appr\u00e9ci\u00e9 alors qu'il fait si chaud, et sur des petites routes.&nbsp;Nous arrivons aux failles et profitons de la fraicheur pour casser la cro\u00fbte \u00e0 l'entr\u00e9e, et nous d\u00e9marrons l'exploration ensuite. Et c'est une tr\u00e8s belle surprise, je ne m'attendais pas \u00e0 quelque chose d'aussi atypique et surtout si vaste.\n\n<a href=\"https:\/\/www.tomroc.com\/blog\/wp-content\/uploads\/20180715-1447-671-hdr.jpg\"><img class=\"aligncenter size-large wp-image-18471\" src=\"https:\/\/www.tomroc.com\/blog\/wp-content\/uploads\/20180715-1447-671-hdr-960x720.jpg\" alt=\"\" width=\"960\" height=\"720\"><\/a>Nous explorons la premi\u00e8re faille la plus accessible. Tout au fond, depuis une position en surplomb d'une dizaine de m\u00e8tres, nous d\u00e9couvrons au bout qu'il existe une deuxi\u00e8me section encore plus imposante. Nous d\u00e9cidons de ne pas tenter la d\u00e9sescalade mais d'aller plut\u00f4t chercher s'il existe un autre moyen d'acc\u00e8s \u00e0 pied. Tandis que j'explore une autre faille perpendiculaire \u00e0 la premi\u00e8re section principale, je franchis un passage en escalade au dessus d'un trou b\u00e9ant. Le passage est vraiment expos\u00e9, alors&nbsp;Sandrine ne me suit pas.\n\n<a href=\"https:\/\/www.tomroc.com\/blog\/wp-content\/uploads\/20180715-1346-531.jpg\"><img class=\"aligncenter size-large wp-image-18468\" src=\"https:\/\/www.tomroc.com\/blog\/wp-content\/uploads\/20180715-1346-531-960x720.jpg\" alt=\"\" width=\"960\" height=\"720\"><\/a>Je trouve facilement un chemin de sortie et l'emprunte, fait un grand tour et rejoins Sandrine.\n\n<img class=\"aligncenter size-large wp-image-18467\" src=\"https:\/\/www.tomroc.com\/blog\/wp-content\/uploads\/20180715-1345-525-hdr-960x720.jpg\" alt=\"\" width=\"960\" height=\"720\">Nous nous attaquons \u00e0 la recherche d'un acc\u00e8s \u00e0 la seconde grande faille, en \u00e9voluant dans les bois et visant la direction globale. Nous arrivons rapidement \u00e0 l'aplomb de la faille recherch\u00e9e, et je me lance dans une pente tr\u00e8s raide et sablonneuse; il ne faut pas se rater parce qu'en dessous attend un beau trou. Je rejoins le fond de la faille, et constate que le jeu en valait la chandelle.\n\n<a href=\"https:\/\/www.tomroc.com\/blog\/wp-content\/uploads\/20180715-1400-562-hdr.jpg\"><img class=\"aligncenter size-large wp-image-18469\" src=\"https:\/\/www.tomroc.com\/blog\/wp-content\/uploads\/20180715-1400-562-hdr-960x720.jpg\" alt=\"\" width=\"960\" height=\"720\"><\/a>Plut\u00f4t que de tenter de remonter par la pente instable, je prends le parti d'explorer toute la faille afin de trouver une \u00e9ventuelle voie alternative qui me permettrait de faire venir Sandrine sans danger. Et bingo, il existe bien une pente de sortie qui sera parfaitement praticable dans l'autre sens. Je rejoins la 'surface' et navigue au feeling - et \u00e0 la montre GPS - pour aller rejoindre Sandrine qui m'attends toujours au sommet de la faille. Et gr\u00e2ce au chemin rep\u00e9r\u00e9, Sandrine peut elle aussi venir profiter de la vue exceptionnelle qu'offre cette seconde section. Sa hauteur est impressionnante.\n\n<a href=\"https:\/\/www.tomroc.com\/blog\/wp-content\/uploads\/20180715-1432-623-hdr.jpg\"><img class=\"aligncenter size-large wp-image-18470\" src=\"https:\/\/www.tomroc.com\/blog\/wp-content\/uploads\/20180715-1432-623-hdr-960x720.jpg\" alt=\"\" width=\"960\" height=\"720\"><\/a>Cela maintenant un moment que nous explorons dans la zone, et devons finalement mettre fin \u00e0 nos explorations, nous rejoignons le parcours de la randonn\u00e9e, pour cl\u00f4turer la boucle qui nous ram\u00e8ne \u00e0 la cascade du voile de la mari\u00e9e.\n<h2>Notre parcours<\/h2>\n[mapsmarker marker=\"349\"]\n<ul>\n \t<li>Distance (km): 8,5<\/li>\n \t<li>D\u00e9nivel\u00e9 (m): +455 -455<\/li>\n \t<li>Altitudes (m): mini 480, maxi 670<\/li>\n \t<li>Horaires: d\u00e9part 11h28<\/li>\n<\/ul>","_et_gb_content_width":"","footnotes":""},"categories":[53,86],"tags":[1256,851,12,54,624,667],"class_list":["post-18455","post","type-post","status-publish","format-standard","has-post-thumbnail","hentry","category-randonnee-trail","category-sousterre","tag-2-jours","tag-bauges","tag-outdoor","tag-randonnee-2","tag-sandrine-p","tag-savoie"],"_links":{"self":[{"href":"https:\/\/www.tomroc.com\/blog\/wp-json\/wp\/v2\/posts\/18455","targetHints":{"allow":["GET"]}}],"collection":[{"href":"https:\/\/www.tomroc.com\/blog\/wp-json\/wp\/v2\/posts"}],"about":[{"href":"https:\/\/www.tomroc.com\/blog\/wp-json\/wp\/v2\/types\/post"}],"author":[{"embeddable":true,"href":"https:\/\/www.tomroc.com\/blog\/wp-json\/wp\/v2\/users\/1"}],"replies":[{"embeddable":true,"href":"https:\/\/www.tomroc.com\/blog\/wp-json\/wp\/v2\/comments?post=18455"}],"version-history":[{"count":1,"href":"https:\/\/www.tomroc.com\/blog\/wp-json\/wp\/v2\/posts\/18455\/revisions"}],"predecessor-version":[{"id":278235,"href":"https:\/\/www.tomroc.com\/blog\/wp-json\/wp\/v2\/posts\/18455\/revisions\/278235"}],"wp:featuredmedia":[{"embeddable":true,"href":"https:\/\/www.tomroc.com\/blog\/wp-json\/wp\/v2\/media\/18469"}],"wp:attachment":[{"href":"https:\/\/www.tomroc.com\/blog\/wp-json\/wp\/v2\/media?parent=18455"}],"wp:term":[{"taxonomy":"category","embeddable":true,"href":"https:\/\/www.tomroc.com\/blog\/wp-json\/wp\/v2\/categories?post=18455"},{"taxonomy":"post_tag","embeddable":true,"href":"https:\/\/www.tomroc.com\/blog\/wp-json\/wp\/v2\/tags?post=18455"}],"curies":[{"name":"wp","href":"https:\/\/api.w.org\/{rel}","templated":true}]}}