{"id":18558,"date":"2018-09-08T19:33:00","date_gmt":"2018-09-08T18:33:00","guid":{"rendered":"https:\/\/www.tomroc.com\/blog\/?p=18558"},"modified":"2021-07-26T18:21:11","modified_gmt":"2021-07-26T17:21:11","slug":"tete-de-la-maye-et-cornes-de-pie-berarde","status":"publish","type":"post","link":"https:\/\/www.tomroc.com\/blog\/2018\/09\/tete-de-la-maye-et-cornes-de-pie-berarde\/","title":{"rendered":"T\u00eate de la Maye et Cornes de Pi\u00e9 B\u00e9rarde, en Ecrins"},"content":{"rendered":"<p>Pour cette sortie du CAF \u00e0 la B\u00e9rarde, Florian S. et moi encadrons quatre participants : Ghita D., Vincent B., Elodie P. et H\u00e9l\u00e8ne V. Seule Ghita est une habitu\u00e9e, les trois autres sont des nouveaux venus au club, que nous ne connaissons donc pas encore. Notre objectif principal sera la course des Cornes de Pi\u00e9 B\u00e9rarde, avec la journ\u00e9e du samedi pour nous mettre en jambes et jauger le groupe.<\/p>\n<h1>T\u00eate de la Maye<\/h1>\n<p>Nous d\u00e9posons les affaires au refuge CAF de la B\u00e9rarde, et choisissons une voie facile d&#8217;acc\u00e8s et de niveau mod\u00e9r\u00e9, notre ambition \u00e9tant de faire de la progression \u00e0 corde tendue lorsque possible afin de voir le niveau d&#8217;aisance de tout le monde.<\/p>\n<p>Florian m\u00e8ne la troupe et c&#8217;est par erreur que nous d\u00e9marrons par la voie &#8220;Heckel et Jeckel&#8221; qui s&#8217;av\u00e8re un peu plus trapue que le niveau escompt\u00e9. Et c&#8217;est d&#8217;ailleurs ce qui nous met la puce \u00e0 l&#8217;oreille. Et d\u00e8s que possible, nous exploitons une vire herbeuse qui nous permet d&#8217;aller finalement rejoindre et enchainer sur la voie vis\u00e9e:<\/p>\n<ul>\n<li><a href=\"https:\/\/www.camptocamp.org\/routes\/54224\/fr\/tete-de-la-maye-pujolidal\">T\u00eate de la Maille : Pujolidal (D\u00a05c &gt; 5bA0\u00a0\u00a0I)\u00a0<\/a><\/li>\n<\/ul>\n<p><a  href=\"https:\/\/www.tomroc.com\/blog\/wp-content\/uploads\/20180908-1317-22.jpg\" data-rel=\"lightbox-gallery-0\" data-rl_title=\"20180908-1317-22.jpg\" data-rl_caption=\"\" title=\"20180908-1317-22.jpg\"><img loading=\"lazy\" decoding=\"async\" class=\"aligncenter size-large wp-image-18571\" src=\"https:\/\/www.tomroc.com\/blog\/wp-content\/uploads\/20180908-1317-22-960x720.jpg\" alt=\"\" width=\"960\" height=\"720\" \/><\/a><\/p>\n<p>Apr\u00e8s quelques sympathiques passages en dalle, nous sortons de la voie et acc\u00e9dons \u00e0 une grande pente herbeuse qui permet d&#8217;acc\u00e9der \u00e0 un replat, o\u00f9 se trouve le chemin du retour.<\/p>\n<p><a  href=\"https:\/\/www.tomroc.com\/blog\/wp-content\/uploads\/20180908-1614-32.jpg\" data-rel=\"lightbox-gallery-0\" data-rl_title=\"20180908-1614-32.jpg\" data-rl_caption=\"\" title=\"20180908-1614-32.jpg\"><img loading=\"lazy\" decoding=\"async\" class=\"aligncenter size-large wp-image-18560\" src=\"https:\/\/www.tomroc.com\/blog\/wp-content\/uploads\/20180908-1614-32-960x720.jpg\" alt=\"\" width=\"960\" height=\"720\" \/><\/a><\/p>\n<p>Nous avons un magnifique point de vue sur le sommet et la course que nous envisageons pour le lendemain, les Cornes de Pied B\u00e9rarde. L&#8217;itin\u00e9raire remonte le vallon \u00e0 gauche sur la photo, et l&#8217;itin\u00e9raire de descente depuis le sommet et\u00a0menant \u00e0 la seconde vall\u00e9e \u00e0 droite est presque int\u00e9gralement visible.<\/p>\n<p><a  href=\"https:\/\/www.tomroc.com\/blog\/wp-content\/uploads\/20180908-1627-34.jpg\" data-rel=\"lightbox-gallery-0\" data-rl_title=\"20180908-1627-34.jpg\" data-rl_caption=\"\" title=\"20180908-1627-34.jpg\"><img loading=\"lazy\" decoding=\"async\" class=\"aligncenter size-large wp-image-18572\" src=\"https:\/\/www.tomroc.com\/blog\/wp-content\/uploads\/20180908-1627-34-960x720.jpg\" alt=\"\" width=\"960\" height=\"720\" \/><\/a><\/p>\n<p>Une partie du groupe profite d&#8217;\u00eatre l\u00e0 pour pousser un peu plus loin jusqu&#8217;au sommet de la T\u00eate de la Maille, et apr\u00e8s quelques photos nous redescendons au refuge.<\/p>\n<p><a  href=\"https:\/\/www.tomroc.com\/blog\/wp-content\/uploads\/20180908-1646-47-panorama.jpg\" data-rel=\"lightbox-gallery-0\" data-rl_title=\"20180908-1646-47-Panorama.jpg\" data-rl_caption=\"\" title=\"20180908-1646-47-Panorama.jpg\"><img loading=\"lazy\" decoding=\"async\" class=\"aligncenter size-large wp-image-18561\" src=\"https:\/\/www.tomroc.com\/blog\/wp-content\/uploads\/20180908-1646-47-panorama-960x197.jpg\" alt=\"\" width=\"960\" height=\"197\" \/><\/a><\/p>\n<p>Cette journ\u00e9e test nous aura montr\u00e9 que nous ne sommes pas rapide das les manoeuvres et que l&#8217;exp\u00e9rience de nos participants est encore relativement faible, n\u00e9anmoins, apr\u00e8s de nombreuses discussions et \u00e9changes entre Florian et moi et les participants, nous d\u00e9cidons que nous allons tout de m\u00eame nous lancer dans la course initialement envisag\u00e9e, en nous donnant comme r\u00e8gle de v\u00e9rifier des barri\u00e8res horaires et faire demi tour si nous d\u00e9vions trop.<\/p>\n<h2>Notre parcours<\/h2>\n\t\t<div id=\"maps-marker-pro-c8c8cf4e\" class=\"maps-marker-pro\" style=\"width: 100%;\">\n\t\t\t<div id=\"mmp-map-wrap-c8c8cf4e\" class=\"mmp-map-wrap\">\n\t\t\t\t\t\t\t\t<div id=\"mmp-map-c8c8cf4e\" class=\"mmp-map\" style=\"height: 720px;\"><\/div>\n\t\t\t\t\t\t\t\t\t<div id=\"mmp-chart-wrap-c8c8cf4e\" class=\"mmp-gpx-chart-wrap\" style=\"height: 200px;\"><\/div>\n\t\t\t\t\t\t\t<\/div>\n\t\t\t\t\t<\/div>\n\t\t\n<ul>\n<li>Distance (km) : 7<\/li>\n<li>D\u00e9nivel\u00e9 (m) : +965 -440<\/li>\n<li>Altitudes : mini 1636 maxi 2400<\/li>\n<li>Horaires : d\u00e9part 9h02 17h16<\/li>\n<\/ul>\n<h1>Cornes de Pi\u00e9 B\u00e9rarde : Ar\u00eate nord nord est<\/h1>\n<ul>\n<li><a href=\"https:\/\/www.camptocamp.org\/routes\/56718\/fr\/cornes-de-pie-berarde-eperon-ne\">Cornes de Pi\u00e9 B\u00e9rarde : Eperon NE (D- 5a\u00a0III)<\/a><\/li>\n<\/ul>\n<p>Nous partons \u00e0 la frontale et remontons le vallon du glacier de Bonne Pierre sans encombres. La descente sur le glacier &#8211; ou plut\u00f4t le champ de rochers &#8211; s&#8217;av\u00e8re peu commode et m\u00eame dangereux \u00e0 cause de chutes de pierres. Nous rep\u00e9rons facilement le couloir d&#8217;attaque de la voie au loin et remontons les pierrier pour le \u00a0rejoindre. Le rocher est tr\u00e8s instable et l&#8217;endroit relativement expos\u00e9, alors nous faisons de notre mieux pour nous \u00e9quiper rapidement.\u00a0<a  href=\"https:\/\/www.tomroc.com\/blog\/wp-content\/uploads\/20180909-0757-82.jpg\" data-rel=\"lightbox-gallery-0\" data-rl_title=\"20180909-0757-82.jpg\" data-rl_caption=\"\" title=\"20180909-0757-82.jpg\"><img loading=\"lazy\" decoding=\"async\" class=\"aligncenter size-large wp-image-18573\" src=\"https:\/\/www.tomroc.com\/blog\/wp-content\/uploads\/20180909-0757-82-960x720.jpg\" alt=\"\" width=\"960\" height=\"720\" \/><\/a><\/p>\n<p>Nos participants d\u00e9couvrent alors ce que c&#8217;est que de grimper en terrain d&#8217;aventure, et sur du rocher (tr\u00e8s) pourri. Heureusement la confiance apparente des encadrants les rassure et nous entamons l&#8217;ascension.<\/p>\n<p><a  href=\"https:\/\/www.tomroc.com\/blog\/wp-content\/uploads\/20180909-1235-115.jpg\" data-rel=\"lightbox-gallery-0\" data-rl_title=\"20180909-1235-115.jpg\" data-rl_caption=\"\" title=\"20180909-1235-115.jpg\"><img loading=\"lazy\" decoding=\"async\" class=\"aligncenter size-large wp-image-18562\" src=\"https:\/\/www.tomroc.com\/blog\/wp-content\/uploads\/20180909-1235-115-960x720.jpg\" alt=\"\" width=\"960\" height=\"720\" \/><\/a><\/p>\n<p>La cord\u00e9e de Florian, avec Elodie et H\u00e9l\u00e8ne, progresse plus vite que nous et petit \u00e0 petit creuse l&#8217;\u00e9cart. Ce qui est bien dommage puisque je n&#8217;ai pas pris le topo et comptais sur mon compagnon pour me montrer la voie. Alors nous perdons encore plus de temps et l&#8217;\u00e9cart se creuse.<\/p>\n<p><a  href=\"https:\/\/www.tomroc.com\/blog\/wp-content\/uploads\/20180909-1315-117.jpg\" data-rel=\"lightbox-gallery-0\" data-rl_title=\"20180909-1315-117.jpg\" data-rl_caption=\"\" title=\"20180909-1315-117.jpg\"><img loading=\"lazy\" decoding=\"async\" class=\"aligncenter size-large wp-image-18563\" src=\"https:\/\/www.tomroc.com\/blog\/wp-content\/uploads\/20180909-1315-117-960x720.jpg\" alt=\"\" width=\"960\" height=\"720\" \/><\/a><\/p>\n<p>Nous avons d\u00e9pass\u00e9 le point o\u00f9 le retour arri\u00e8re serait possible, alors en avant toute. Nous acc\u00e9dons au sommet, et nous y f\u00e9licitons. La vue est d\u00e9gag\u00e9e et belle sur le vallon que nous avons remont\u00e9.<\/p>\n<p><a  href=\"https:\/\/www.tomroc.com\/blog\/wp-content\/uploads\/20180909-1427-127.jpg\" data-rel=\"lightbox-gallery-0\" data-rl_title=\"20180909-1427-127.jpg\" data-rl_caption=\"\" title=\"20180909-1427-127.jpg\"><img loading=\"lazy\" decoding=\"async\" class=\"aligncenter size-large wp-image-18564\" src=\"https:\/\/www.tomroc.com\/blog\/wp-content\/uploads\/20180909-1427-127-960x720.jpg\" alt=\"\" width=\"960\" height=\"720\" \/><\/a><\/p>\n<p>\u00a0<\/p>\n<p><a  href=\"https:\/\/www.tomroc.com\/blog\/wp-content\/uploads\/20180909-1428-133.jpg\" data-rel=\"lightbox-gallery-0\" data-rl_title=\"20180909-1428-133.jpg\" data-rl_caption=\"\" title=\"20180909-1428-133.jpg\"><img loading=\"lazy\" decoding=\"async\" class=\"aligncenter size-large wp-image-18565\" src=\"https:\/\/www.tomroc.com\/blog\/wp-content\/uploads\/20180909-1428-133-960x720.jpg\" alt=\"\" width=\"960\" height=\"720\" \/><\/a><\/p>\n<p>Le chemin est encore long, nous progressons d&#8217;abord sur l&#8217;ar\u00eate, direction sud est pour aller rejoindre le col de pied B\u00e9rarde.<\/p>\n<p><a  href=\"https:\/\/www.tomroc.com\/blog\/wp-content\/uploads\/20180909-1519-144.jpg\" data-rel=\"lightbox-gallery-0\" data-rl_title=\"20180909-1519-144.jpg\" data-rl_caption=\"\" title=\"20180909-1519-144.jpg\"><img loading=\"lazy\" decoding=\"async\" class=\"aligncenter size-large wp-image-18574\" src=\"https:\/\/www.tomroc.com\/blog\/wp-content\/uploads\/20180909-1519-144-960x720.jpg\" alt=\"\" width=\"960\" height=\"720\" \/><\/a><\/p>\n<p>Derri\u00e8re nous, la belle ligne de rappel que nous avons franchie.<\/p>\n<p><a  href=\"https:\/\/www.tomroc.com\/blog\/wp-content\/uploads\/20180909-1522-149.jpg\" data-rel=\"lightbox-gallery-0\" data-rl_title=\"20180909-1522-149.jpg\" data-rl_caption=\"\" title=\"20180909-1522-149.jpg\"><img loading=\"lazy\" decoding=\"async\" class=\"aligncenter size-large wp-image-18575\" src=\"https:\/\/www.tomroc.com\/blog\/wp-content\/uploads\/20180909-1522-149-960x720.jpg\" alt=\"\" width=\"960\" height=\"720\" \/><\/a><\/p>\n<p>Nous posons finalement pied dans le vallon qui va nous ramener \u00e0 la B\u00e9rarde, mais le trajet est encore long et tandis que nous cheminons je pr\u00e9viens nos camarades que nous aurons du retard, en testant au passage notre nouveau poste VHF de secours.<\/p>\n<p><a  href=\"https:\/\/www.tomroc.com\/blog\/wp-content\/uploads\/20180909-1617-156.jpg\" data-rel=\"lightbox-gallery-0\" data-rl_title=\"20180909-1617-156.jpg\" data-rl_caption=\"\" title=\"20180909-1617-156.jpg\"><img loading=\"lazy\" decoding=\"async\" class=\"aligncenter size-large wp-image-18566\" src=\"https:\/\/www.tomroc.com\/blog\/wp-content\/uploads\/20180909-1617-156-960x720.jpg\" alt=\"\" width=\"960\" height=\"720\" \/><\/a><\/p>\n<p>Annelise et Bertrand nous aident gentiment \u00e0 trouver et r\u00e9server un taxi qui va venir \u00e0 la B\u00e9rarde pour nous ramener au lieu de rendez-vous du car \u00e0 Bourg d&#8217;Oisans.<\/p>\n<p><a  href=\"https:\/\/www.tomroc.com\/blog\/wp-content\/uploads\/20180909-1720-162.jpg\" data-rel=\"lightbox-gallery-0\" data-rl_title=\"20180909-1720-162.jpg\" data-rl_caption=\"\" title=\"20180909-1720-162.jpg\"><img loading=\"lazy\" decoding=\"async\" class=\"aligncenter size-large wp-image-18576\" src=\"https:\/\/www.tomroc.com\/blog\/wp-content\/uploads\/20180909-1720-162-960x720.jpg\" alt=\"\" width=\"960\" height=\"720\" \/><\/a><\/p>\n<p>Dans le village de la B\u00e9rarde, l&#8217;un des commer\u00e7ants nous demande ce que nous avons fait, et s&#8217;exclame alors &#8220;mais il n&#8217;y a que les locaux qui font cela&#8221;. Sans doute parce que les autres ne viennent pas d&#8217;aussi loin pour faire cette aussi longue bavante, mais n\u00e9anmoins nous avons tous &#8211; je crois ? &#8211; trouv\u00e9 cela tr\u00e8s sympa.<\/p>\n<h2>Notre parcours<\/h2>\n\t\t<div id=\"maps-marker-pro-1115992b\" class=\"maps-marker-pro\" style=\"width: 100%;\">\n\t\t\t<div id=\"mmp-map-wrap-1115992b\" class=\"mmp-map-wrap\">\n\t\t\t\t\t\t\t\t<div id=\"mmp-map-1115992b\" class=\"mmp-map\" style=\"height: 720px;\"><\/div>\n\t\t\t\t\t\t\t\t\t<div id=\"mmp-chart-wrap-1115992b\" class=\"mmp-gpx-chart-wrap\" style=\"height: 200px;\"><\/div>\n\t\t\t\t\t\t\t<\/div>\n\t\t\t\t\t<\/div>\n\t\t\n<ul>\n<li>Distance (km) : 6,4<\/li>\n<li>D\u00e9nivel\u00e9 (m) : +430 -850<\/li>\n<li>Altitudes : mini 1730 maxi 2550<\/li>\n<li>Horaires : d\u00e9part 8h26 retour 15h24<\/li>\n<\/ul>\n<h1>Les autres racontent<\/h1>\n<p>La sortie, racont\u00e9e par Florian:<\/p>\n<blockquote>\n<p>Samedi, une sympathique escalade \u00e0 la T\u00eate de la Maye avec une belle combinaison des voies Heckel, Jeckel et Pujolidal &#8211; combinaison rendue possible par la gr\u00e2ce d&#8217;une (l\u00e9g\u00e8re) erreur d&#8217;itin\u00e9raire de ma part \u00e0 l&#8217;approche &#8211; conclue par une courte randonn\u00e9e pour atteindre la table d&#8217;orientation au sommet du belv\u00e9d\u00e8re.<\/p>\n<p>Dimanche, on passe aux choses s\u00e9rieuses. Finies les escalades sur grandes voies \u00e9quip\u00e9es en face sud avec vue sur le village, place \u00e0 la montagne, la vraie ! Et un bel objectif avec l&#8217;\u00e9peron nord nord-est des Cornes de Pi\u00e9 B\u00e9rarde &#8211; &#8220;un cadre grandiose et sauvage de haute-montagne&#8221; et &#8220;la solitude garantie&#8221; dixit Montagne Magazine, cela vaut bien un lever \u00e0 3:45 et quatre heures de marche d&#8217;approche dans le vallon de Bonne Pierre, non ?<\/p>\n<p>Malgr\u00e9 le sentiment d&#8217;isolement et une attaque un peu scabreuse, l&#8217;itin\u00e9raire se r\u00e9v\u00e9lera finalement bien moins aust\u00e8re que je ne le pensais. Il s&#8217;agit l\u00e0 d&#8217;une travers\u00e9e m\u00e9connue offrant des points de vue originaux sur quelques-uns des grands sommets du massif, une voie qui m\u00e9riterait probablement plus de parcours. Avis aux amateurs !<\/p>\n<p>Quoi qu&#8217;il en soit, un grand bravo \u00e0 nos quatre participants &#8211; H\u00e9l\u00e8ne, Elodie Potin, Ghita Bz et Vincent !<\/p>\n<\/blockquote>\n\n\n<p><\/p>\n","protected":false},"excerpt":{"rendered":"<p>. T\u00eate de la Maille : Pujolidal (D\u00a05c > 5bA0\u00a0\u00a0I)<br \/>\n. Cornes de Pi\u00e9 B\u00e9rarde : Eperon NE (D- 5a\u00a0III)<\/p>\n","protected":false},"author":1,"featured_media":18565,"comment_status":"open","ping_status":"open","sticky":false,"template":"","format":"standard","meta":{"_et_pb_use_builder":"off","_et_pb_old_content":"<span style=\"color: #ff0000;\">[en cours de r\u00e9daction]<\/span>\n<h1>T\u00eate de la Maye<\/h1>\nHeckel et Jeckel puis Pujolidal puis sommet de la T\u00eate de la Maye\n\n<a href=\"https:\/\/www.tomroc.com\/blog\/wp-content\/uploads\/20180908-1317-22.jpg\"><img class=\"aligncenter size-large wp-image-18571\" src=\"https:\/\/www.tomroc.com\/blog\/wp-content\/uploads\/20180908-1317-22-960x720.jpg\" alt=\"\" width=\"960\" height=\"720\"><\/a>\n\n<a href=\"https:\/\/www.tomroc.com\/blog\/wp-content\/uploads\/20180908-1614-32.jpg\"><img class=\"aligncenter size-large wp-image-18560\" src=\"https:\/\/www.tomroc.com\/blog\/wp-content\/uploads\/20180908-1614-32-960x720.jpg\" alt=\"\" width=\"960\" height=\"720\"><\/a>\n\n<a href=\"https:\/\/www.tomroc.com\/blog\/wp-content\/uploads\/20180908-1627-34.jpg\"><img class=\"aligncenter size-large wp-image-18572\" src=\"https:\/\/www.tomroc.com\/blog\/wp-content\/uploads\/20180908-1627-34-960x720.jpg\" alt=\"\" width=\"960\" height=\"720\"><\/a>\n\n<a href=\"https:\/\/www.tomroc.com\/blog\/wp-content\/uploads\/20180908-1646-47-panorama.jpg\"><img class=\"aligncenter size-large wp-image-18561\" src=\"https:\/\/www.tomroc.com\/blog\/wp-content\/uploads\/20180908-1646-47-panorama-960x197.jpg\" alt=\"\" width=\"960\" height=\"197\"><\/a>\n<h2>Notre parcours<\/h2>\n[mapsmarker marker=\"351\"]\n<ul>\n \t<li>Distance (km) :<\/li>\n \t<li>D\u00e9nivel\u00e9 (m) :<\/li>\n \t<li>Altitudes :<\/li>\n \t<li>Horaires :<\/li>\n<\/ul>\n<h1>Cornes de Pi\u00e9 B\u00e9rarde : Ar\u00eate nord nord est<\/h1>\n<a href=\"https:\/\/www.tomroc.com\/blog\/wp-content\/uploads\/20180909-0757-82.jpg\"><img class=\"aligncenter size-large wp-image-18573\" src=\"https:\/\/www.tomroc.com\/blog\/wp-content\/uploads\/20180909-0757-82-960x720.jpg\" alt=\"\" width=\"960\" height=\"720\"><\/a>\n\n<a href=\"https:\/\/www.tomroc.com\/blog\/wp-content\/uploads\/20180909-1235-115.jpg\"><img class=\"aligncenter size-large wp-image-18562\" src=\"https:\/\/www.tomroc.com\/blog\/wp-content\/uploads\/20180909-1235-115-960x720.jpg\" alt=\"\" width=\"960\" height=\"720\"><\/a>\n\n<a href=\"https:\/\/www.tomroc.com\/blog\/wp-content\/uploads\/20180909-1315-117.jpg\"><img class=\"aligncenter size-large wp-image-18563\" src=\"https:\/\/www.tomroc.com\/blog\/wp-content\/uploads\/20180909-1315-117-960x720.jpg\" alt=\"\" width=\"960\" height=\"720\"><\/a>\n\n<a href=\"https:\/\/www.tomroc.com\/blog\/wp-content\/uploads\/20180909-1427-127.jpg\"><img class=\"aligncenter size-large wp-image-18564\" src=\"https:\/\/www.tomroc.com\/blog\/wp-content\/uploads\/20180909-1427-127-960x720.jpg\" alt=\"\" width=\"960\" height=\"720\"><\/a>\n\n<a href=\"https:\/\/www.tomroc.com\/blog\/wp-content\/uploads\/20180909-1428-133.jpg\"><img class=\"aligncenter size-large wp-image-18565\" src=\"https:\/\/www.tomroc.com\/blog\/wp-content\/uploads\/20180909-1428-133-960x720.jpg\" alt=\"\" width=\"960\" height=\"720\"><\/a>\n\n<a href=\"https:\/\/www.tomroc.com\/blog\/wp-content\/uploads\/20180909-1519-144.jpg\"><img class=\"aligncenter size-large wp-image-18574\" src=\"https:\/\/www.tomroc.com\/blog\/wp-content\/uploads\/20180909-1519-144-960x720.jpg\" alt=\"\" width=\"960\" height=\"720\"><\/a>\n\n<a href=\"https:\/\/www.tomroc.com\/blog\/wp-content\/uploads\/20180909-1522-149.jpg\"><img class=\"aligncenter size-large wp-image-18575\" src=\"https:\/\/www.tomroc.com\/blog\/wp-content\/uploads\/20180909-1522-149-960x720.jpg\" alt=\"\" width=\"960\" height=\"720\"><\/a>\n\n<a href=\"https:\/\/www.tomroc.com\/blog\/wp-content\/uploads\/20180909-1617-156.jpg\"><img class=\"aligncenter size-large wp-image-18566\" src=\"https:\/\/www.tomroc.com\/blog\/wp-content\/uploads\/20180909-1617-156-960x720.jpg\" alt=\"\" width=\"960\" height=\"720\"><\/a>\n\n<a href=\"https:\/\/www.tomroc.com\/blog\/wp-content\/uploads\/20180909-1720-162.jpg\"><img class=\"aligncenter size-large wp-image-18576\" src=\"https:\/\/www.tomroc.com\/blog\/wp-content\/uploads\/20180909-1720-162-960x720.jpg\" alt=\"\" width=\"960\" height=\"720\"><\/a>\n<h2>Notre parcours<\/h2>\n[mapsmarker marker=\"350\"]\n<ul>\n \t<li>Distance (km) :<\/li>\n \t<li>D\u00e9nivel\u00e9 (m) :<\/li>\n \t<li>Altitudes :<\/li>\n \t<li>Horaires :<\/li>\n<\/ul>","_et_gb_content_width":"","footnotes":""},"categories":[38,39],"tags":[1256,3,457,464,1270,77,58,837,12,621],"class_list":["post-18558","post","type-post","status-publish","format-standard","has-post-thumbnail","hentry","category-alpinisme","category-escalade","tag-2-jours","tag-alpinisme","tag-caf","tag-caf-idf","tag-cotation-d","tag-ecrins","tag-escalade-2","tag-florian-s","tag-outdoor","tag-refuge-de-la-berarde"],"_links":{"self":[{"href":"https:\/\/www.tomroc.com\/blog\/wp-json\/wp\/v2\/posts\/18558","targetHints":{"allow":["GET"]}}],"collection":[{"href":"https:\/\/www.tomroc.com\/blog\/wp-json\/wp\/v2\/posts"}],"about":[{"href":"https:\/\/www.tomroc.com\/blog\/wp-json\/wp\/v2\/types\/post"}],"author":[{"embeddable":true,"href":"https:\/\/www.tomroc.com\/blog\/wp-json\/wp\/v2\/users\/1"}],"replies":[{"embeddable":true,"href":"https:\/\/www.tomroc.com\/blog\/wp-json\/wp\/v2\/comments?post=18558"}],"version-history":[{"count":2,"href":"https:\/\/www.tomroc.com\/blog\/wp-json\/wp\/v2\/posts\/18558\/revisions"}],"predecessor-version":[{"id":275193,"href":"https:\/\/www.tomroc.com\/blog\/wp-json\/wp\/v2\/posts\/18558\/revisions\/275193"}],"wp:featuredmedia":[{"embeddable":true,"href":"https:\/\/www.tomroc.com\/blog\/wp-json\/wp\/v2\/media\/18565"}],"wp:attachment":[{"href":"https:\/\/www.tomroc.com\/blog\/wp-json\/wp\/v2\/media?parent=18558"}],"wp:term":[{"taxonomy":"category","embeddable":true,"href":"https:\/\/www.tomroc.com\/blog\/wp-json\/wp\/v2\/categories?post=18558"},{"taxonomy":"post_tag","embeddable":true,"href":"https:\/\/www.tomroc.com\/blog\/wp-json\/wp\/v2\/tags?post=18558"}],"curies":[{"name":"wp","href":"https:\/\/api.w.org\/{rel}","templated":true}]}}