{"id":235,"date":"2010-04-05T23:14:24","date_gmt":"2010-04-05T22:14:24","guid":{"rendered":"http:\/\/www.tomroc.com\/blog\/?p=235"},"modified":"2020-02-11T19:33:35","modified_gmt":"2020-02-11T18:33:35","slug":"raid-6-jours-en-ski-de-randonnee-autour-du-mont-viso","status":"publish","type":"post","link":"https:\/\/www.tomroc.com\/blog\/2010\/04\/raid-6-jours-en-ski-de-randonnee-autour-du-mont-viso\/","title":{"rendered":"Raid 6 jours en ski de randonn\u00e9e autour du Mont Viso"},"content":{"rendered":"<p>Et c&#8217;est reparti pour le traditionnel raid de ski de randonn\u00e9e ! Nous avons pr\u00e9vu un itin\u00e9raire d&#8217;une semaine, en boucle entre l\u2019Italie et la France, autour du Mont Viso, un sommet Italien culminant \u00e0 3841m. Nous alternerons entre refuges gard\u00e9s et non gard\u00e9s; les sacs seront relativement lourds. Le groupe aime la bonne bouffe et nos menus surprendra ceux que l&#8217;on rencontrera : saucissons et charcuteries, saumon, fromage, le traditionnel punch, etc ;)<\/p>\n<p>Nous partirons \u00e0 quatre, seul mon fr\u00e8re manque au groupe de l&#8217;an dernier.<\/p>\n<p><a  href=\"https:\/\/www.tomroc.com\/blog\/wp-content\/uploads\/20100405-1323-2.jpg\" data-rel=\"lightbox-gallery-0\" data-rl_title=\"20100405-1323-2.jpg\" data-rl_caption=\"Toute l&#039;\u00e9quipe au d\u00e9part du raid\" title=\"20100405-1323-2.jpg\"><img loading=\"lazy\" decoding=\"async\" class=\"size-large wp-image-6784 aligncenter\" src=\"https:\/\/www.tomroc.com\/blog\/wp-content\/uploads\/20100405-1323-2-960x720.jpg\" alt=\"Toute l'\u00e9quipe au d\u00e9part du raid\" width=\"960\" height=\"720\" \/><\/a><\/p>\n<p>Le temps \u00e9tait mauvais \u00e0 partir de la mi-semaine, mais heureusement la m\u00e9t\u00e9o se sera plant\u00e9e une nouvelle fois; nous n&#8217;aurons du mauvais temps que sur une seule de nos journ\u00e9es.<\/p>\n<h1>Lundi 5<\/h1>\n<p><span style=\"color: #333333;\"><strong>Trajet : L&#8217;Echalp (1690 m; bout de route apr\u00e8s Abries-Ristolas) &#8211; refuge gard\u00e9 du Viso (2460m)<\/strong><\/span><\/p>\n<p><a  href=\"https:\/\/www.tomroc.com\/blog\/wp-content\/uploads\/20100405-1558-14.jpg\" data-rel=\"lightbox-gallery-0\" data-rl_title=\"20100405-1558-14.jpg\" data-rl_caption=\"\" title=\"20100405-1558-14.jpg\"><img loading=\"lazy\" decoding=\"async\" class=\"aligncenter size-large wp-image-6785\" src=\"https:\/\/www.tomroc.com\/blog\/wp-content\/uploads\/20100405-1558-14-960x720.jpg\" alt=\"20100405-1558-14.jpg\" width=\"960\" height=\"720\" \/><\/a>Le refuge du Viso.<\/p>\n<div id=\"attachment_6786\" style=\"width: 970px\" class=\"wp-caption aligncenter\"><a  href=\"https:\/\/www.tomroc.com\/blog\/wp-content\/uploads\/20100405-1733-20.jpg\" data-rel=\"lightbox-gallery-0\" data-rl_title=\"20100405-1733-20.jpg\" data-rl_caption=\"le refuge du Viso\" title=\"20100405-1733-20.jpg\"><img loading=\"lazy\" decoding=\"async\" aria-describedby=\"caption-attachment-6786\" class=\"size-large wp-image-6786\" src=\"https:\/\/www.tomroc.com\/blog\/wp-content\/uploads\/20100405-1733-20-960x720.jpg\" alt=\"le refuge du Viso\" width=\"960\" height=\"720\" \/><\/a><p id=\"caption-attachment-6786\" class=\"wp-caption-text\">le refuge du Viso<\/p><\/div>\n<div id=\"attachment_6787\" style=\"width: 970px\" class=\"wp-caption aligncenter\"><a  href=\"https:\/\/www.tomroc.com\/blog\/wp-content\/uploads\/20100405-1953-27.jpg\" data-rel=\"lightbox-gallery-0\" data-rl_title=\"20100405-1953-27.jpg\" data-rl_caption=\"Le Mont Viso sous la lumi\u00e8re du soir\" title=\"20100405-1953-27.jpg\"><img loading=\"lazy\" decoding=\"async\" aria-describedby=\"caption-attachment-6787\" class=\"size-large wp-image-6787\" src=\"https:\/\/www.tomroc.com\/blog\/wp-content\/uploads\/20100405-1953-27-960x720.jpg\" alt=\"Le Mont Viso sous la lumi\u00e8re du soir\" width=\"960\" height=\"720\" \/><\/a><p id=\"caption-attachment-6787\" class=\"wp-caption-text\">Le Mont Viso sous la lumi\u00e8re du soir<\/p><\/div>\n<h2>Notre parcours<\/h2>\n\t\t<div id=\"maps-marker-pro-395f73ec\" class=\"maps-marker-pro\" style=\"width: 100%;\">\n\t\t\t<div id=\"mmp-map-wrap-395f73ec\" class=\"mmp-map-wrap\">\n\t\t\t\t\t\t\t\t<div id=\"mmp-map-395f73ec\" class=\"mmp-map\" style=\"height: 720px;\"><\/div>\n\t\t\t\t\t\t\t\t\t<div id=\"mmp-chart-wrap-395f73ec\" class=\"mmp-gpx-chart-wrap\" style=\"height: 200px;\"><\/div>\n\t\t\t\t\t\t\t<\/div>\n\t\t\t\t\t<\/div>\n\t\t\n<ul>\n<li>Distance: 10,5 km<\/li>\n<li>D\u00e9nivel\u00e9: +860 m et -35 m<\/li>\n<li>Dur\u00e9e: 4h15 (dont 40m de pause)<\/li>\n<\/ul>\n<h1>Mardi 6<\/h1>\n<p><strong>Trajet : Refuge du Viso (2460m) &#8211; Col Selli\u00e8re (2834 m) &#8211; Col Passo Luisas (3028 m) et Monte Meidassa (3107m) &#8211; refuge auberge gard\u00e9 Pian Melz\u00e9 (1715 m)<\/strong><\/p>\n<p><a  href=\"https:\/\/www.tomroc.com\/blog\/wp-content\/uploads\/20100406-0900-43.jpg\" data-rel=\"lightbox-gallery-0\" data-rl_title=\"20100406-0900-43.jpg\" data-rl_caption=\"\" title=\"20100406-0900-43.jpg\"><img loading=\"lazy\" decoding=\"async\" class=\"aligncenter size-large wp-image-6788\" src=\"https:\/\/www.tomroc.com\/blog\/wp-content\/uploads\/20100406-0900-43-960x720.jpg\" alt=\"20100406-0900-43.jpg\" width=\"960\" height=\"720\" \/><\/a><\/p>\n<p><a  href=\"https:\/\/www.tomroc.com\/blog\/wp-content\/uploads\/20100406-0951-50.jpg\" data-rel=\"lightbox-gallery-0\" data-rl_title=\"20100406-0951-50.jpg\" data-rl_caption=\"\" title=\"20100406-0951-50.jpg\"><img loading=\"lazy\" decoding=\"async\" class=\"aligncenter size-large wp-image-6789\" src=\"https:\/\/www.tomroc.com\/blog\/wp-content\/uploads\/20100406-0951-50-960x720.jpg\" alt=\"20100406-0951-50.jpg\" width=\"960\" height=\"720\" \/><\/a><\/p>\n<p>Passage de col.<\/p>\n<p><a  href=\"https:\/\/www.tomroc.com\/blog\/wp-content\/uploads\/20100406-1038-56.jpg\" data-rel=\"lightbox-gallery-0\" data-rl_title=\"20100406-1038-56.jpg\" data-rl_caption=\"\" title=\"20100406-1038-56.jpg\"><img loading=\"lazy\" decoding=\"async\" class=\"aligncenter size-large wp-image-6790\" src=\"https:\/\/www.tomroc.com\/blog\/wp-content\/uploads\/20100406-1038-56-960x720.jpg\" alt=\"20100406-1038-56.jpg\" width=\"960\" height=\"720\" \/><\/a><\/p>\n<div id=\"attachment_6791\" style=\"width: 970px\" class=\"wp-caption aligncenter\"><a  href=\"https:\/\/www.tomroc.com\/blog\/wp-content\/uploads\/20100406-1247-71.jpg\" data-rel=\"lightbox-gallery-0\" data-rl_title=\"20100406-1247-71.jpg\" data-rl_caption=\"vue sur le Mont Viso depuis le sommet du Monte Meidassa\" title=\"20100406-1247-71.jpg\"><img loading=\"lazy\" decoding=\"async\" aria-describedby=\"caption-attachment-6791\" class=\"size-large wp-image-6791\" src=\"https:\/\/www.tomroc.com\/blog\/wp-content\/uploads\/20100406-1247-71-960x720.jpg\" alt=\"vue sur le Mont Viso depuis le sommet du Monte Meidassa\" width=\"960\" height=\"720\" \/><\/a><p id=\"caption-attachment-6791\" class=\"wp-caption-text\">vue sur le Mont Viso depuis le sommet du Monte Meidassa<\/p><\/div>\n<div id=\"attachment_6792\" style=\"width: 970px\" class=\"wp-caption aligncenter\"><a  href=\"https:\/\/www.tomroc.com\/blog\/wp-content\/uploads\/20100406-1354-84.jpg\" data-rel=\"lightbox-gallery-0\" data-rl_title=\"20100406-1354-84.jpg\" data-rl_caption=\"longue redescente vers le refuge a Pian Mezina\" title=\"20100406-1354-84.jpg\"><img loading=\"lazy\" decoding=\"async\" aria-describedby=\"caption-attachment-6792\" class=\"size-large wp-image-6792\" src=\"https:\/\/www.tomroc.com\/blog\/wp-content\/uploads\/20100406-1354-84-960x720.jpg\" alt=\"longue redescente vers le refuge a Pian Mezina\" width=\"960\" height=\"720\" \/><\/a><p id=\"caption-attachment-6792\" class=\"wp-caption-text\">longue redescente vers le refuge a Pian Mezina<\/p><\/div>\n<p>&nbsp;<\/p>\n<h2>Notre parcours<\/h2>\n\t\t<div id=\"maps-marker-pro-cc0b0f4b\" class=\"maps-marker-pro\" style=\"width: 100%;\">\n\t\t\t<div id=\"mmp-map-wrap-cc0b0f4b\" class=\"mmp-map-wrap\">\n\t\t\t\t\t\t\t\t<div id=\"mmp-map-cc0b0f4b\" class=\"mmp-map\" style=\"height: 720px;\"><\/div>\n\t\t\t\t\t\t\t\t\t<div id=\"mmp-chart-wrap-cc0b0f4b\" class=\"mmp-gpx-chart-wrap\" style=\"height: 200px;\"><\/div>\n\t\t\t\t\t\t\t<\/div>\n\t\t\t\t\t<\/div>\n\t\t\n<ul>\n<li>Distance: 17 km<\/li>\n<li>D\u00e9nivel\u00e9: +1130 m et -1815 m<\/li>\n<li>Dur\u00e9e: 8h10 (dont 3h30 de pause)<\/li>\n<\/ul>\n<h1><span style=\"color: #000000;\">Mercredi 7<\/span><\/h1>\n<p><strong>Trajet : Refuge auberge gard\u00e9 Pian Melz\u00e9 (1715 m) &#8211; Colle dei Viso (2634 m) &#8211; Refuge non gard\u00e9 Quintino Sella (2634m)<\/strong><\/p>\n<p><strong>+ Aller-retour refuge <\/strong><strong>Quintino <\/strong><strong>Sella <\/strong><strong>(2634m)<\/strong><strong> &#8211; Viso Mozzo (3019m)<\/strong><\/p>\n<p><a  href=\"https:\/\/www.tomroc.com\/blog\/wp-content\/uploads\/20100407-0847-100.jpg\" data-rel=\"lightbox-gallery-0\" data-rl_title=\"20100407-0847-100.jpg\" data-rl_caption=\"\" title=\"20100407-0847-100.jpg\"><img loading=\"lazy\" decoding=\"async\" class=\"aligncenter size-large wp-image-6793\" src=\"https:\/\/www.tomroc.com\/blog\/wp-content\/uploads\/20100407-0847-100-960x720.jpg\" alt=\"20100407-0847-100.jpg\" width=\"960\" height=\"720\" \/><\/a>Ascension du sommet proche Viso Mozzo et retour au refuge.<\/p>\n<p><a  href=\"https:\/\/www.tomroc.com\/blog\/wp-content\/uploads\/20100407-1016-107.jpg\" data-rel=\"lightbox-gallery-0\" data-rl_title=\"20100407-1016-107.jpg\" data-rl_caption=\"\" title=\"20100407-1016-107.jpg\"><img loading=\"lazy\" decoding=\"async\" class=\"aligncenter size-large wp-image-6794\" src=\"https:\/\/www.tomroc.com\/blog\/wp-content\/uploads\/20100407-1016-107-960x720.jpg\" alt=\"20100407-1016-107.jpg\" width=\"960\" height=\"720\" \/><\/a><\/p>\n<div id=\"attachment_6795\" style=\"width: 970px\" class=\"wp-caption aligncenter\"><a  href=\"https:\/\/www.tomroc.com\/blog\/wp-content\/uploads\/20100407-1144-119.jpg\" data-rel=\"lightbox-gallery-0\" data-rl_title=\"20100407-1144-119.jpg\" data-rl_caption=\"le refuge Sella\" title=\"20100407-1144-119.jpg\"><img loading=\"lazy\" decoding=\"async\" aria-describedby=\"caption-attachment-6795\" class=\"size-large wp-image-6795\" src=\"https:\/\/www.tomroc.com\/blog\/wp-content\/uploads\/20100407-1144-119-960x720.jpg\" alt=\"le refuge Sella\" width=\"960\" height=\"720\" \/><\/a><p id=\"caption-attachment-6795\" class=\"wp-caption-text\">le refuge Sella<\/p><\/div>\n<p><a  href=\"https:\/\/www.tomroc.com\/blog\/wp-content\/uploads\/20100407-1338-125.jpg\" data-rel=\"lightbox-gallery-0\" data-rl_title=\"20100407-1338-125.jpg\" data-rl_caption=\"\" title=\"20100407-1338-125.jpg\"><img loading=\"lazy\" decoding=\"async\" class=\"aligncenter size-large wp-image-6796\" src=\"https:\/\/www.tomroc.com\/blog\/wp-content\/uploads\/20100407-1338-125-960x720.jpg\" alt=\"20100407-1338-125.jpg\" width=\"960\" height=\"720\" \/><\/a><\/p>\n<div id=\"attachment_6797\" style=\"width: 970px\" class=\"wp-caption aligncenter\"><a  href=\"https:\/\/www.tomroc.com\/blog\/wp-content\/uploads\/20100407-1827-140.jpg\" data-rel=\"lightbox-gallery-0\" data-rl_title=\"20100407-1827-140.jpg\" data-rl_caption=\"le refuge Sella\" title=\"20100407-1827-140.jpg\"><img loading=\"lazy\" decoding=\"async\" aria-describedby=\"caption-attachment-6797\" class=\"size-large wp-image-6797\" src=\"https:\/\/www.tomroc.com\/blog\/wp-content\/uploads\/20100407-1827-140-960x720.jpg\" alt=\"le refuge Sella\" width=\"960\" height=\"720\" \/><\/a><p id=\"caption-attachment-6797\" class=\"wp-caption-text\">le refuge Sella<\/p><\/div>\n<h2>Notre parcours<\/h2>\n\t\t<div id=\"maps-marker-pro-c0678564\" class=\"maps-marker-pro\" style=\"width: 100%;\">\n\t\t\t<div id=\"mmp-map-wrap-c0678564\" class=\"mmp-map-wrap\">\n\t\t\t\t\t\t\t\t<div id=\"mmp-map-c0678564\" class=\"mmp-map\" style=\"height: 720px;\"><\/div>\n\t\t\t\t\t\t\t\t\t<div id=\"mmp-chart-wrap-c0678564\" class=\"mmp-gpx-chart-wrap\" style=\"height: 200px;\"><\/div>\n\t\t\t\t\t\t\t<\/div>\n\t\t\t\t\t<\/div>\n\t\t\n<ul>\n<li>Distance: 11,5 km<\/li>\n<li>D\u00e9nivel\u00e9: +1325 m et -385 m<\/li>\n<li>Dur\u00e9e: 8h30 (dont 3h30 de pause)<\/li>\n<\/ul>\n<h1><span style=\"color: #000000;\">Jeudi 8<\/span><\/h1>\n<p><strong>Trajet : Refuge <\/strong><strong>Quintino <\/strong><strong>Sella (2634m) &#8211; Passo di Costarossa (2879m) et San Chiaffredo (2762m) &#8211; fond de vall\u00e9e (1928m) &#8211; Refuge Vallanta (2460m)<\/strong><\/p>\n<p>Le brouillard s&#8217;est lev\u00e9 et ne nous l\u00e2chera pas de la journ\u00e9e.<\/p>\n<p><a  href=\"https:\/\/www.tomroc.com\/blog\/wp-content\/uploads\/20100408-0814-144.jpg\" data-rel=\"lightbox-gallery-0\" data-rl_title=\"20100408-0814-144.jpg\" data-rl_caption=\"\" title=\"20100408-0814-144.jpg\"><img loading=\"lazy\" decoding=\"async\" class=\"aligncenter size-large wp-image-6798\" src=\"https:\/\/www.tomroc.com\/blog\/wp-content\/uploads\/20100408-0814-144-960x720.jpg\" alt=\"20100408-0814-144.jpg\" width=\"960\" height=\"720\" \/><\/a><\/p>\n<p><a  href=\"https:\/\/www.tomroc.com\/blog\/wp-content\/uploads\/20100408-0900-146.jpg\" data-rel=\"lightbox-gallery-0\" data-rl_title=\"20100408-0900-146.jpg\" data-rl_caption=\"\" title=\"20100408-0900-146.jpg\"><img loading=\"lazy\" decoding=\"async\" class=\"aligncenter size-large wp-image-6799\" src=\"https:\/\/www.tomroc.com\/blog\/wp-content\/uploads\/20100408-0900-146-960x720.jpg\" alt=\"20100408-0900-146.jpg\" width=\"960\" height=\"720\" \/><\/a>Passage du col &#8220;di Costarossa&#8221;.<\/p>\n<div id=\"attachment_6800\" style=\"width: 970px\" class=\"wp-caption aligncenter\"><a  href=\"https:\/\/www.tomroc.com\/blog\/wp-content\/uploads\/20100408-1038-155.jpg\" data-rel=\"lightbox-gallery-0\" data-rl_title=\"20100408-1038-155.jpg\" data-rl_caption=\"Xavier arrive au col di Costarossa\" title=\"20100408-1038-155.jpg\"><img loading=\"lazy\" decoding=\"async\" aria-describedby=\"caption-attachment-6800\" class=\"size-large wp-image-6800\" src=\"https:\/\/www.tomroc.com\/blog\/wp-content\/uploads\/20100408-1038-155-960x720.jpg\" alt=\"Xavier arrive au col di Costarossa\" width=\"960\" height=\"720\" \/><\/a><p id=\"caption-attachment-6800\" class=\"wp-caption-text\">Xavier arrive au col di Costarossa<\/p><\/div>\n<p>Parcours en fond de vall\u00e9e puis remont\u00e9e au refuge Vallanta.<\/p>\n<p><a  href=\"https:\/\/www.tomroc.com\/blog\/wp-content\/uploads\/20100408-1356-172.jpg\" data-rel=\"lightbox-gallery-0\" data-rl_title=\"20100408-1356-172.jpg\" data-rl_caption=\"\" title=\"20100408-1356-172.jpg\"><img loading=\"lazy\" decoding=\"async\" class=\"aligncenter size-large wp-image-6801\" src=\"https:\/\/www.tomroc.com\/blog\/wp-content\/uploads\/20100408-1356-172-960x720.jpg\" alt=\"20100408-1356-172.jpg\" width=\"960\" height=\"720\" \/><\/a><\/p>\n<div id=\"attachment_6802\" style=\"width: 970px\" class=\"wp-caption aligncenter\"><a  href=\"https:\/\/www.tomroc.com\/blog\/wp-content\/uploads\/20100408-1550-182.jpg\" data-rel=\"lightbox-gallery-0\" data-rl_title=\"20100408-1550-182.jpg\" data-rl_caption=\"refuge Vallenta\" title=\"20100408-1550-182.jpg\"><img loading=\"lazy\" decoding=\"async\" aria-describedby=\"caption-attachment-6802\" class=\"size-large wp-image-6802\" src=\"https:\/\/www.tomroc.com\/blog\/wp-content\/uploads\/20100408-1550-182-960x720.jpg\" alt=\"refuge Vallenta\" width=\"960\" height=\"720\" \/><\/a><p id=\"caption-attachment-6802\" class=\"wp-caption-text\">refuge Vallanta<\/p><\/div>\n<h2>Notre parcours<\/h2>\n\t\t<div id=\"maps-marker-pro-aa152b7e\" class=\"maps-marker-pro\" style=\"width: 100%;\">\n\t\t\t<div id=\"mmp-map-wrap-aa152b7e\" class=\"mmp-map-wrap\">\n\t\t\t\t\t\t\t\t<div id=\"mmp-map-aa152b7e\" class=\"mmp-map\" style=\"height: 720px;\"><\/div>\n\t\t\t\t\t\t\t\t\t<div id=\"mmp-chart-wrap-aa152b7e\" class=\"mmp-gpx-chart-wrap\" style=\"height: 200px;\"><\/div>\n\t\t\t\t\t\t\t<\/div>\n\t\t\t\t\t<\/div>\n\t\t\n<ul>\n<li>Distance: 15,80 km<\/li>\n<li>D\u00e9nivel\u00e9: +835m et -1030m<\/li>\n<li>Dur\u00e9e: 8h (dont 3h10 de pause)<\/li>\n<\/ul>\n<h1><span style=\"color: #000000;\">Vendredi 9<\/span><\/h1>\n<p><strong>Trajet : Refuge Vallanta (2460m) &#8211; Col de Soustres (2905m) &#8211; Pointe Joanne (3052m) &#8211; refuge du Viso (2460m)<\/strong><\/p>\n<p><a  href=\"https:\/\/www.tomroc.com\/blog\/wp-content\/uploads\/20100409-0703-191.jpg\" data-rel=\"lightbox-gallery-0\" data-rl_title=\"20100409-0703-191.jpg\" data-rl_caption=\"\" title=\"20100409-0703-191.jpg\"><img loading=\"lazy\" decoding=\"async\" class=\"aligncenter size-large wp-image-6803\" src=\"https:\/\/www.tomroc.com\/blog\/wp-content\/uploads\/20100409-0703-191-960x720.jpg\" alt=\"20100409-0703-191.jpg\" width=\"960\" height=\"720\" \/><\/a><\/p>\n<p><a  href=\"https:\/\/www.tomroc.com\/blog\/wp-content\/uploads\/20100409-0925-207.jpg\" data-rel=\"lightbox-gallery-0\" data-rl_title=\"20100409-0925-207.jpg\" data-rl_caption=\"\" title=\"20100409-0925-207.jpg\"><img loading=\"lazy\" decoding=\"async\" class=\"aligncenter size-large wp-image-6804\" src=\"https:\/\/www.tomroc.com\/blog\/wp-content\/uploads\/20100409-0925-207-960x720.jpg\" alt=\"20100409-0925-207.jpg\" width=\"960\" height=\"720\" \/><\/a><\/p>\n<p><a  href=\"https:\/\/www.tomroc.com\/blog\/wp-content\/uploads\/20100409-1016-212.jpg\" data-rel=\"lightbox-gallery-0\" data-rl_title=\"20100409-1016-212.jpg\" data-rl_caption=\"\" title=\"20100409-1016-212.jpg\"><img loading=\"lazy\" decoding=\"async\" class=\"aligncenter size-large wp-image-6805\" src=\"https:\/\/www.tomroc.com\/blog\/wp-content\/uploads\/20100409-1016-212-960x720.jpg\" alt=\"20100409-1016-212.jpg\" width=\"960\" height=\"720\" \/><\/a>Le sommet de la Point Joanne.<\/p>\n<div id=\"attachment_6806\" style=\"width: 970px\" class=\"wp-caption aligncenter\"><a  href=\"https:\/\/www.tomroc.com\/blog\/wp-content\/uploads\/20100409-1034-221.jpg\" data-rel=\"lightbox-gallery-0\" data-rl_title=\"20100409-1034-221.jpg\" data-rl_caption=\"sommet de la Pointe Joanne\" title=\"20100409-1034-221.jpg\"><img loading=\"lazy\" decoding=\"async\" aria-describedby=\"caption-attachment-6806\" class=\"size-large wp-image-6806\" src=\"https:\/\/www.tomroc.com\/blog\/wp-content\/uploads\/20100409-1034-221-960x720.jpg\" alt=\"sommet de la Pointe Joanne\" width=\"960\" height=\"720\" \/><\/a><p id=\"caption-attachment-6806\" class=\"wp-caption-text\">sommet de la Pointe Joanne<\/p><\/div>\n<p>Le retour au refuge du mont Viso.<\/p>\n<p><a  href=\"https:\/\/www.tomroc.com\/blog\/wp-content\/uploads\/20100409-1159-230.jpg\" data-rel=\"lightbox-gallery-0\" data-rl_title=\"20100409-1159-230.jpg\" data-rl_caption=\"\" title=\"20100409-1159-230.jpg\"><img loading=\"lazy\" decoding=\"async\" class=\"aligncenter size-large wp-image-6807\" src=\"https:\/\/www.tomroc.com\/blog\/wp-content\/uploads\/20100409-1159-230-960x720.jpg\" alt=\"20100409-1159-230.jpg\" width=\"960\" height=\"720\" \/><\/a><\/p>\n<p><a  href=\"https:\/\/www.tomroc.com\/blog\/wp-content\/uploads\/20100409-1159-232.jpg\" data-rel=\"lightbox-gallery-0\" data-rl_title=\"20100409-1159-232.jpg\" data-rl_caption=\"\" title=\"20100409-1159-232.jpg\"><img loading=\"lazy\" decoding=\"async\" class=\"aligncenter size-large wp-image-6808\" src=\"https:\/\/www.tomroc.com\/blog\/wp-content\/uploads\/20100409-1159-232-960x720.jpg\" alt=\"20100409-1159-232.jpg\" width=\"960\" height=\"720\" \/><\/a><\/p>\n<h2>Notre parcours<\/h2>\n\t\t<div id=\"maps-marker-pro-6c4b0c0c\" class=\"maps-marker-pro\" style=\"width: 100%;\">\n\t\t\t<div id=\"mmp-map-wrap-6c4b0c0c\" class=\"mmp-map-wrap\">\n\t\t\t\t\t\t\t\t<div id=\"mmp-map-6c4b0c0c\" class=\"mmp-map\" style=\"height: 720px;\"><\/div>\n\t\t\t\t\t\t\t\t\t<div id=\"mmp-chart-wrap-6c4b0c0c\" class=\"mmp-gpx-chart-wrap\" style=\"height: 200px;\"><\/div>\n\t\t\t\t\t\t\t<\/div>\n\t\t\t\t\t<\/div>\n\t\t\n<ul>\n<li>Distance: 8,15 km<\/li>\n<li>D\u00e9nivel\u00e9: +730 m et &#8211; 645 m<\/li>\n<li>Dur\u00e9e: 3h40 (dont 1h25 de pause)<\/li>\n<\/ul>\n<h1><span style=\"color: #000000;\">Samedi 10<\/span><\/h1>\n<p><strong>Trajet : Refuge du Viso (2460m) &#8211; Col de la Traversette (3028m) &#8211; refuge du Viso (2460m) &#8211; L&#8217;Echalp (1690 m)<\/strong><\/p>\n<p>Petite excursion au col de la Traversette, et je monte encore un peu au dessus pour une vue d&#8217;en haut. Et retour au refuge.<\/p>\n<div id=\"attachment_6809\" style=\"width: 970px\" class=\"wp-caption aligncenter\"><a  href=\"https:\/\/www.tomroc.com\/blog\/wp-content\/uploads\/20100410-0800-238.jpg\" data-rel=\"lightbox-gallery-0\" data-rl_title=\"20100410-0800-238.jpg\" data-rl_caption=\"\u00e0 la mont\u00e9e au col de la traversette\" title=\"20100410-0800-238.jpg\"><img loading=\"lazy\" decoding=\"async\" aria-describedby=\"caption-attachment-6809\" class=\"size-large wp-image-6809\" src=\"https:\/\/www.tomroc.com\/blog\/wp-content\/uploads\/20100410-0800-238-960x720.jpg\" alt=\"\u00e0 la mont\u00e9e au col de la traversette\" width=\"960\" height=\"720\" \/><\/a><p id=\"caption-attachment-6809\" class=\"wp-caption-text\">\u00e0 la mont\u00e9e au col de la traversette<\/p><\/div>\n<div id=\"attachment_6810\" style=\"width: 970px\" class=\"wp-caption aligncenter\"><a  href=\"https:\/\/www.tomroc.com\/blog\/wp-content\/uploads\/20100410-0931-256.jpg\" data-rel=\"lightbox-gallery-0\" data-rl_title=\"20100410-0931-256.jpg\" data-rl_caption=\"au dessus du col de la Traversette\" title=\"20100410-0931-256.jpg\"><img loading=\"lazy\" decoding=\"async\" aria-describedby=\"caption-attachment-6810\" class=\"size-large wp-image-6810\" src=\"https:\/\/www.tomroc.com\/blog\/wp-content\/uploads\/20100410-0931-256-960x720.jpg\" alt=\"au dessus du col de la Traversette\" width=\"960\" height=\"720\" \/><\/a><p id=\"caption-attachment-6810\" class=\"wp-caption-text\">au dessus du col de la Traversette<\/p><\/div>\n<div id=\"attachment_6811\" style=\"width: 970px\" class=\"wp-caption aligncenter\"><a  href=\"https:\/\/www.tomroc.com\/blog\/wp-content\/uploads\/20100410-1031-257.jpg\" data-rel=\"lightbox-gallery-0\" data-rl_title=\"20100410-1031-257.jpg\" data-rl_caption=\"WC ext\u00e9rieurs du refuge du Viso\" title=\"20100410-1031-257.jpg\"><img loading=\"lazy\" decoding=\"async\" aria-describedby=\"caption-attachment-6811\" class=\"size-large wp-image-6811\" src=\"https:\/\/www.tomroc.com\/blog\/wp-content\/uploads\/20100410-1031-257-960x720.jpg\" alt=\"WC ext\u00e9rieurs du refuge du Viso\" width=\"960\" height=\"720\" \/><\/a><p id=\"caption-attachment-6811\" class=\"wp-caption-text\">WC ext\u00e9rieurs du refuge du Viso<\/p><\/div>\n<p>Puis on prend le chemin du retour dans la vall\u00e9e.<\/p>\n<div id=\"attachment_6812\" style=\"width: 970px\" class=\"wp-caption aligncenter\"><a  href=\"https:\/\/www.tomroc.com\/blog\/wp-content\/uploads\/20100410-1051-260.jpg\" data-rel=\"lightbox-gallery-0\" data-rl_title=\"20100410-1051-260.jpg\" data-rl_caption=\"\u00e0 la redescente vers l&#039;Echalp\" title=\"20100410-1051-260.jpg\"><img loading=\"lazy\" decoding=\"async\" aria-describedby=\"caption-attachment-6812\" class=\"size-large wp-image-6812\" src=\"https:\/\/www.tomroc.com\/blog\/wp-content\/uploads\/20100410-1051-260-960x720.jpg\" alt=\"\u00e0 la redescente vers l'Echalp\" width=\"960\" height=\"720\" \/><\/a><p id=\"caption-attachment-6812\" class=\"wp-caption-text\">\u00e0 la redescente vers l&#8217;Echalp<\/p><\/div>\n<h2>Notre parcours<\/h2>\n\t\t<div id=\"maps-marker-pro-da16ce71\" class=\"maps-marker-pro\" style=\"width: 100%;\">\n\t\t\t<div id=\"mmp-map-wrap-da16ce71\" class=\"mmp-map-wrap\">\n\t\t\t\t\t\t\t\t<div id=\"mmp-map-da16ce71\" class=\"mmp-map\" style=\"height: 720px;\"><\/div>\n\t\t\t\t\t\t\t\t\t<div id=\"mmp-chart-wrap-da16ce71\" class=\"mmp-gpx-chart-wrap\" style=\"height: 200px;\"><\/div>\n\t\t\t\t\t\t\t<\/div>\n\t\t\t\t\t<\/div>\n\t\t\n<ul>\n<li>Distance: 16,5 km<\/li>\n<li>D\u00e9nivel\u00e9: +600 m et -1320 m<\/li>\n<li>Dur\u00e9e: 3h55 (dont 1h15 de pause)<\/li>\n<\/ul>\n<h1>Notre parcours complet<\/h1>\n<ul>\n<li>Distance: 79,20 km<\/li>\n<li>D\u00e9nivel\u00e9: + 5450 m et &#8211; 5450 m<\/li>\n<li>Dur\u00e9e: 6 jours<\/li>\n<\/ul>\n\t\t<div id=\"maps-marker-pro-1d6abc8e\" class=\"maps-marker-pro\" style=\"width: 100%;\">\n\t\t\t<div id=\"mmp-map-wrap-1d6abc8e\" class=\"mmp-map-wrap\">\n\t\t\t\t\t\t\t\t<div id=\"mmp-map-1d6abc8e\" class=\"mmp-map\" style=\"height: 720px;\"><\/div>\n\t\t\t\t\t\t\t\t\t<div id=\"mmp-chart-wrap-1d6abc8e\" class=\"mmp-gpx-chart-wrap\" style=\"height: 200px;\"><\/div>\n\t\t\t\t\t\t\t<\/div>\n\t\t\t\t\t<\/div>\n\t\t\n","protected":false},"excerpt":{"rendered":"<p>Le Mont Viso sous la lumi\u00e8re du soir<\/p>\n","protected":false},"author":1,"featured_media":6787,"comment_status":"open","ping_status":"open","sticky":false,"template":"","format":"standard","meta":{"_et_pb_use_builder":"","_et_pb_old_content":"","_et_gb_content_width":"","footnotes":""},"categories":[41],"tags":[91,12,678,676,677,679,452,2857],"class_list":["post-235","post","type-post","status-publish","format-standard","has-post-thumbnail","hentry","category-skirando","tag-mont-viso","tag-outdoor","tag-refuge-du-viso","tag-refuge-pian-melze","tag-refuge-quintino-sella","tag-refuge-vallanta","tag-ski-de-randonnee","tag-sur-plusieurs-jours"],"_links":{"self":[{"href":"https:\/\/www.tomroc.com\/blog\/wp-json\/wp\/v2\/posts\/235","targetHints":{"allow":["GET"]}}],"collection":[{"href":"https:\/\/www.tomroc.com\/blog\/wp-json\/wp\/v2\/posts"}],"about":[{"href":"https:\/\/www.tomroc.com\/blog\/wp-json\/wp\/v2\/types\/post"}],"author":[{"embeddable":true,"href":"https:\/\/www.tomroc.com\/blog\/wp-json\/wp\/v2\/users\/1"}],"replies":[{"embeddable":true,"href":"https:\/\/www.tomroc.com\/blog\/wp-json\/wp\/v2\/comments?post=235"}],"version-history":[{"count":0,"href":"https:\/\/www.tomroc.com\/blog\/wp-json\/wp\/v2\/posts\/235\/revisions"}],"wp:featuredmedia":[{"embeddable":true,"href":"https:\/\/www.tomroc.com\/blog\/wp-json\/wp\/v2\/media\/6787"}],"wp:attachment":[{"href":"https:\/\/www.tomroc.com\/blog\/wp-json\/wp\/v2\/media?parent=235"}],"wp:term":[{"taxonomy":"category","embeddable":true,"href":"https:\/\/www.tomroc.com\/blog\/wp-json\/wp\/v2\/categories?post=235"},{"taxonomy":"post_tag","embeddable":true,"href":"https:\/\/www.tomroc.com\/blog\/wp-json\/wp\/v2\/tags?post=235"}],"curies":[{"name":"wp","href":"https:\/\/api.w.org\/{rel}","templated":true}]}}