{"id":25255,"date":"2019-08-03T16:40:49","date_gmt":"2019-08-03T15:40:49","guid":{"rendered":"https:\/\/www.tomroc.com\/blog\/?p=25255"},"modified":"2023-03-26T08:44:04","modified_gmt":"2023-03-26T07:44:04","slug":"randonnees-du-vertige-en-espagne","status":"publish","type":"post","link":"https:\/\/www.tomroc.com\/blog\/2019\/08\/randonnees-du-vertige-en-espagne\/","title":{"rendered":"Randonn\u00e9es &#8216;du vertige&#8217; en Espagne"},"content":{"rendered":"\n<p>Durant nos deux semaines de vacances cet \u00e9t\u00e9, nous allons voir la famille \u00e0 Limoges et en Dordogne, mais avant cela nous pr\u00e9voyons une petite escapade sportive. Alors nous avons cherch\u00e9 ce que nous pourrions faire avec Eva, qui a maintenant 9 mois. Apr\u00e8s avoir abandonn\u00e9 l&#8217;option v\u00e9lo, c&#8217;est finalement sur de la randonn\u00e9e en Espagne que nous nous rabattons.<\/p>\n\n\n\n<figure class=\"wp-block-image alignright\"><img loading=\"lazy\" decoding=\"async\" width=\"300\" height=\"300\" src=\"https:\/\/www.tomroc.com\/blog\/wp-content\/uploads\/9782344001295-300x300.jpg\" alt=\"\" class=\"wp-image-18178\"\/><\/figure>\n\n\n\n<p class=\"has-text-align-left\">Nous utilisons le livre topo &#8220;Pyr\u00e9n\u00e9es &#8211; Les randonn\u00e9es du vertige&#8221; et irons rayonner dans deux secteurs, en s\u00e9journant tout d&#8217;abord dans la ville de Bielsa, non loin de la fronti\u00e8re, puis \u00e0 Bin\u00e9far &#8211; faute d&#8217;avoir trouv\u00e9 un point de chute sympa et plus proche de nos cibles dans la Sierra de Guara.<\/p>\n\n\n\n<ul class=\"wp-block-list\">\n<li>La feixa Tormosa<\/li>\n\n\n\n<li>Le Sestrales Alto<\/li>\n\n\n\n<li>La fisura et les cuevas de Santa Orosia<\/li>\n\n\n\n<li>Les corniseras del Mascun et le sendero de Turmo<\/li>\n\n\n\n<li>La camino de las Escaleretas<\/li>\n<\/ul>\n\n\n\n<h2 class=\"wp-block-heading\">La feixa Tormosa<\/h2>\n\n\n\n<p>Pour cette premi\u00e8re journ\u00e9e assez courte compte tenu d&#8217;un d\u00e9part tr\u00e8s tardif, nous choisissons pour une petite balade vers des chutes d&#8217;eau s&#8217;\u00e9coulant dans un fond de vall\u00e9e:<\/p>\n\n\n\n<ul class=\"wp-block-list\">\n<li>La feixa Tormosa (Pyr\u00e9n\u00e9es &#8211; Les randonn\u00e9es du vertige : sortie 22 &#8211; page 110)<\/li>\n<\/ul>\n\n\n\n<p>Nous avons tr\u00e8s rapidement vue sur notre objectif.<\/p>\n\n\n\n<figure class=\"wp-block-image\"><a  href=\"https:\/\/www.tomroc.com\/blog\/wp-content\/uploads\/20190803-1654-4.jpg\" data-rel=\"lightbox-gallery-0\" data-rl_title=\"20190803-1654-4.jpg\" data-rl_caption=\"\" title=\"20190803-1654-4.jpg\"><img loading=\"lazy\" decoding=\"async\" width=\"960\" height=\"720\" src=\"https:\/\/www.tomroc.com\/blog\/wp-content\/uploads\/20190803-1654-4-960x720.jpg\" alt=\"\" class=\"wp-image-25206\"\/><\/a><\/figure>\n\n\n\n<p>La mont\u00e9e tr\u00e8s progressive en fond de vall\u00e9e nous m\u00e8ne dans le cirque \u00e0 port\u00e9e d&#8217;une belle succession de cascades.<\/p>\n\n\n\n<figure class=\"wp-block-image\"><a  href=\"https:\/\/www.tomroc.com\/blog\/wp-content\/uploads\/20190803-1750-54.jpg\" data-rel=\"lightbox-gallery-0\" data-rl_title=\"20190803-1750-54.jpg\" data-rl_caption=\"\" title=\"20190803-1750-54.jpg\"><img loading=\"lazy\" decoding=\"async\" width=\"960\" height=\"720\" src=\"https:\/\/www.tomroc.com\/blog\/wp-content\/uploads\/20190803-1750-54-960x720.jpg\" alt=\"\" class=\"wp-image-25207\"\/><\/a><\/figure>\n\n\n\n<p>Il faut franchir le lit de la cascade puis un passage un peu expos\u00e9 sur quelques m\u00e8tres, et nous acc\u00e9dons au pied de la plus haute d&#8217;entre elles. <\/p>\n\n\n\n<figure class=\"wp-block-image\"><a  href=\"https:\/\/www.tomroc.com\/blog\/wp-content\/uploads\/20190803-1802-62.jpg\" data-rel=\"lightbox-gallery-0\" data-rl_title=\"20190803-1802-62.jpg\" data-rl_caption=\"\" title=\"20190803-1802-62.jpg\"><img loading=\"lazy\" decoding=\"async\" width=\"960\" height=\"720\" src=\"https:\/\/www.tomroc.com\/blog\/wp-content\/uploads\/20190803-1802-62-960x720.jpg\" alt=\"\" class=\"wp-image-25208\"\/><\/a><\/figure>\n\n\n\n<p>Nous profitons seuls de la vue, tous les autres touristes sont d\u00e9j\u00e0 rentr\u00e9s, et revenons sur nos pas. <\/p>\n\n\n\n<figure class=\"wp-block-image\"><a  href=\"https:\/\/www.tomroc.com\/blog\/wp-content\/uploads\/20190803-1826-113.jpg\" data-rel=\"lightbox-gallery-0\" data-rl_title=\"20190803-1826-113.jpg\" data-rl_caption=\"\" title=\"20190803-1826-113.jpg\"><img loading=\"lazy\" decoding=\"async\" width=\"960\" height=\"720\" src=\"https:\/\/www.tomroc.com\/blog\/wp-content\/uploads\/20190803-1826-113-960x720.jpg\" alt=\"\" class=\"wp-image-25209\"\/><\/a><\/figure>\n\n\n\n<h3 class=\"wp-block-heading\">Notre parcours<\/h3>\n\n\n\t\t<div id=\"maps-marker-pro-d47adf0a\" class=\"maps-marker-pro\" style=\"width: 100%;\">\n\t\t\t<div id=\"mmp-map-wrap-d47adf0a\" class=\"mmp-map-wrap\">\n\t\t\t\t\t\t\t\t<div id=\"mmp-map-d47adf0a\" class=\"mmp-map\" style=\"height: 600px;\"><\/div>\n\t\t\t\t\t\t\t\t\t<div id=\"mmp-chart-wrap-d47adf0a\" class=\"mmp-gpx-chart-wrap\" style=\"height: 200px;\"><\/div>\n\t\t\t\t\t\t\t<\/div>\n\t\t\t\t\t<\/div>\n\t\t\n\n\n\n<ul class=\"wp-block-list\">\n<li>Distance (km) : 7<\/li>\n\n\n\n<li>D\u00e9nivel\u00e9 (m) : +410 -410<\/li>\n\n\n\n<li>Altitude (m) : mini 1250, maxi 1430<\/li>\n\n\n\n<li>Horaires: d\u00e9part 16h47, retour 19h24<\/li>\n<\/ul>\n\n\n\n<h2 class=\"wp-block-heading\">Le Sestrales Alto<\/h2>\n\n\n\n<p>Pour cette deuxi\u00e8me journ\u00e9e nous disposons d&#8217;un peu plus de temps et s\u00e9lectionnons une randonn\u00e9e dans le secteur de Bielsa dont les photos dans le topo ont attir\u00e9 notre attention:<\/p>\n\n\n\n<ul class=\"wp-block-list\">\n<li>Le Sestrales Alto (Pyr\u00e9n\u00e9es &#8211; Les randonn\u00e9es du vertige : sortie 23 &#8211; page 114)<\/li>\n<\/ul>\n\n\n\n<p>La premi\u00e8re difficult\u00e9 est de rejoindre le point de d\u00e9part, puisque nous devons parcourir pr\u00e8s de 10km en sentier tr\u00e8s accident\u00e9 \u00e0 flanc de montagne. Et sur le trajet, nous rejoignons cinq chevaux en libert\u00e9. Mais ils ne peuvent sortir de la route et par peur de la voiture, ils fuient \u00e0 mesure que nous avan\u00e7ons. Je n&#8217;arrive pas \u00e0 les doubler alors je descends de voiture et c&#8217;est \u00e0 pied que je les d\u00e9passe et les pousse \u00e0 passer derri\u00e8re la voiture. <\/p>\n\n\n\n<p>Au bout du chemin qui marque le d\u00e9part de la randonn\u00e9e, de nombreuses voitures sont gar\u00e9es l\u00e0. Heureusement nous seront seuls sur le parcours.<\/p>\n\n\n\n<figure class=\"wp-block-image\"><a  href=\"https:\/\/www.tomroc.com\/blog\/wp-content\/uploads\/20190804-1144-123-panorama.jpg\" data-rel=\"lightbox-gallery-0\" data-rl_title=\"20190804-1144-123-Panorama.jpg\" data-rl_caption=\"\" title=\"20190804-1144-123-Panorama.jpg\"><img loading=\"lazy\" decoding=\"async\" width=\"960\" height=\"530\" src=\"https:\/\/www.tomroc.com\/blog\/wp-content\/uploads\/20190804-1144-123-panorama-960x530.jpg\" alt=\"\" class=\"wp-image-25210\"\/><\/a><\/figure>\n\n\n\n<p>La randonn\u00e9e laisse entrevoir d\u00e8s le d\u00e9marrage de belles falaises, et notre objectif se devine au loin.<\/p>\n\n\n\n<figure class=\"wp-block-image\"><a  href=\"https:\/\/www.tomroc.com\/blog\/wp-content\/uploads\/20190804-1210-127-panorama.jpg\" data-rel=\"lightbox-gallery-0\" data-rl_title=\"20190804-1210-127-Panorama.jpg\" data-rl_caption=\"\" title=\"20190804-1210-127-Panorama.jpg\"><img loading=\"lazy\" decoding=\"async\" width=\"960\" height=\"370\" src=\"https:\/\/www.tomroc.com\/blog\/wp-content\/uploads\/20190804-1210-127-panorama-960x370.jpg\" alt=\"\" class=\"wp-image-25211\"\/><\/a><\/figure>\n\n\n\n<p>Nous retrouvons l\u00e0 des d\u00e9cors nous faisant penser \u00e0 nos randonn\u00e9es vertige en Vercors et Chartreuse.<\/p>\n\n\n\n<figure class=\"wp-block-image\"><a  href=\"https:\/\/www.tomroc.com\/blog\/wp-content\/uploads\/20190804-1311-144.jpg\" data-rel=\"lightbox-gallery-0\" data-rl_title=\"20190804-1311-144.jpg\" data-rl_caption=\"\" title=\"20190804-1311-144.jpg\"><img loading=\"lazy\" decoding=\"async\" width=\"960\" height=\"720\" src=\"https:\/\/www.tomroc.com\/blog\/wp-content\/uploads\/20190804-1311-144-960x720.jpg\" alt=\"\" class=\"wp-image-25212\"\/><\/a><\/figure>\n\n\n\n<figure class=\"wp-block-image\"><a  href=\"https:\/\/www.tomroc.com\/blog\/wp-content\/uploads\/20190804-1426-158.jpg\" data-rel=\"lightbox-gallery-0\" data-rl_title=\"20190804-1426-158.jpg\" data-rl_caption=\"\" title=\"20190804-1426-158.jpg\"><img loading=\"lazy\" decoding=\"async\" width=\"960\" height=\"720\" src=\"https:\/\/www.tomroc.com\/blog\/wp-content\/uploads\/20190804-1426-158-960x720.jpg\" alt=\"\" class=\"wp-image-25213\"\/><\/a><\/figure>\n\n\n\n<p>Au passage, un beau lapiaz qui surgit en partie de la prairie.<\/p>\n\n\n\n<figure class=\"wp-block-image\"><a  href=\"https:\/\/www.tomroc.com\/blog\/wp-content\/uploads\/20190804-1427-164.jpg\" data-rel=\"lightbox-gallery-0\" data-rl_title=\"20190804-1427-164.jpg\" data-rl_caption=\"\" title=\"20190804-1427-164.jpg\"><img loading=\"lazy\" decoding=\"async\" width=\"960\" height=\"720\" src=\"https:\/\/www.tomroc.com\/blog\/wp-content\/uploads\/20190804-1427-164-960x720.jpg\" alt=\"\" class=\"wp-image-25214\"\/><\/a><\/figure>\n\n\n\n<p>Nous arrivons au bout du plateau, le retour se fait par le m\u00eame chemin.<\/p>\n\n\n\n<figure class=\"wp-block-image\"><a  href=\"https:\/\/www.tomroc.com\/blog\/wp-content\/uploads\/20190804-1446-197-panorama.jpg\" data-rel=\"lightbox-gallery-0\" data-rl_title=\"20190804-1446-197-Panorama.jpg\" data-rl_caption=\"\" title=\"20190804-1446-197-Panorama.jpg\"><img loading=\"lazy\" decoding=\"async\" width=\"960\" height=\"361\" src=\"https:\/\/www.tomroc.com\/blog\/wp-content\/uploads\/20190804-1446-197-panorama-960x361.jpg\" alt=\"\" class=\"wp-image-25215\"\/><\/a><\/figure>\n\n\n\n<p>Et j&#8217;en profite pour une s\u00e9rie de photos sympa au passage.<\/p>\n\n\n\n<figure class=\"wp-block-image\"><a  href=\"https:\/\/www.tomroc.com\/blog\/wp-content\/uploads\/20190804-1455-221.jpg\" data-rel=\"lightbox-gallery-0\" data-rl_title=\"20190804-1455-221.jpg\" data-rl_caption=\"\" title=\"20190804-1455-221.jpg\"><img loading=\"lazy\" decoding=\"async\" width=\"960\" height=\"720\" src=\"https:\/\/www.tomroc.com\/blog\/wp-content\/uploads\/20190804-1455-221-960x720.jpg\" alt=\"\" class=\"wp-image-25216\"\/><\/a><\/figure>\n\n\n\n<figure class=\"wp-block-image\"><a  href=\"https:\/\/www.tomroc.com\/blog\/wp-content\/uploads\/20190804-1501-230.jpg\" data-rel=\"lightbox-gallery-0\" data-rl_title=\"20190804-1501-230.jpg\" data-rl_caption=\"\" title=\"20190804-1501-230.jpg\"><img loading=\"lazy\" decoding=\"async\" width=\"960\" height=\"720\" src=\"https:\/\/www.tomroc.com\/blog\/wp-content\/uploads\/20190804-1501-230-960x720.jpg\" alt=\"\" class=\"wp-image-25217\"\/><\/a><\/figure>\n\n\n\n<p>La petite Eva, toujours en porte b\u00e9b\u00e9, alternativement &#8220;face au monde&#8221; ou en train de faire la sieste sur la poitrine de Sandrine.<\/p>\n\n\n\n<figure class=\"wp-block-image\"><a  href=\"https:\/\/www.tomroc.com\/blog\/wp-content\/uploads\/20190804-1520-239-panorama.jpg\" data-rel=\"lightbox-gallery-0\" data-rl_title=\"20190804-1520-57.jpg\" data-rl_caption=\"\" title=\"20190804-1520-57.jpg\"><img loading=\"lazy\" decoding=\"async\" width=\"960\" height=\"443\" src=\"https:\/\/www.tomroc.com\/blog\/wp-content\/uploads\/20190804-1520-239-panorama-960x443.jpg\" alt=\"\" class=\"wp-image-25218\"\/><\/a><\/figure>\n\n\n\n<figure class=\"wp-block-image\"><a  href=\"https:\/\/www.tomroc.com\/blog\/wp-content\/uploads\/20190804-1550-251-panorama.jpg\" data-rel=\"lightbox-gallery-0\" data-rl_title=\"20190804-1550-251-Panorama.jpg\" data-rl_caption=\"\" title=\"20190804-1550-251-Panorama.jpg\"><img loading=\"lazy\" decoding=\"async\" width=\"960\" height=\"263\" src=\"https:\/\/www.tomroc.com\/blog\/wp-content\/uploads\/20190804-1550-251-panorama-960x263.jpg\" alt=\"\" class=\"wp-image-25219\"\/><\/a><\/figure>\n\n\n\n<h3 class=\"wp-block-heading\">Notre parcours<\/h3>\n\n\n\t\t<div id=\"maps-marker-pro-5f8a853c\" class=\"maps-marker-pro\" style=\"width: 100%;\">\n\t\t\t<div id=\"mmp-map-wrap-5f8a853c\" class=\"mmp-map-wrap\">\n\t\t\t\t\t\t\t\t<div id=\"mmp-map-5f8a853c\" class=\"mmp-map\" style=\"height: 600px;\"><\/div>\n\t\t\t\t\t\t\t\t\t<div id=\"mmp-chart-wrap-5f8a853c\" class=\"mmp-gpx-chart-wrap\" style=\"height: 200px;\"><\/div>\n\t\t\t\t\t\t\t<\/div>\n\t\t\t\t\t<\/div>\n\t\t\n\n\n\n<ul class=\"wp-block-list\">\n<li>Distance (km) : 9<\/li>\n\n\n\n<li>D\u00e9nivel\u00e9 (m) : +510 -510<\/li>\n\n\n\n<li>Altitude (m) : mini 1620, maxi 1790<\/li>\n\n\n\n<li>Horaires: d\u00e9part 11h30, retour 16h10<\/li>\n<\/ul>\n\n\n\n<p><\/p>\n\n\n\n<h2 class=\"wp-block-heading\">La fisura et les cuevas de Santa Orosia<\/h2>\n\n\n\n<p>C&#8217;est la canicule sur la France, en Espagne nous ne sommes pas mieux lotis. Et pour ne rien arranger nous prenons le d\u00e9part assez tard. Objectif : <\/p>\n\n\n\n<ul class=\"wp-block-list\">\n<li>La fisura et les cuevas de Santa Orosia (Pyr\u00e9n\u00e9es &#8211; Les randonn\u00e9es du vertige : sortie 33, page 156<\/li>\n<\/ul>\n\n\n\n<p>Apr\u00e8s une premi\u00e8re partie en plein soleil, nous profitons de l&#8217;ombre de la for\u00eat dans les pentes qui m\u00e8nent jusqu&#8217;\u00e0 la premi\u00e8re petite \u00e9glise.<\/p>\n\n\n\n<figure class=\"wp-block-image\"><a  href=\"https:\/\/www.tomroc.com\/blog\/wp-content\/uploads\/20190805-1120-261.jpg\" data-rel=\"lightbox-gallery-0\" data-rl_title=\"20190805-1120-261.jpg\" data-rl_caption=\"\" title=\"20190805-1120-261.jpg\"><img loading=\"lazy\" decoding=\"async\" width=\"960\" height=\"720\" src=\"https:\/\/www.tomroc.com\/blog\/wp-content\/uploads\/20190805-1120-261-960x720.jpg\" alt=\"\" class=\"wp-image-25220\"\/><\/a><\/figure>\n\n\n\n<p>L\u2019\u00e9difice religieux est parfaitement int\u00e9gr\u00e9e \u00e0 la paroi, sous une chute d&#8217;eau qui se d\u00e9verse depuis le haut du plateau.<\/p>\n\n\n\n<figure class=\"wp-block-image\"><a  href=\"https:\/\/www.tomroc.com\/blog\/wp-content\/uploads\/20190805-1228-265.jpg\" data-rel=\"lightbox-gallery-0\" data-rl_title=\"20190805-1228-265.jpg\" data-rl_caption=\"\" title=\"20190805-1228-265.jpg\"><img loading=\"lazy\" decoding=\"async\" width=\"960\" height=\"720\" src=\"https:\/\/www.tomroc.com\/blog\/wp-content\/uploads\/20190805-1228-265-960x720.jpg\" alt=\"\" class=\"wp-image-25221\"\/><\/a><\/figure>\n\n\n\n<p>Sandrine teste les cloches et nous fait remarquer des kilom\u00e8tres \u00e0 la ronde.<\/p>\n\n\n\n<figure class=\"wp-block-image\"><a  href=\"https:\/\/www.tomroc.com\/blog\/wp-content\/uploads\/20190805-1349-284.jpg\" data-rel=\"lightbox-gallery-0\" data-rl_title=\"20190805-1349-284.jpg\" data-rl_caption=\"\" title=\"20190805-1349-284.jpg\"><img loading=\"lazy\" decoding=\"async\" width=\"960\" height=\"720\" src=\"https:\/\/www.tomroc.com\/blog\/wp-content\/uploads\/20190805-1349-284-960x720.jpg\" alt=\"\" class=\"wp-image-25222\"\/><\/a><\/figure>\n\n\n\n<p>Sous l&#8217;\u00e9glise, un autre abris beaucoup plus sommaire.<\/p>\n\n\n\n<figure class=\"wp-block-image\"><a  href=\"https:\/\/www.tomroc.com\/blog\/wp-content\/uploads\/20190805-1354-289.jpg\" data-rel=\"lightbox-gallery-0\" data-rl_title=\"20190805-1354-289.jpg\" data-rl_caption=\"\" title=\"20190805-1354-289.jpg\"><img loading=\"lazy\" decoding=\"async\" width=\"960\" height=\"720\" src=\"https:\/\/www.tomroc.com\/blog\/wp-content\/uploads\/20190805-1354-289-960x720.jpg\" alt=\"\" class=\"wp-image-25223\"\/><\/a><\/figure>\n\n\n\n<p>Nous poursuivons sur la sente, elle nous m\u00e8ne \u00e0 deux autres petites constitutions religieuses, puis permet l&#8217;acc\u00e8s au plateau. Nous allons jusqu&#8217;au refuge Santo Orosia, fin de notre parcours. <\/p>\n\n\n\n<figure class=\"wp-block-image\"><a  href=\"https:\/\/www.tomroc.com\/blog\/wp-content\/uploads\/20190805-1354-290.jpg\" data-rel=\"lightbox-gallery-0\" data-rl_title=\"20190805-1354-290.jpg\" data-rl_caption=\"\" title=\"20190805-1354-290.jpg\"><img loading=\"lazy\" decoding=\"async\" width=\"960\" height=\"720\" src=\"https:\/\/www.tomroc.com\/blog\/wp-content\/uploads\/20190805-1354-290-960x720.jpg\" alt=\"\" class=\"wp-image-25224\"\/><\/a><\/figure>\n\n\n\n<p>Le retour se fait par le m\u00eame chemin.<\/p>\n\n\n\n<figure class=\"wp-block-image\"><a  href=\"https:\/\/www.tomroc.com\/blog\/wp-content\/uploads\/20190805-1655-328-panorama.jpg\" data-rel=\"lightbox-gallery-0\" data-rl_title=\"20190805-1655-328-Panorama.jpg\" data-rl_caption=\"\" title=\"20190805-1655-328-Panorama.jpg\"><img loading=\"lazy\" decoding=\"async\" width=\"960\" height=\"533\" src=\"https:\/\/www.tomroc.com\/blog\/wp-content\/uploads\/20190805-1655-328-panorama-960x533.jpg\" alt=\"\" class=\"wp-image-25225\"\/><\/a><\/figure>\n\n\n\n<h3 class=\"wp-block-heading\">Notre parcours<\/h3>\n\n\n\t\t<div id=\"maps-marker-pro-8bd1717f\" class=\"maps-marker-pro\" style=\"width: 100%;\">\n\t\t\t<div id=\"mmp-map-wrap-8bd1717f\" class=\"mmp-map-wrap\">\n\t\t\t\t\t\t\t\t<div id=\"mmp-map-8bd1717f\" class=\"mmp-map\" style=\"height: 600px;\"><\/div>\n\t\t\t\t\t\t\t\t\t<div id=\"mmp-chart-wrap-8bd1717f\" class=\"mmp-gpx-chart-wrap\" style=\"height: 200px;\"><\/div>\n\t\t\t\t\t\t\t<\/div>\n\t\t\t\t\t<\/div>\n\t\t\n\n\n\n<ul class=\"wp-block-list\">\n<li>Distance (km) : 13<\/li>\n\n\n\n<li>D\u00e9nivel\u00e9 (m) : +640 -640<\/li>\n\n\n\n<li>Altitude (m) : mini 810, maxi 1450<\/li>\n\n\n\n<li>Horaires: d\u00e9part 10h50, retour 17h05<\/li>\n<\/ul>\n\n\n\n<h2 class=\"wp-block-heading\">Les corniseras del Mascun et le sendero de Turmo<\/h2>\n\n\n\n<p>Nous maintenant avons boug\u00e9 notre &#8216;camp de base&#8217;  plus loin dans le sud, pour aller d\u00e9couvrir la r\u00e9gion de la Sierra de Guara. Nous s\u00e9lectionnons ce qui semble \u00eatre l&#8217;une des splendeurs de la r\u00e9gion:  <\/p>\n\n\n\n<ul class=\"wp-block-list\">\n<li>Les corniseras del Mascun et le sendero de Turmo (Pyr\u00e9n\u00e9es &#8211; Les randonn\u00e9es du vertige : sortie 29, page 138)<\/li>\n<\/ul>\n\n\n\n<blockquote class=\"wp-block-quote is-layout-flow wp-block-quote-is-layout-flow\">\n<p>Les paysages du Colorado et de l&#8217;Arizona sont partout vant\u00e9s comme les plus merveilleux du monde: nous pouvons affirmer que les gorges ou gargantes de Rodellar et les cuevas de Otin qui en font partie doivent \u00eatre mises en parall\u00e8le avec les splendeurs des Etats-Unis.<\/p>\n<cite>Albert Tissandier, Le Tour du monde, 1880<\/cite><\/blockquote>\n\n\n\n<p>La randonn\u00e9e d\u00e9bute au village de Rodellar, et nous empruntons l&#8217;une des nombreuses sentes pour rejoindre un fond de vall\u00e9e. Les spots d&#8217;escalade sont nombreux ici, et le niveau semble \u00e9lev\u00e9.<\/p>\n\n\n\n<p>Nous croisons une famille \u00e9gar\u00e9e \u00e0 la recherche d&#8217;un d\u00e9part de canyoning, et \u00e0 mon GPS et cartes je les aide \u00e0 se situer, ils sont apparemment dans la mauvaise vall\u00e9e.<\/p>\n\n\n\n<p>Nous remontons la vall\u00e9e et franchissons quelques maigres cours d&#8217;eau.<\/p>\n\n\n\n<figure class=\"wp-block-image\"><a  href=\"https:\/\/www.tomroc.com\/blog\/wp-content\/uploads\/20190807-1024-355.jpg\" data-rel=\"lightbox-gallery-0\" data-rl_title=\"20190807-1024-355.jpg\" data-rl_caption=\"\" title=\"20190807-1024-355.jpg\"><img loading=\"lazy\" decoding=\"async\" width=\"960\" height=\"720\" src=\"https:\/\/www.tomroc.com\/blog\/wp-content\/uploads\/20190807-1024-355-960x720.jpg\" alt=\"\" class=\"wp-image-25226\"\/><\/a><\/figure>\n\n\n\n<p>A vue des premi\u00e8res curiosit\u00e9s g\u00e9ologiques, nous d\u00e9butons la mont\u00e9e de la Costera qui va nous mener sur le plateau de la Meseta.<\/p>\n\n\n\n<figure class=\"wp-block-image\"><a  href=\"https:\/\/www.tomroc.com\/blog\/wp-content\/uploads\/20190807-1059-369.jpg\" data-rel=\"lightbox-gallery-0\" data-rl_title=\"20190807-1059-369.jpg\" data-rl_caption=\"\" title=\"20190807-1059-369.jpg\"><img loading=\"lazy\" decoding=\"async\" width=\"960\" height=\"720\" src=\"https:\/\/www.tomroc.com\/blog\/wp-content\/uploads\/20190807-1059-369-960x720.jpg\" alt=\"\" class=\"wp-image-25227\"\/><\/a><\/figure>\n\n\n\n<p>De nombreux monolithes se dressent fi\u00e8rement dans ce paysage incroyable.<\/p>\n\n\n\n<figure class=\"wp-block-image\"><a  href=\"https:\/\/www.tomroc.com\/blog\/wp-content\/uploads\/20190807-1118-386.jpg\" data-rel=\"lightbox-gallery-0\" data-rl_title=\"20190807-1118-386.jpg\" data-rl_caption=\"\" title=\"20190807-1118-386.jpg\"><img loading=\"lazy\" decoding=\"async\" width=\"960\" height=\"720\" src=\"https:\/\/www.tomroc.com\/blog\/wp-content\/uploads\/20190807-1118-386-960x720.jpg\" alt=\"\" class=\"wp-image-25228\"\/><\/a><\/figure>\n\n\n\n<p>Nous rejoignons et d\u00e9passons le village abandonn\u00e9e d&#8217;Otin, et en profitons pour faire le plein d&#8217;eau et mouiller les casquettes. Nous arrivons dans les gorges du Raisen, et apr\u00e8s avoir un peu err\u00e9 \u00e0 la recherche du passage, nous faisons une halte d\u00e9jeuner. Elle s&#8217;av\u00e8re de courte dur\u00e9e car le temps \u00e0 vir\u00e9 au mauvais et c&#8217;est un gros orage qui arrive sur nous. Nous allons vite rejoindre une grotte sur le trajet, et y passons un bon moment \u00e0 attendre la fin des trombes d&#8217;eau qui se d\u00e9versent.<\/p>\n\n\n\n<figure class=\"wp-block-image\"><a  href=\"https:\/\/www.tomroc.com\/blog\/wp-content\/uploads\/20190807-1311-414-panorama.jpg\" data-rel=\"lightbox-gallery-0\" data-rl_title=\"20190807-1311-414-Panorama.jpg\" data-rl_caption=\"\" title=\"20190807-1311-414-Panorama.jpg\"><img loading=\"lazy\" decoding=\"async\" width=\"960\" height=\"379\" src=\"https:\/\/www.tomroc.com\/blog\/wp-content\/uploads\/20190807-1311-414-panorama-960x379.jpg\" alt=\"\" class=\"wp-image-25229\"\/><\/a><\/figure>\n\n\n\n<p>L&#8217;orage s&#8217;est maintenant \u00e9loign\u00e9, il gronde toujours mais nous avons \u00e9vit\u00e9 la pluie. Nous n&#8217;aurons pas le temps d&#8217;aller au Salvador de Los Lanas, et le temps est toujours mena\u00e7ant, alors nous prenons la d\u00e9cision de rentrer fissa, mais en passant par le sentier qui surplombe le Rio Mascun.<\/p>\n\n\n\n<figure class=\"wp-block-image\"><a  href=\"https:\/\/www.tomroc.com\/blog\/wp-content\/uploads\/20190807-1314-419.jpg\" data-rel=\"lightbox-gallery-0\" data-rl_title=\"20190807-1314-419.jpg\" data-rl_caption=\"\" title=\"20190807-1314-419.jpg\"><img loading=\"lazy\" decoding=\"async\" width=\"960\" height=\"720\" src=\"https:\/\/www.tomroc.com\/blog\/wp-content\/uploads\/20190807-1314-419-960x720.jpg\" alt=\"\" class=\"wp-image-25230\"\/><\/a><\/figure>\n\n\n\n<figure class=\"wp-block-image\"><a  href=\"https:\/\/www.tomroc.com\/blog\/wp-content\/uploads\/20190807-1449-429.jpg\" data-rel=\"lightbox-gallery-0\" data-rl_title=\"20190807-1449-429.jpg\" data-rl_caption=\"\" title=\"20190807-1449-429.jpg\"><img loading=\"lazy\" decoding=\"async\" width=\"960\" height=\"720\" src=\"https:\/\/www.tomroc.com\/blog\/wp-content\/uploads\/20190807-1449-429-960x720.jpg\" alt=\"\" class=\"wp-image-25231\"\/><\/a><\/figure>\n\n\n\n<figure class=\"wp-block-image\"><a  href=\"https:\/\/www.tomroc.com\/blog\/wp-content\/uploads\/20190807-1450-430.jpg\" data-rel=\"lightbox-gallery-0\" data-rl_title=\"20190807-1450-430.jpg\" data-rl_caption=\"\" title=\"20190807-1450-430.jpg\"><img loading=\"lazy\" decoding=\"async\" width=\"960\" height=\"720\" src=\"https:\/\/www.tomroc.com\/blog\/wp-content\/uploads\/20190807-1450-430-960x720.jpg\" alt=\"\" class=\"wp-image-25232\"\/><\/a><\/figure>\n\n\n\n<p>Il s&#8217;av\u00e8re que cette portion est clairement la plus belle de l&#8217;itin\u00e9raire de cette journ\u00e9e. Tout en bas nous devinons parfois le cours d&#8217;eau, la vue depuis ces d\u00e9fil\u00e9s doit valoir le coup \u00e9galement.<\/p>\n\n\n\n<figure class=\"wp-block-image\"><a  href=\"https:\/\/www.tomroc.com\/blog\/wp-content\/uploads\/20190807-1500-442.jpg\" data-rel=\"lightbox-gallery-0\" data-rl_title=\"20190807-1500-442.jpg\" data-rl_caption=\"\" title=\"20190807-1500-442.jpg\"><img loading=\"lazy\" decoding=\"async\" width=\"960\" height=\"720\" src=\"https:\/\/www.tomroc.com\/blog\/wp-content\/uploads\/20190807-1500-442-960x720.jpg\" alt=\"\" class=\"wp-image-25235\"\/><\/a><\/figure>\n\n\n\n<figure class=\"wp-block-image\"><a  href=\"https:\/\/www.tomroc.com\/blog\/wp-content\/uploads\/20190807-1503-444.jpg\" data-rel=\"lightbox-gallery-0\" data-rl_title=\"20190807-1503-444.jpg\" data-rl_caption=\"\" title=\"20190807-1503-444.jpg\"><img loading=\"lazy\" decoding=\"async\" width=\"960\" height=\"720\" src=\"https:\/\/www.tomroc.com\/blog\/wp-content\/uploads\/20190807-1503-444-960x720.jpg\" alt=\"\" class=\"wp-image-25236\"\/><\/a><\/figure>\n\n\n\n<figure class=\"wp-block-image\"><a  href=\"https:\/\/www.tomroc.com\/blog\/wp-content\/uploads\/20190807-1507-493-hdr.jpg\" data-rel=\"lightbox-gallery-0\" data-rl_title=\"20190807-1507-25.jpg\" data-rl_caption=\"\" title=\"20190807-1507-25.jpg\"><img loading=\"lazy\" decoding=\"async\" width=\"960\" height=\"720\" src=\"https:\/\/www.tomroc.com\/blog\/wp-content\/uploads\/20190807-1507-493-hdr-960x720.jpg\" alt=\"\" class=\"wp-image-25237\"\/><\/a><\/figure>\n\n\n\n<figure class=\"wp-block-image\"><a  href=\"https:\/\/www.tomroc.com\/blog\/wp-content\/uploads\/20190807-1513-501.jpg\" data-rel=\"lightbox-gallery-0\" data-rl_title=\"20190807-1513-501.jpg\" data-rl_caption=\"\" title=\"20190807-1513-501.jpg\"><img loading=\"lazy\" decoding=\"async\" width=\"960\" height=\"720\" src=\"https:\/\/www.tomroc.com\/blog\/wp-content\/uploads\/20190807-1513-501-960x720.jpg\" alt=\"\" class=\"wp-image-25239\"\/><\/a><\/figure>\n\n\n\n<figure class=\"wp-block-image\"><a  href=\"https:\/\/www.tomroc.com\/blog\/wp-content\/uploads\/20190807-1523-513.jpg\" data-rel=\"lightbox-gallery-0\" data-rl_title=\"20190807-1523-513.jpg\" data-rl_caption=\"\" title=\"20190807-1523-513.jpg\"><img loading=\"lazy\" decoding=\"async\" width=\"960\" height=\"720\" src=\"https:\/\/www.tomroc.com\/blog\/wp-content\/uploads\/20190807-1523-513-960x720.jpg\" alt=\"\" class=\"wp-image-25240\"\/><\/a><\/figure>\n\n\n\n<p>Nous ressortons de la gorge, contournons le village d&#8217;Otin \u00e0 toute vitesse, prenons une grosse averse sur la t\u00eate, mais en sortons rapidement et filons vers le sud rejoindre Rodellar et la voiture.<\/p>\n\n\n\n<p>Les voies d&#8217;escalade dans la gorge sont tr\u00e8s occup\u00e9es, les grimpeurs qui sont tous dans des d\u00e9vers et gros surplombs ne craignent pas la pluies !<\/p>\n\n\n\n<figure class=\"wp-block-image\"><a  href=\"https:\/\/www.tomroc.com\/blog\/wp-content\/uploads\/20190807-1724-541.jpg\" data-rel=\"lightbox-gallery-0\" data-rl_title=\"20190807-1724-541.jpg\" data-rl_caption=\"\" title=\"20190807-1724-541.jpg\"><img loading=\"lazy\" decoding=\"async\" width=\"960\" height=\"720\" src=\"https:\/\/www.tomroc.com\/blog\/wp-content\/uploads\/20190807-1724-541-960x720.jpg\" alt=\"\" class=\"wp-image-25241\"\/><\/a><\/figure>\n\n\n\n<h3 class=\"wp-block-heading\">Notre parcours<\/h3>\n\n\n\t\t<div id=\"maps-marker-pro-42b197ee\" class=\"maps-marker-pro\" style=\"width: 100%;\">\n\t\t\t<div id=\"mmp-map-wrap-42b197ee\" class=\"mmp-map-wrap\">\n\t\t\t\t\t\t\t\t<div id=\"mmp-map-42b197ee\" class=\"mmp-map\" style=\"height: 600px;\"><\/div>\n\t\t\t\t\t\t\t\t\t<div id=\"mmp-chart-wrap-42b197ee\" class=\"mmp-gpx-chart-wrap\" style=\"height: 200px;\"><\/div>\n\t\t\t\t\t\t\t<\/div>\n\t\t\t\t\t<\/div>\n\t\t\n\n\n\n<ul class=\"wp-block-list\">\n<li>Distance (km) : 18<\/li>\n\n\n\n<li>D\u00e9nivel\u00e9 (m) : +680 -680<\/li>\n\n\n\n<li>Altitude (m) : mini 675, maxi 1060<\/li>\n\n\n\n<li>Horaires: d\u00e9part 9h44, retour 17h50<\/li>\n<\/ul>\n\n\n\n<h2 class=\"wp-block-heading\">Le camino de las Escaleretas<\/h2>\n\n\n\n<p>Pour cette derni\u00e8re journ\u00e9e de randonn\u00e9e, nous allons nous engager dans la seule randonn\u00e9e qui m\u00e9riterait v\u00e9ritablement son appellation de &#8220;randonn\u00e9e du vertige&#8221; :<\/p>\n\n\n\n<ul class=\"wp-block-list\">\n<li>La camino de las Escaleretas (Pyr\u00e9n\u00e9es &#8211; Les randonn\u00e9es du vertige : sortie 27, page 130.)<\/li>\n<\/ul>\n\n\n\n<p>Depuis le village de Lecina, nous rejoignons assez vite l&#8217;abritos de Barfaluy et autres abris contenant des peintures rupestres.<\/p>\n\n\n\n<figure class=\"wp-block-image\"><a  href=\"https:\/\/www.tomroc.com\/blog\/wp-content\/uploads\/20190808-1354-557.jpg\" data-rel=\"lightbox-gallery-0\" data-rl_title=\"20190808-1354-557.jpg\" data-rl_caption=\"\" title=\"20190808-1354-557.jpg\"><img loading=\"lazy\" decoding=\"async\" width=\"960\" height=\"720\" src=\"https:\/\/www.tomroc.com\/blog\/wp-content\/uploads\/20190808-1354-557-960x720.jpg\" alt=\"\" class=\"wp-image-25242\"\/><\/a><\/figure>\n\n\n\n<p>Sont d\u00e9couvrons \u00e9galement des ruchers confectionn\u00e9s par l&#8217;homme.<\/p>\n\n\n\n<figure class=\"wp-block-image\"><a  href=\"https:\/\/www.tomroc.com\/blog\/wp-content\/uploads\/20190808-1355-559.jpg\" data-rel=\"lightbox-gallery-0\" data-rl_title=\"20190808-1355-559.jpg\" data-rl_caption=\"\" title=\"20190808-1355-559.jpg\"><img loading=\"lazy\" decoding=\"async\" width=\"960\" height=\"720\" src=\"https:\/\/www.tomroc.com\/blog\/wp-content\/uploads\/20190808-1355-559-960x720.jpg\" alt=\"\" class=\"wp-image-25243\"\/><\/a><\/figure>\n\n\n\n<p>Nous repassons par le syst\u00e8me d&#8217;\u00e9chelles, il s&#8217;agit maintenant d&#8217;aller rejoindre la Cuevas del Gallinero.<\/p>\n\n\n\n<figure class=\"wp-block-image\"><a  href=\"https:\/\/www.tomroc.com\/blog\/wp-content\/uploads\/20190808-1451-584.jpg\" data-rel=\"lightbox-gallery-0\" data-rl_title=\"20190808-1451-584.jpg\" data-rl_caption=\"\" title=\"20190808-1451-584.jpg\"><img loading=\"lazy\" decoding=\"async\" width=\"960\" height=\"720\" src=\"https:\/\/www.tomroc.com\/blog\/wp-content\/uploads\/20190808-1451-584-960x720.jpg\" alt=\"\" class=\"wp-image-25244\"\/><\/a><\/figure>\n\n\n\n<p>\nLe topo parait alors tr\u00e8s clair,  mais nous butons sur ce simple \u00e9nonc\u00e9.\n\n<\/p>\n\n\n\n<blockquote class=\"wp-block-quote is-layout-flow wp-block-quote-is-layout-flow\">\n<p>Revenir ensuite sur ses pas une dizaine de minutes et rep\u00e9rer un sentier \u00e0 droite indiqu\u00e9 par deux petits cairns.<\/p>\n<cite>Pyr\u00e9n\u00e9es, les randonn\u00e9es du vertige.  La camino de las Escaleretas.<\/cite><\/blockquote>\n\n\n\n<p> Nous perdons alors beaucoup de temps et nous ne trouverons jamais les cairns encore moins le sentier. En confrontant notre trace GPS, le dessin du topo et en remettant en question notre position, je trouve l&#8217;acc\u00e8s \u00e0 la suite et d\u00e9m\u00eale toute cette histoire : les sentiers et les acc\u00e8s sur le secteur ont \u00e9t\u00e9 remani\u00e9s,  nous ne sommes pas exactement arriv\u00e9s comme le d\u00e9crit le topo,  alors notre retour en arri\u00e8re .. nous menait naturellement ailleurs.  <\/p>\n\n\n\n<p>Maintenant raccroch\u00e9s \u00e0 l&#8217;itin\u00e9raire, nous retrouvons les lieux caract\u00e9ristiques du topo. Tout d&#8217;abord un passage tr\u00e8s expos\u00e9 mais n\u00e9anmoins prot\u00e9g\u00e9 par c\u00e2ble d&#8217;acier.<\/p>\n\n\n\n<figure class=\"wp-block-image\"><a  href=\"https:\/\/www.tomroc.com\/blog\/wp-content\/uploads\/20190808-1613-593-hdr.jpg\" data-rel=\"lightbox-gallery-0\" data-rl_title=\"20190808-1613-593-HDR.jpg\" data-rl_caption=\"\" title=\"20190808-1613-593-HDR.jpg\"><img loading=\"lazy\" decoding=\"async\" width=\"960\" height=\"720\" src=\"https:\/\/www.tomroc.com\/blog\/wp-content\/uploads\/20190808-1613-593-hdr-960x720.jpg\" alt=\"\" class=\"wp-image-25245\"\/><\/a><\/figure>\n\n\n\n<figure class=\"wp-block-image\"><a  href=\"https:\/\/www.tomroc.com\/blog\/wp-content\/uploads\/20190808-1616-626-hdr.jpg\" data-rel=\"lightbox-gallery-0\" data-rl_title=\"20190808-1616-626-HDR.jpg\" data-rl_caption=\"\" title=\"20190808-1616-626-HDR.jpg\"><img loading=\"lazy\" decoding=\"async\" width=\"960\" height=\"720\" src=\"https:\/\/www.tomroc.com\/blog\/wp-content\/uploads\/20190808-1616-626-hdr-960x720.jpg\" alt=\"\" class=\"wp-image-25246\"\/><\/a><\/figure>\n\n\n\n<p>Un second passage, lui aussi s\u00e9curis\u00e9 par un c\u00e2ble.<\/p>\n\n\n\n<figure class=\"wp-block-image\"><a  href=\"https:\/\/www.tomroc.com\/blog\/wp-content\/uploads\/20190808-1617-629.jpg\" data-rel=\"lightbox-gallery-0\" data-rl_title=\"20190808-1617-629.jpg\" data-rl_caption=\"\" title=\"20190808-1617-629.jpg\"><img loading=\"lazy\" decoding=\"async\" width=\"960\" height=\"720\" src=\"https:\/\/www.tomroc.com\/blog\/wp-content\/uploads\/20190808-1617-629-960x720.jpg\" alt=\"\" class=\"wp-image-25247\"\/><\/a><\/figure>\n\n\n\n<figure class=\"wp-block-image\"><a  href=\"https:\/\/www.tomroc.com\/blog\/wp-content\/uploads\/20190808-1619-647-hdr.jpg\" data-rel=\"lightbox-gallery-0\" data-rl_title=\"20190808-1619-647-HDR.jpg\" data-rl_caption=\"\" title=\"20190808-1619-647-HDR.jpg\"><img loading=\"lazy\" decoding=\"async\" width=\"960\" height=\"720\" src=\"https:\/\/www.tomroc.com\/blog\/wp-content\/uploads\/20190808-1619-647-hdr-960x720.jpg\" alt=\"\" class=\"wp-image-25248\"\/><\/a><\/figure>\n\n\n\n<figure class=\"wp-block-image\"><a  href=\"https:\/\/www.tomroc.com\/blog\/wp-content\/uploads\/20190808-1620-659-hdr.jpg\" data-rel=\"lightbox-gallery-0\" data-rl_title=\"20190808-1620-659-HDR.jpg\" data-rl_caption=\"\" title=\"20190808-1620-659-HDR.jpg\"><img loading=\"lazy\" decoding=\"async\" width=\"960\" height=\"720\" src=\"https:\/\/www.tomroc.com\/blog\/wp-content\/uploads\/20190808-1620-659-hdr-960x720.jpg\" alt=\"\" class=\"wp-image-25249\"\/><\/a><\/figure>\n\n\n\n<p>Nous poursuivons la descente et devons enchainer un autre passage expos\u00e9 o\u00f9 se trouvent deux spits, que nous n&#8217;utiliserons pas, puis une descente par une corde fixe avec des n\u0153uds.<\/p>\n\n\n\n<figure class=\"wp-block-image\"><a  href=\"https:\/\/www.tomroc.com\/blog\/wp-content\/uploads\/20190808-1634-671.jpg\" data-rel=\"lightbox-gallery-0\" data-rl_title=\"20190808-1634-671.jpg\" data-rl_caption=\"\" title=\"20190808-1634-671.jpg\"><img loading=\"lazy\" decoding=\"async\" width=\"960\" height=\"720\" src=\"https:\/\/www.tomroc.com\/blog\/wp-content\/uploads\/20190808-1634-671-960x720.jpg\" alt=\"\" class=\"wp-image-25250\"\/><\/a><\/figure>\n\n\n\n<p>Nous faisons un petit crochet par des grottes abritant quelques autres peintures puis atteignons le fond de la gorge. Ces paysages de roche creus\u00e9e par les eaux sont saisissants.<\/p>\n\n\n\n<figure class=\"wp-block-image\"><a  href=\"https:\/\/www.tomroc.com\/blog\/wp-content\/uploads\/20190808-1811-692-hdr.jpg\" data-rel=\"lightbox-gallery-0\" data-rl_title=\"20190808-1811-692-HDR.jpg\" data-rl_caption=\"\" title=\"20190808-1811-692-HDR.jpg\"><img loading=\"lazy\" decoding=\"async\" width=\"960\" height=\"720\" src=\"https:\/\/www.tomroc.com\/blog\/wp-content\/uploads\/20190808-1811-692-hdr-960x720.jpg\" alt=\"\" class=\"wp-image-25251\"\/><\/a><\/figure>\n\n\n\n<p>Nous poursuivons vers l&#8217;est jusqu&#8217;au mirador del Vero, il nous faut passer dans l&#8217;eau sur quelques passages.<\/p>\n\n\n\n<figure class=\"wp-block-image\"><a  href=\"https:\/\/www.tomroc.com\/blog\/wp-content\/uploads\/20190808-1818-707-hdr.jpg\" data-rel=\"lightbox-gallery-0\" data-rl_title=\"20190808-1818-707-HDR.jpg\" data-rl_caption=\"\" title=\"20190808-1818-707-HDR.jpg\"><img loading=\"lazy\" decoding=\"async\" width=\"960\" height=\"720\" src=\"https:\/\/www.tomroc.com\/blog\/wp-content\/uploads\/20190808-1818-707-hdr-960x720.jpg\" alt=\"\" class=\"wp-image-25252\"\/><\/a><\/figure>\n\n\n\n<figure class=\"wp-block-image\"><a  href=\"https:\/\/www.tomroc.com\/blog\/wp-content\/uploads\/20190808-1818-710-hdr.jpg\" data-rel=\"lightbox-gallery-0\" data-rl_title=\"20190808-1818-710-HDR.jpg\" data-rl_caption=\"\" title=\"20190808-1818-710-HDR.jpg\"><img loading=\"lazy\" decoding=\"async\" width=\"960\" height=\"720\" src=\"https:\/\/www.tomroc.com\/blog\/wp-content\/uploads\/20190808-1818-710-hdr-960x720.jpg\" alt=\"\" class=\"wp-image-25253\"\/><\/a><\/figure>\n\n\n\n<p> Nous manquons malheureusement de temps pour faire tout le tour pr\u00e9vu, alors nous prenons un chemin permettant de ressortir de la gorge et atteindre le plateau, puis filons tout droit pour rejoindre le village de Lecina. <\/p>\n\n\n\n<figure class=\"wp-block-image\"><a  href=\"https:\/\/www.tomroc.com\/blog\/wp-content\/uploads\/20190808-1835-723.jpg\" data-rel=\"lightbox-gallery-0\" data-rl_title=\"20190808-1835-723.jpg\" data-rl_caption=\"\" title=\"20190808-1835-723.jpg\"><img loading=\"lazy\" decoding=\"async\" width=\"960\" height=\"720\" src=\"https:\/\/www.tomroc.com\/blog\/wp-content\/uploads\/20190808-1835-723-960x720.jpg\" alt=\"\" class=\"wp-image-25254\"\/><\/a><\/figure>\n\n\n\n<h3 class=\"wp-block-heading\">Notre parcours<\/h3>\n\n\n\t\t<div id=\"maps-marker-pro-092ffe99\" class=\"maps-marker-pro\" style=\"width: 100%;\">\n\t\t\t<div id=\"mmp-map-wrap-092ffe99\" class=\"mmp-map-wrap\">\n\t\t\t\t\t\t\t\t<div id=\"mmp-map-092ffe99\" class=\"mmp-map\" style=\"height: 600px;\"><\/div>\n\t\t\t\t\t\t\t\t\t<div id=\"mmp-chart-wrap-092ffe99\" class=\"mmp-gpx-chart-wrap\" style=\"height: 200px;\"><\/div>\n\t\t\t\t\t\t\t<\/div>\n\t\t\t\t\t<\/div>\n\t\t\n\n\n\n<ul class=\"wp-block-list\">\n<li>Distance (km) : 9<\/li>\n\n\n\n<li>D\u00e9nivel\u00e9 (m) : +340 -340<\/li>\n\n\n\n<li>Altitude (m) : mini 595, maxi 790<\/li>\n\n\n\n<li>Horaires: d\u00e9part 12h50, retour 19h<\/li>\n<\/ul>\n","protected":false},"excerpt":{"rendered":"<p>. La feixa Tormosa<br \/>\n. Le Sestrales Alto<br \/>\n. La fisura et les cuevas de Santa Orosia<br \/>\n. Les corniseras del Mascun et le sendero de Turmo<br \/>\n. La camino de las Escaleretas<\/p>\n","protected":false},"author":1,"featured_media":25227,"comment_status":"open","ping_status":"open","sticky":false,"template":"","format":"standard","meta":{"_et_pb_use_builder":"","_et_pb_old_content":"","_et_gb_content_width":"","footnotes":""},"categories":[53],"tags":[470,1272,12,59,54,130,624,1273],"class_list":["post-25255","post","type-post","status-publish","format-standard","has-post-thumbnail","hentry","category-randonnee-trail","tag-espagne","tag-eva","tag-outdoor","tag-pyrenees","tag-randonnee-2","tag-randonnee-vertige","tag-sandrine-p","tag-sierra-de-guara"],"_links":{"self":[{"href":"https:\/\/www.tomroc.com\/blog\/wp-json\/wp\/v2\/posts\/25255","targetHints":{"allow":["GET"]}}],"collection":[{"href":"https:\/\/www.tomroc.com\/blog\/wp-json\/wp\/v2\/posts"}],"about":[{"href":"https:\/\/www.tomroc.com\/blog\/wp-json\/wp\/v2\/types\/post"}],"author":[{"embeddable":true,"href":"https:\/\/www.tomroc.com\/blog\/wp-json\/wp\/v2\/users\/1"}],"replies":[{"embeddable":true,"href":"https:\/\/www.tomroc.com\/blog\/wp-json\/wp\/v2\/comments?post=25255"}],"version-history":[{"count":2,"href":"https:\/\/www.tomroc.com\/blog\/wp-json\/wp\/v2\/posts\/25255\/revisions"}],"predecessor-version":[{"id":278796,"href":"https:\/\/www.tomroc.com\/blog\/wp-json\/wp\/v2\/posts\/25255\/revisions\/278796"}],"wp:featuredmedia":[{"embeddable":true,"href":"https:\/\/www.tomroc.com\/blog\/wp-json\/wp\/v2\/media\/25227"}],"wp:attachment":[{"href":"https:\/\/www.tomroc.com\/blog\/wp-json\/wp\/v2\/media?parent=25255"}],"wp:term":[{"taxonomy":"category","embeddable":true,"href":"https:\/\/www.tomroc.com\/blog\/wp-json\/wp\/v2\/categories?post=25255"},{"taxonomy":"post_tag","embeddable":true,"href":"https:\/\/www.tomroc.com\/blog\/wp-json\/wp\/v2\/tags?post=25255"}],"curies":[{"name":"wp","href":"https:\/\/api.w.org\/{rel}","templated":true}]}}