{"id":274513,"date":"2020-06-19T12:01:00","date_gmt":"2020-06-19T11:01:00","guid":{"rendered":"https:\/\/www.tomroc.com\/blog\/?p=274513"},"modified":"2024-09-04T08:09:03","modified_gmt":"2024-09-04T07:09:03","slug":"grande-casse-3855m-par-le-couloir-messimy-a-la-pointe-mathews","status":"publish","type":"post","link":"https:\/\/www.tomroc.com\/blog\/2020\/06\/grande-casse-3855m-par-le-couloir-messimy-a-la-pointe-mathews\/","title":{"rendered":"Grande Casse (3855m) par le couloir Messimy \u00e0 la Pointe Mathews"},"content":{"rendered":"\n<p>L&#8217;ami Florian a toujours une foi in\u00e9branlable dans ma capacit\u00e9 \u00e0 le suivre. Et pourtant, \u00e0 part du ski de randonn\u00e9e en f\u00e9vrier et quelques footings depuis, c&#8217;est le grand d\u00e9sert. J&#8217;accepte n\u00e9anmoins de m&#8217;embarquer dans son projet de <a href=\"https:\/\/www.camptocamp.org\/routes\/53806\/fr\/aiguille-du-chardonnet-arete-forbes\">travers\u00e9e de l&#8217;ar\u00eate Forbes au Chardonnet<\/a>. Mais, probablement heureusement pour moi, il a neig\u00e9 60cm sur Chamonix et personne n&#8217;a encore fait la trace. &#8220;N&#8217;y allez pas&#8221; nous recommande notre ami Yohann. Alors changement de plan, et direction la grande Casse dans la Vanoise.<\/p>\n\n\n\n<p>Je prends le train jeudi soir, t\u00e9l\u00e9travaille sur Lyon vendredi et prenons la route vendredi soir.<\/p>\n\n\n\n<h2 class=\"wp-block-heading\">Arriv\u00e9e sur site<\/h2>\n\n\n\n<p>Tandis que nous arrivons sur Pralognan-la-Vanoise, nous assistons au spectacle assez sid\u00e9rant d&#8217;un coucher de soleil qui semble dessiner une train\u00e9e de lave venant barrer horizontalement le sommet face \u00e0 nous !<\/p>\n\n\n\n<figure class=\"wp-block-image size-large\"><a  href=\"https:\/\/www.tomroc.com\/blog\/wp-content\/uploads\/20200619-2016-7-panorama.jpg\" data-rel=\"lightbox-gallery-0\" data-rl_title=\"Authentique coucher de soleil sur les sommets\" data-rl_caption=\"Vanoise,  France\" title=\"Authentique coucher de soleil sur les sommets\"><img loading=\"lazy\" decoding=\"async\" width=\"960\" height=\"462\" src=\"https:\/\/www.tomroc.com\/blog\/wp-content\/uploads\/20200619-2016-7-panorama-960x462.jpg\" alt=\"\" class=\"wp-image-274514\"\/><\/a><\/figure>\n\n\n\n<p>Nous trouvons un emplacement pour le van et ne mettons pas de r\u00e9veil pour le lendemain, objectif grasse matin\u00e9e.<\/p>\n\n\n\n<h2 class=\"wp-block-heading\">La mont\u00e9e au bivouac<\/h2>\n\n\n\n<p>Apr\u00e8s un petit d\u00e9jeuner royal en pleine nature, nous pr\u00e9parons nos sacs avec toutes les affaires de bivouac ; nous pr\u00e9voyons d&#8217;\u00eatre en totale autonomie. Le prix \u00e0 payer: des sacs vraiment lourds pour une reprise !<\/p>\n\n\n\n<p>Nous prenons le d\u00e9part, tranquillement, vers 11h10 et faisons un passage par un belv\u00e9d\u00e8re qui offre une belle vue sur les montagnes environnantes.<\/p>\n\n\n\n<figure class=\"wp-block-image size-large\"><a  href=\"https:\/\/www.tomroc.com\/blog\/wp-content\/uploads\/20200620-1030-22-panorama.jpg\" data-rel=\"lightbox-gallery-0\" data-rl_title=\"20200620-1030-22-Panorama.jpg\" data-rl_caption=\"\" title=\"20200620-1030-22-Panorama.jpg\"><img loading=\"lazy\" decoding=\"async\" width=\"960\" height=\"260\" src=\"https:\/\/www.tomroc.com\/blog\/wp-content\/uploads\/20200620-1030-22-panorama-960x260.jpg\" alt=\"\" class=\"wp-image-274515\"\/><\/a><\/figure>\n\n\n\n<p>Je propose \u00e0 Florian de passer par le nord, afin de d\u00e9couvrir le lac des vaches \u00e0 la mont\u00e9e.<\/p>\n\n\n\n<p>Les ar\u00eates de l&#8217;Aiguille de la Vanoise se dessine maintenant \u00e0 l&#8217;horizon. J&#8217;avais eu l&#8217;occasion de les <a href=\"https:\/\/www.tomroc.com\/blog\/2012\/09\/alpinisme-a-laiguille-de-la-vanoise\/\">parcourir avec Sandrine en 2012, j&#8217;en garde un beau souvenir<\/a>.<\/p>\n\n\n\n<figure class=\"wp-block-image size-large\"><a  href=\"https:\/\/www.tomroc.com\/blog\/wp-content\/uploads\/20200620-1112-45.jpg\" data-rel=\"lightbox-gallery-0\" data-rl_title=\"20200620-1112-45.jpg\" data-rl_caption=\"\" title=\"20200620-1112-45.jpg\"><img loading=\"lazy\" decoding=\"async\" width=\"960\" height=\"720\" src=\"https:\/\/www.tomroc.com\/blog\/wp-content\/uploads\/20200620-1112-45-960x720.jpg\" alt=\"\" class=\"wp-image-274516\"\/><\/a><\/figure>\n\n\n\n<p>Le lac des vaches est encore \u00e0 moiti\u00e9 enneig\u00e9.<\/p>\n\n\n\n<figure class=\"wp-block-image size-large\"><a  href=\"https:\/\/www.tomroc.com\/blog\/wp-content\/uploads\/20200620-1211-56-panorama.jpg\" data-rel=\"lightbox-gallery-0\" data-rl_title=\"20200620-1211-56-Panorama.jpg\" data-rl_caption=\"\" title=\"20200620-1211-56-Panorama.jpg\"><img loading=\"lazy\" decoding=\"async\" width=\"960\" height=\"452\" src=\"https:\/\/www.tomroc.com\/blog\/wp-content\/uploads\/20200620-1211-56-panorama-960x452.jpg\" alt=\"\" class=\"wp-image-274517\"\/><\/a><\/figure>\n\n\n\n<p>Le confinement est fini et cela se voit, nous croiserons de tr\u00e8s nombreuses personnes, alpinistes ou simples promeneurs.<\/p>\n\n\n\n<figure class=\"wp-block-image size-large\"><a  href=\"https:\/\/www.tomroc.com\/blog\/wp-content\/uploads\/20200620-1245-68.jpg\" data-rel=\"lightbox-gallery-0\" data-rl_title=\"20200620-1245-68.jpg\" data-rl_caption=\"\" title=\"20200620-1245-68.jpg\"><img loading=\"lazy\" decoding=\"async\" width=\"960\" height=\"720\" src=\"https:\/\/www.tomroc.com\/blog\/wp-content\/uploads\/20200620-1245-68-960x720.jpg\" alt=\"\" class=\"wp-image-274518\"\/><\/a><\/figure>\n\n\n\n<p>Nous atteignons le col de la Vanoise, et l\u2019objectif se devine plus qu&#8217;il ne se d\u00e9voile. De nombreux nuages sont accroch\u00e9s sur nos objectifs du lendemain: le sommet de la Grande Casse et la Pointe Mathews \u00e0 sa droite.<\/p>\n\n\n\n<p>Nous arrivons au refuge vers 14h35, et y faisons halte. Nous rep\u00e9rons notre emplacement de bivouac, nous devions possible d&#8217;aller nous poser sur un replat avant le glacier.<\/p>\n\n\n\n<figure class=\"wp-block-image size-large\"><a  href=\"https:\/\/www.tomroc.com\/blog\/wp-content\/uploads\/20200620-1319-74.jpg\" data-rel=\"lightbox-gallery-0\" data-rl_title=\"20200620-1319-74.jpg\" data-rl_caption=\"\" title=\"20200620-1319-74.jpg\"><img loading=\"lazy\" decoding=\"async\" width=\"960\" height=\"720\" src=\"https:\/\/www.tomroc.com\/blog\/wp-content\/uploads\/20200620-1319-74-960x720.jpg\" alt=\"\" class=\"wp-image-274519\"\/><\/a><\/figure>\n\n\n\n<p>Nous trouvons un bon emplacement de bivouac vers 16h. Quand nous entamons le repas du soir, Florian se rend compte qu&#8217;il a oubli\u00e9 les cubes de bouillon, alors ce soir ce sera p\u00e2tes et riz &#8230; sans rien. Avec n\u00e9anmoins un peu de chocolat pour dessert. Florian et moi n&#8217;avons manifestement pas les m\u00eame pr\u00e9f\u00e9rences culinaires, il a sinc\u00e8rement l&#8217;air d&#8217;appr\u00e9cier ce repas frugal, qui permet de red\u00e9couvrir le vrai go\u00fbt des choses.<\/p>\n\n\n\n<p>Nos sacs sont \u00e0 peu pr\u00e8s \u00e0 l&#8217;horizontale, il sont gros et chauds, il ne devrait pas pleuvoir, alors tout s&#8217;annonce parfait. Nous calons le r\u00e9veil \u00e0 3h30.<\/p>\n\n\n\n<figure class=\"wp-block-image size-large\"><a  href=\"https:\/\/www.tomroc.com\/blog\/wp-content\/uploads\/20200620-1553-101.jpg\" data-rel=\"lightbox-gallery-0\" data-rl_title=\"20200620-1553-101.jpg\" data-rl_caption=\"\" title=\"20200620-1553-101.jpg\"><img loading=\"lazy\" decoding=\"async\" width=\"960\" height=\"720\" src=\"https:\/\/www.tomroc.com\/blog\/wp-content\/uploads\/20200620-1553-101-960x720.jpg\" alt=\"\" class=\"wp-image-274520\"\/><\/a><\/figure>\n\n\n\n<h3 class=\"wp-block-heading\">Notre parcours<\/h3>\n\n\n\n\t\t<div id=\"maps-marker-pro-bda7ce73\" class=\"maps-marker-pro\" style=\"width: 100%;\">\n\t\t\t<div id=\"mmp-map-wrap-bda7ce73\" class=\"mmp-map-wrap\">\n\t\t\t\t\t\t\t\t<div id=\"mmp-map-bda7ce73\" class=\"mmp-map\" style=\"height: 600px;\"><\/div>\n\t\t\t\t\t\t\t\t\t<div id=\"mmp-chart-wrap-bda7ce73\" class=\"mmp-gpx-chart-wrap\" style=\"height: 200px;\"><\/div>\n\t\t\t\t\t\t\t<\/div>\n\t\t\t\t\t<\/div>\n\t\t\n\n\n\n<ul class=\"wp-block-list\"><li>Distance (km) : 8,5<\/li><li>D\u00e9nivel\u00e9 (m) : +1000 -50<\/li><li>Altitudes (m) : mini 1540, maxi 2487<\/li><li>Horaires : d\u00e9part 11h10, refuge 14h35, d\u00e9part refuge 15h35, arriv\u00e9e bivouac 16h10<\/li><\/ul>\n\n\n\n<h2 class=\"wp-block-heading\">L&#8217;ascension<\/h2>\n\n\n\n<p>L&#8217;objectif du jour, ce sera donc un encha\u00eenement de toute beaut\u00e9 :<\/p>\n\n\n\n<ul class=\"wp-block-list\"><li><a href=\"https:\/\/www.camptocamp.org\/routes\/53924\/fr\/pointe-mathews-couloir-messimy\">Pointe Mathews : Couloir Messimy (AD II)<\/a><\/li><li><a href=\"https:\/\/www.camptocamp.org\/routes\/45278\/fr\/grande-casse-par-les-grands-couloirs-voie-normale-\">Grande Casse : Par les Grands Couloirs (voie normale) (PD+ II)<\/a><\/li><\/ul>\n\n\n\n<figure class=\"wp-block-image size-large\"><img decoding=\"async\" src=\"https:\/\/media.camptocamp.org\/c2corg-active\/1338753634_2100030370BI.jpg\" alt=\"\"\/><figcaption>(CC by-sa) camptocamp.org<\/figcaption><\/figure>\n\n\n\n<p>Au r\u00e9veil, \u00e0 3h30 donc, j&#8217;ai l&#8217;impression d&#8217;avoir dormi moins d&#8217;une heure uniquement. Nous constatons que nous sommes en plein brouillard, comme face \u00e0 un mur blanc et n&#8217;y voyons pas \u00e0 20m. D&#8217;un commun accord, assez simple \u00e0 trouver, nous d\u00e9calons le r\u00e9veil.<\/p>\n\n\n\n<p>C&#8217;est finalement \u00e0 5h que nous prenons le d\u00e9part, apr\u00e8s avoir fait un rapide rangement partiel de notre bivouac. Nous atteignons le bas des barres rocheuses tandis que le jour commence \u00e0 se lever.<\/p>\n\n\n\n<figure class=\"wp-block-image size-large\"><a  href=\"https:\/\/www.tomroc.com\/blog\/wp-content\/uploads\/20200621-0423-130.jpg\" data-rel=\"lightbox-gallery-0\" data-rl_title=\"20200621-0423-130.jpg\" data-rl_caption=\"\" title=\"20200621-0423-130.jpg\"><img loading=\"lazy\" decoding=\"async\" width=\"960\" height=\"720\" src=\"https:\/\/www.tomroc.com\/blog\/wp-content\/uploads\/20200621-0423-130-960x720.jpg\" alt=\"\" class=\"wp-image-274521\"\/><\/a><\/figure>\n\n\n\n<p>De nombreuses autres cord\u00e9es chanceuses qui ont dormi en refuge sont \u00e0 notre poursuite. De taches de lumi\u00e8res elles sont maintenant visibles dans de rares trou\u00e9es dans les nappes de brouillard. Nos chemins se s\u00e9parent, nous prenons la tangeante pour nous engager dans le couloir Messimy.<\/p>\n\n\n\n<figure class=\"wp-block-image size-large\"><a  href=\"https:\/\/www.tomroc.com\/blog\/wp-content\/uploads\/20200621-0539-139.jpg\" data-rel=\"lightbox-gallery-0\" data-rl_title=\"20200621-0539-139.jpg\" data-rl_caption=\"\" title=\"20200621-0539-139.jpg\"><img loading=\"lazy\" decoding=\"async\" width=\"960\" height=\"720\" src=\"https:\/\/www.tomroc.com\/blog\/wp-content\/uploads\/20200621-0539-139-960x720.jpg\" alt=\"\" class=\"wp-image-274522\"\/><\/a><\/figure>\n\n\n\n<p>Nous sortons du couloir sans m\u00eame nous rendre compte que nous y \u00e9tions. Nous sommes manifestement plus affut\u00e9s qu&#8217;escompt\u00e9, l&#8217;AD nous a sembl\u00e9 n&#8217;\u00eatre que du PD. Bon blague \u00e0 part, le couloir, en cette saison et configuration ne pr\u00e9sente que peu d&#8217;int\u00e9r\u00eat, il se r\u00e9sume \u00e0 une plus forte pente compar\u00e9 \u00e0 la voie normale.<\/p>\n\n\n\n<p>Nous rejoignons le sommet de la pointe Mathews, o\u00f9 nous avons la chance d&#8217;avoir quelques lueurs de soleil et presque voir le sommet de la Grande Casse de l&#8217;autre c\u00f4t\u00e9, l\u00e0-bas au nord est.<\/p>\n\n\n\n<figure class=\"wp-block-image size-large\"><a  href=\"https:\/\/www.tomroc.com\/blog\/wp-content\/uploads\/20200621-0724-157.jpg\" data-rel=\"lightbox-gallery-0\" data-rl_title=\"20200621-0724-157.jpg\" data-rl_caption=\"\" title=\"20200621-0724-157.jpg\"><img loading=\"lazy\" decoding=\"async\" width=\"960\" height=\"720\" src=\"https:\/\/www.tomroc.com\/blog\/wp-content\/uploads\/20200621-0724-157-960x720.jpg\" alt=\"\" class=\"wp-image-274523\"\/><\/a><\/figure>\n\n\n\n<p>La m\u00e9t\u00e9o ne s&#8217;est pas tromp\u00e9, le vent souffle (60 km\/h ?) et nous avons d\u00fb enfiler gore-tex et mettre les gros gants ou moufles.<\/p>\n\n\n\n<figure class=\"wp-block-image size-large\"><a  href=\"https:\/\/www.tomroc.com\/blog\/wp-content\/uploads\/20200621-0726-164.jpg\" data-rel=\"lightbox-gallery-0\" data-rl_title=\"20200621-0726-164.jpg\" data-rl_caption=\"\" title=\"20200621-0726-164.jpg\"><img loading=\"lazy\" decoding=\"async\" width=\"960\" height=\"720\" src=\"https:\/\/www.tomroc.com\/blog\/wp-content\/uploads\/20200621-0726-164-960x720.jpg\" alt=\"\" class=\"wp-image-274524\"\/><\/a><\/figure>\n\n\n\n<p>Nous descendons au col des Grands couloirs, et repartons \u00e0 l&#8217;assaut de la derni\u00e8re pente menant au sommet. Nous restons \u00e0 l&#8217;\u00e9cart des ar\u00eates, tr\u00e8s cornich\u00e9es par endroits.<\/p>\n\n\n\n<figure class=\"wp-block-image size-large\"><a  href=\"https:\/\/www.tomroc.com\/blog\/wp-content\/uploads\/20200621-0817-184.jpg\" data-rel=\"lightbox-gallery-0\" data-rl_title=\"20200621-0817-184.jpg\" data-rl_caption=\"\" title=\"20200621-0817-184.jpg\"><img loading=\"lazy\" decoding=\"async\" width=\"960\" height=\"720\" src=\"https:\/\/www.tomroc.com\/blog\/wp-content\/uploads\/20200621-0817-184-960x720.jpg\" alt=\"\" class=\"wp-image-274525\"\/><\/a><\/figure>\n\n\n\n<p>Nous avons la chance de trouver une vue d\u00e9gag\u00e9e c\u00f4t\u00e9 nord. Nous attendrons un bon moment au sommet en esp\u00e9rant que la vue se d\u00e9gage de l&#8217;autre c\u00f4t\u00e9, sans r\u00e9ussite. Les nuages sont bien accroch\u00e9s sans l&#8217;intention de partir. Alors nous c\u00e9dons et engageons la longue ( -2300m !) descente.<\/p>\n\n\n\n<figure class=\"wp-block-image size-large\"><a  href=\"https:\/\/www.tomroc.com\/blog\/wp-content\/uploads\/20200621-0819-186-panorama.jpg\" data-rel=\"lightbox-gallery-0\" data-rl_title=\"20200621-0819-186-Panorama.jpg\" data-rl_caption=\"\" title=\"20200621-0819-186-Panorama.jpg\"><img loading=\"lazy\" decoding=\"async\" width=\"960\" height=\"349\" src=\"https:\/\/www.tomroc.com\/blog\/wp-content\/uploads\/20200621-0819-186-panorama-960x349.jpg\" alt=\"\" class=\"wp-image-274526\"\/><\/a><\/figure>\n\n\n\n<p>De passage au bivouac nous refaisons les sacs, puis apr\u00e8s une halte par le refuge nous engageons le retour en faisant une boucle par le sud de l&#8217;Aiguille de la Vanoise.<\/p>\n\n\n\n<h2 class=\"wp-block-heading\">Retour<\/h2>\n\n\n\n<p>Les marmottes ne sont pas farouches dans le secteur, les bouquetins non plus !<\/p>\n\n\n\n<figure class=\"wp-block-image size-large\"><a  href=\"https:\/\/www.tomroc.com\/blog\/wp-content\/uploads\/20200621-1209-264.jpg\" data-rel=\"lightbox-gallery-0\" data-rl_title=\"20200621-1209-264.jpg\" data-rl_caption=\"\" title=\"20200621-1209-264.jpg\"><img loading=\"lazy\" decoding=\"async\" width=\"960\" height=\"720\" src=\"https:\/\/www.tomroc.com\/blog\/wp-content\/uploads\/20200621-1209-264-960x720.jpg\" alt=\"\" class=\"wp-image-274527\"\/><\/a><\/figure>\n\n\n\n<p>Tous les autres ont manifestement pris l&#8217;itin\u00e9raire par le nord ? En tout cas nous ne croiserons presque personne sur le chemin du retour. Il est certes moins &#8216;roulant&#8217;, mais \u00e0 mes yeux il vaut la peine de passer par l\u00e0, je le trouve magnifique.<\/p>\n\n\n\n<figure class=\"wp-block-image size-large\"><a  href=\"https:\/\/www.tomroc.com\/blog\/wp-content\/uploads\/20200621-1210-267.jpg\" data-rel=\"lightbox-gallery-0\" data-rl_title=\"20200621-1210-267.jpg\" data-rl_caption=\"\" title=\"20200621-1210-267.jpg\"><img loading=\"lazy\" decoding=\"async\" width=\"960\" height=\"720\" src=\"https:\/\/www.tomroc.com\/blog\/wp-content\/uploads\/20200621-1210-267-960x720.jpg\" alt=\"\" class=\"wp-image-274528\"\/><\/a><\/figure>\n\n\n\n<figure class=\"wp-block-image size-large\"><a  href=\"https:\/\/www.tomroc.com\/blog\/wp-content\/uploads\/20200621-1241-278.jpg\" data-rel=\"lightbox-gallery-0\" data-rl_title=\"20200621-1241-278.jpg\" data-rl_caption=\"\" title=\"20200621-1241-278.jpg\"><img loading=\"lazy\" decoding=\"async\" width=\"960\" height=\"720\" src=\"https:\/\/www.tomroc.com\/blog\/wp-content\/uploads\/20200621-1241-278-960x720.jpg\" alt=\"\" class=\"wp-image-274529\"\/><\/a><\/figure>\n\n\n\n<p>Nous arrivons au van, assez soulag\u00e9s de d\u00e9poser nos \u00e9normes sacs et soulager nos \u00e9paules endolories !<\/p>\n\n\n\n<h3 class=\"wp-block-heading\">Notre parcours<\/h3>\n\n\n\n\t\t<div id=\"maps-marker-pro-a1e9f4f8\" class=\"maps-marker-pro\" style=\"width: 100%;\">\n\t\t\t<div id=\"mmp-map-wrap-a1e9f4f8\" class=\"mmp-map-wrap\">\n\t\t\t\t\t\t\t\t<div id=\"mmp-map-a1e9f4f8\" class=\"mmp-map\" style=\"height: 600px;\"><\/div>\n\t\t\t\t\t\t\t\t\t<div id=\"mmp-chart-wrap-a1e9f4f8\" class=\"mmp-gpx-chart-wrap\" style=\"height: 200px;\"><\/div>\n\t\t\t\t\t\t\t<\/div>\n\t\t\t\t\t<\/div>\n\t\t\n\n\n\n<ul class=\"wp-block-list\"><li>Distance (km) : 13,6<\/li><li>D\u00e9nivel\u00e9 (m) : +1360 -2330<\/li><li>Altitudes (m) : mini 1530 maxi 3855<\/li><li>Horaires : d\u00e9part bivouac 5h05, pointe Matthew 8h17, Grande casse 9h17, retour bivouac 11h09, refuge 12h, retour 14h28<\/li><\/ul>\n\n\n\n<p>Merci Florian pour cette tr\u00e8s sympathique sortie, pour avoir toujours eu foi en moi, et la d\u00e9couverte du vrai go\u00fbt des aliments, natures. Promis, la prochaine fois je g\u00e8re la nourriture ;)<\/p>\n\n\n\n<p>Bon et il para\u00eet que l&#8217;on va retenter Charmoz Grepon cet \u00e9t\u00e9 ? Peut-\u00eatre en ayant tent\u00e9 l&#8217;ar\u00eate Forbes avant ? Mais est-ce bien raisonnable tout cela sans aucun entrainement, notamment d&#8217;escalade ? Bon, ok, je te suis quand m\u00eame !<\/p>\n","protected":false},"excerpt":{"rendered":"<p>Un week-end de reprise d&#8217;alpinisme avec l&#8217;ami Florian dans la Vanoise : . Pointe Mathews : Couloir Messimy (AD II)<br \/>\n. Grande Casse : Par les Grands Couloirs (voie normale) (PD+ II)<\/p>\n","protected":false},"author":1,"featured_media":274520,"comment_status":"open","ping_status":"open","sticky":false,"template":"","format":"standard","meta":{"_et_pb_use_builder":"","_et_pb_old_content":"","_et_gb_content_width":"","footnotes":""},"categories":[38],"tags":[1256,3,57,2858,837,2870,1251],"class_list":["post-274513","post","type-post","status-publish","format-standard","has-post-thumbnail","hentry","category-alpinisme","tag-2-jours","tag-alpinisme","tag-bivouac","tag-cotation-ad","tag-florian-s","tag-massif-de-la-vanoise","tag-neige"],"_links":{"self":[{"href":"https:\/\/www.tomroc.com\/blog\/wp-json\/wp\/v2\/posts\/274513","targetHints":{"allow":["GET"]}}],"collection":[{"href":"https:\/\/www.tomroc.com\/blog\/wp-json\/wp\/v2\/posts"}],"about":[{"href":"https:\/\/www.tomroc.com\/blog\/wp-json\/wp\/v2\/types\/post"}],"author":[{"embeddable":true,"href":"https:\/\/www.tomroc.com\/blog\/wp-json\/wp\/v2\/users\/1"}],"replies":[{"embeddable":true,"href":"https:\/\/www.tomroc.com\/blog\/wp-json\/wp\/v2\/comments?post=274513"}],"version-history":[{"count":16,"href":"https:\/\/www.tomroc.com\/blog\/wp-json\/wp\/v2\/posts\/274513\/revisions"}],"predecessor-version":[{"id":274609,"href":"https:\/\/www.tomroc.com\/blog\/wp-json\/wp\/v2\/posts\/274513\/revisions\/274609"}],"wp:featuredmedia":[{"embeddable":true,"href":"https:\/\/www.tomroc.com\/blog\/wp-json\/wp\/v2\/media\/274520"}],"wp:attachment":[{"href":"https:\/\/www.tomroc.com\/blog\/wp-json\/wp\/v2\/media?parent=274513"}],"wp:term":[{"taxonomy":"category","embeddable":true,"href":"https:\/\/www.tomroc.com\/blog\/wp-json\/wp\/v2\/categories?post=274513"},{"taxonomy":"post_tag","embeddable":true,"href":"https:\/\/www.tomroc.com\/blog\/wp-json\/wp\/v2\/tags?post=274513"}],"curies":[{"name":"wp","href":"https:\/\/api.w.org\/{rel}","templated":true}]}}