{"id":274892,"date":"2021-07-03T18:58:00","date_gmt":"2021-07-03T17:58:00","guid":{"rendered":"https:\/\/www.tomroc.com\/blog\/?p=274892"},"modified":"2024-09-04T08:06:39","modified_gmt":"2024-09-04T07:06:39","slug":"perrons-de-vallorcine-et-index-de-la-gliere-durant-un-week-end-pluvieux-a-chamonix","status":"publish","type":"post","link":"https:\/\/www.tomroc.com\/blog\/2021\/07\/perrons-de-vallorcine-et-index-de-la-gliere-durant-un-week-end-pluvieux-a-chamonix\/","title":{"rendered":"Perrons de Vallorcine et Index de la Gli\u00e8re durant un week-end pluvieux \u00e0 Chamonix"},"content":{"rendered":"[et_pb_section admin_label=&#8221;section&#8221;]\n\t\t\t[et_pb_row admin_label=&#8221;row&#8221;]\n\t\t\t\t[et_pb_column type=&#8221;4_4&#8243;][et_pb_text admin_label=&#8221;Text&#8221;]\n<p>Je rejoins l&#8217;ami Florian sur Lyon et nous filons pour Chamonix d\u00e8s le vendredi soir. La m\u00e9t\u00e9o \u00e9tant mauvaise, l&#8217;enjeu du week-end sera de trouver des courses d&#8217;alpinisme \u00e0 faire sans prendre l&#8217;orage. Nous, les \u00e9clairs on n&#8217;aime pas.<\/p>\n\n\n\n<h2 class=\"wp-block-heading\">Perrons de Vallorcine<\/h2>\n\n\n\n<p>Nous trouvons la solution en Suisse. L\u00e0-bas, il fait meilleur, et Florian avait rep\u00e9r\u00e9 une course qu&#8217;il souhaitait faire un jour :<\/p>\n\n\n\n<ul class=\"wp-block-list\"><li><a href=\"https:\/\/www.camptocamp.org\/routes\/54625\/fr\/perrons-de-vallorcine-traversee-e-w\">Perrons de Vallorcine : Travers\u00e9e E \u2192 W (AD 4a)<\/a><\/li><\/ul>\n\n\n\n<p>Il s&#8217;agit d&#8217;une course facile qui devrait se faire relativement rapidement et donc peut-\u00eatre au sec. Les ar\u00eates sont visibles d\u00e8s le d\u00e9part du parking, sur cette photo dans l&#8217;alignement du barrage du lac d&#8217;Emosson.<\/p>\n\n\n\n<figure class=\"wp-block-image size-large\"><a  href=\"https:\/\/www.tomroc.com\/blog\/wp-content\/uploads\/20210703-0744-7_dxo.jpg\" data-rel=\"lightbox-gallery-0\" data-rl_title=\"20210703-0744-34.jpg\" data-rl_caption=\"\" title=\"20210703-0744-34.jpg\"><img loading=\"lazy\" decoding=\"async\" width=\"960\" height=\"720\" src=\"https:\/\/www.tomroc.com\/blog\/wp-content\/uploads\/20210703-0744-7_dxo-960x720.jpg\" alt=\"\" class=\"wp-image-274938\"\/><\/a><\/figure>\n\n\n\n<figure class=\"wp-block-image size-large\"><a  href=\"https:\/\/www.tomroc.com\/blog\/wp-content\/uploads\/20210703-0912-31_dxo.jpg\" data-rel=\"lightbox-gallery-0\" data-rl_title=\"20210703-0912-40.jpg\" data-rl_caption=\"\" title=\"20210703-0912-40.jpg\"><img loading=\"lazy\" decoding=\"async\" width=\"960\" height=\"720\" src=\"https:\/\/www.tomroc.com\/blog\/wp-content\/uploads\/20210703-0912-31_dxo-960x720.jpg\" alt=\"\" class=\"wp-image-274939\"\/><\/a><\/figure>\n\n\n\n<p>Nous suivons attentivement le topo mais apparemment pas suffisamment car nous ne nous engageons pas dans le bon vallon. Une fois que l&#8217;erreur est confirm\u00e9e, on se dit que \u00e7a doit n\u00e9anmoins passer et qu&#8217;on doit pouvoir r\u00e9ussir \u00e0 rejoindre l&#8217;ar\u00eate d&#8217;o\u00f9 nous sommes. Alors nous tentons.<\/p>\n\n\n\n<p>Un long couloir raide plus tard, notre pari s&#8217;av\u00e8re judicieux. Nous pouvons objectivement dire alors que nous avons ouvert une nouvelle voie d'&#8221;approche, appel\u00e9e &#8216;Moreau Simon&#8217; par mon cher acolyte.<\/p>\n\n\n\n<figure class=\"wp-block-image size-large\"><a  href=\"https:\/\/www.tomroc.com\/blog\/wp-content\/uploads\/20210703-1009-34_dxo.jpg\" data-rel=\"lightbox-gallery-0\" data-rl_title=\"20210703-1009-16.jpg\" data-rl_caption=\"\" title=\"20210703-1009-16.jpg\"><img loading=\"lazy\" decoding=\"async\" width=\"960\" height=\"720\" src=\"https:\/\/www.tomroc.com\/blog\/wp-content\/uploads\/20210703-1009-34_dxo-960x720.jpg\" alt=\"\" class=\"wp-image-274940\"\/><\/a><\/figure>\n\n\n\n<p>Nous voil\u00e0 maintenant sur l&#8217;ar\u00eate, et on avance assez vite, il faut dire que c&#8217;est assez simple. M\u00eame surprenamment simple pour une cotation AD. Ou alors on est devenu bons sans s&#8217;en rendre compte ? :)<\/p>\n\n\n\n<figure class=\"wp-block-image size-large\"><a  href=\"https:\/\/www.tomroc.com\/blog\/wp-content\/uploads\/20210703-1029-41_dxo.jpg\" data-rel=\"lightbox-gallery-0\" data-rl_title=\"20210703-1029-29.jpg\" data-rl_caption=\"\" title=\"20210703-1029-29.jpg\"><img loading=\"lazy\" decoding=\"async\" width=\"960\" height=\"720\" src=\"https:\/\/www.tomroc.com\/blog\/wp-content\/uploads\/20210703-1029-41_dxo-960x720.jpg\" alt=\"\" class=\"wp-image-274941\"\/><\/a><\/figure>\n\n\n\n<p>Nous arrivons en vue d&#8217;une cord\u00e9e qui \u00e9tait pourtant derri\u00e8re nous \u00e0 l&#8217;approche. Si si regardez bien, le point rouge en bas \u00e0 milieu gauche. Bon, il faut croire que la voie &#8216;Moreau Simon&#8217; n&#8217;\u00e9tait pas l&#8217;approche la plus rapide<\/p>\n\n\n\n<figure class=\"wp-block-image size-large\"><a  href=\"https:\/\/www.tomroc.com\/blog\/wp-content\/uploads\/20210703-1107-48_dxo.jpg\" data-rel=\"lightbox-gallery-0\" data-rl_title=\"20210703-1107-17.jpg\" data-rl_caption=\"\" title=\"20210703-1107-17.jpg\"><img loading=\"lazy\" decoding=\"async\" width=\"960\" height=\"720\" src=\"https:\/\/www.tomroc.com\/blog\/wp-content\/uploads\/20210703-1107-48_dxo-960x720.jpg\" alt=\"\" class=\"wp-image-274942\"\/><\/a><\/figure>\n\n\n\n<p>Derri\u00e8re nous, la vue est de toute beaut\u00e9, les premiers sommets de l&#8217;ar\u00eate \u00e9tant dans l&#8217;axe du lac d&#8217;Emesson. De nombreuses cord\u00e9es &#8211; nous en d\u00e9nombrerons trois ou quatre &#8211; sont derri\u00e8re nous.<\/p>\n\n\n\n<figure class=\"wp-block-image size-large\"><a  href=\"https:\/\/www.tomroc.com\/blog\/wp-content\/uploads\/20210703-1201-57_dxo.jpg\" data-rel=\"lightbox-gallery-0\" data-rl_title=\"20210703-1201-33.jpg\" data-rl_caption=\"\" title=\"20210703-1201-33.jpg\"><img loading=\"lazy\" decoding=\"async\" width=\"960\" height=\"720\" src=\"https:\/\/www.tomroc.com\/blog\/wp-content\/uploads\/20210703-1201-57_dxo-960x720.jpg\" alt=\"\" class=\"wp-image-274943\"\/><\/a><\/figure>\n\n\n\n<p>Le fil se poursuit, jamais difficile, mais bien sympa.<\/p>\n\n\n\n<div class=\"wp-block-image\"><figure class=\"aligncenter size-large\"><a  href=\"https:\/\/www.tomroc.com\/blog\/wp-content\/uploads\/20210703-1209-62_dxo.jpg\" data-rel=\"lightbox-gallery-0\" data-rl_title=\"20210703-1209-52.jpg\" data-rl_caption=\"\" title=\"20210703-1209-52.jpg\"><img loading=\"lazy\" decoding=\"async\" width=\"540\" height=\"720\" src=\"https:\/\/www.tomroc.com\/blog\/wp-content\/uploads\/20210703-1209-62_dxo-540x720.jpg\" alt=\"\" class=\"wp-image-274944\"\/><\/a><\/figure><\/div>\n\n\n\n<figure class=\"wp-block-image size-large\"><a  href=\"https:\/\/www.tomroc.com\/blog\/wp-content\/uploads\/20210703-1214-67_dxo.jpg\" data-rel=\"lightbox-gallery-0\" data-rl_title=\"20210703-1214-16.jpg\" data-rl_caption=\"\" title=\"20210703-1214-16.jpg\"><img loading=\"lazy\" decoding=\"async\" width=\"960\" height=\"720\" src=\"https:\/\/www.tomroc.com\/blog\/wp-content\/uploads\/20210703-1214-67_dxo-960x720.jpg\" alt=\"\" class=\"wp-image-274945\"\/><\/a><\/figure>\n\n\n\n<p>La premi\u00e8re partie a comme un air de <a href=\"https:\/\/www.tomroc.com\/blog\/2011\/07\/week-end-via-ferrata-dans-les-dolomites-italie\/\">&#8216;Tre Cime&#8217; dans les Dolomites<\/a>, non ?<\/p>\n\n\n\n<figure class=\"wp-block-image size-large\"><a  href=\"https:\/\/www.tomroc.com\/blog\/wp-content\/uploads\/20210703-1312-78_dxo.jpg\" data-rel=\"lightbox-gallery-0\" data-rl_title=\"20210703-1312-23.jpg\" data-rl_caption=\"Les Perrons de Vallorcine, ou comme un air de &#039;Tre Cime&#039;\" title=\"20210703-1312-23.jpg\"><img loading=\"lazy\" decoding=\"async\" width=\"960\" height=\"695\" src=\"https:\/\/www.tomroc.com\/blog\/wp-content\/uploads\/20210703-1312-78_dxo-960x695.jpg\" alt=\"\" class=\"wp-image-275059\"\/><\/a><\/figure>\n\n\n\n<p>L&#8217;ar\u00eate impose quelques rappels sympas.<\/p>\n\n\n\n<figure class=\"wp-block-image size-large\"><a  href=\"https:\/\/www.tomroc.com\/blog\/wp-content\/uploads\/20210703-1332-88_dxo.jpg\" data-rel=\"lightbox-gallery-0\" data-rl_title=\"20210703-1332-30.jpg\" data-rl_caption=\"\" title=\"20210703-1332-30.jpg\"><img loading=\"lazy\" decoding=\"async\" width=\"960\" height=\"720\" src=\"https:\/\/www.tomroc.com\/blog\/wp-content\/uploads\/20210703-1332-88_dxo-960x720.jpg\" alt=\"\" class=\"wp-image-274946\"\/><\/a><\/figure>\n\n\n\n<p>Nous arrivons au bout de l&#8217;ar\u00eate, et un chemin astucieux navigue dans ce terrain chahut\u00e9, et impose de remonter quelques pas pour contourner des zones infranchissables. Il pleut d\u00e9sormais mais nous avons \u00e9t\u00e9 chanceux, nous avons franchi toute l&#8217;ar\u00eate au sec.<\/p>\n\n\n\n<figure class=\"wp-block-image size-large\"><a  href=\"https:\/\/www.tomroc.com\/blog\/wp-content\/uploads\/20210703-1336-120_dxo.jpg\" data-rel=\"lightbox-gallery-0\" data-rl_title=\"20210703-1336-41.jpg\" data-rl_caption=\"\" title=\"20210703-1336-41.jpg\"><img loading=\"lazy\" decoding=\"async\" width=\"960\" height=\"720\" src=\"https:\/\/www.tomroc.com\/blog\/wp-content\/uploads\/20210703-1336-120_dxo-960x720.jpg\" alt=\"\" class=\"wp-image-274947\"\/><\/a><\/figure>\n\n\n\n<p> Une fois en bas, nous contournons tous les sommets par le nord pour finalement rejoindre le barrage du lac.<\/p>\n\n\n\n<figure class=\"wp-block-image size-large\"><a  href=\"https:\/\/www.tomroc.com\/blog\/wp-content\/uploads\/20210703-1424-124_dxo.jpg\" data-rel=\"lightbox-gallery-0\" data-rl_title=\"20210703-1424-22.jpg\" data-rl_caption=\"\" title=\"20210703-1424-22.jpg\"><img loading=\"lazy\" decoding=\"async\" width=\"960\" height=\"720\" src=\"https:\/\/www.tomroc.com\/blog\/wp-content\/uploads\/20210703-1424-124_dxo-960x720.jpg\" alt=\"\" class=\"wp-image-274948\"\/><\/a><\/figure>\n\n\n\n<p>Deux belles poutres formant une passerelle, bris\u00e9es en deux, probablement sous une coul\u00e9e.<\/p>\n\n\n\n<figure class=\"wp-block-image size-large\"><a  href=\"https:\/\/www.tomroc.com\/blog\/wp-content\/uploads\/20210703-1455-132_dxo.jpg\" data-rel=\"lightbox-gallery-0\" data-rl_title=\"20210703-1455-08.jpg\" data-rl_caption=\"\" title=\"20210703-1455-08.jpg\"><img loading=\"lazy\" decoding=\"async\" width=\"960\" height=\"720\" src=\"https:\/\/www.tomroc.com\/blog\/wp-content\/uploads\/20210703-1455-132_dxo-960x720.jpg\" alt=\"\" class=\"wp-image-274949\"\/><\/a><\/figure>\n\n\n\n<h3 class=\"wp-block-heading\">Notre parcours<\/h3>\n\n\n\t\t<div id=\"maps-marker-pro-93b0b761\" class=\"maps-marker-pro\" style=\"width: 100%;\">\n\t\t\t<div id=\"mmp-map-wrap-93b0b761\" class=\"mmp-map-wrap\">\n\t\t\t\t\t\t\t\t<div id=\"mmp-map-93b0b761\" class=\"mmp-map\" style=\"height: 600px;\"><\/div>\n\t\t\t\t\t\t\t\t\t<div id=\"mmp-chart-wrap-93b0b761\" class=\"mmp-gpx-chart-wrap\" style=\"height: 200px;\"><\/div>\n\t\t\t\t\t\t\t<\/div>\n\t\t\t\t\t<\/div>\n\t\t\n\n\n\n<h2 class=\"wp-block-heading\">Voie Brunat-Perroux<\/h2>\n\n\n\n<p>Nous voil\u00e0 de retour sur Chamonix. La m\u00e9t\u00e9o annonce des pr\u00e9cipitations g\u00e9n\u00e9ralis\u00e9es d\u00e8s midi. Alors il nous faut quelque chose de tr\u00e8s court. Nous jetons notre d\u00e9volu sur une voie qui est \u00e0 5 minutes d&#8217;approche du t\u00e9l\u00e9si\u00e8ge de l&#8217;index :<\/p>\n\n\n\n<p><a href=\"https:\/\/www.camptocamp.org\/routes\/54211\/en\/index-de-la-gliere-voie-brunat-perroux\">Index de la Gli\u00e8re : voie Brunat-Perroux (D+ 6a&gt;5c I)<\/a><\/p>\n\n\n\n<p>Nous sommes \u00e0 l&#8217;attaque d\u00e8s l&#8217;ouverture des remont\u00e9es \u00e0 8h30. La voie est visible d\u00e8s la descente du t\u00e9l\u00e9si\u00e8ge. Le mauvais temps \u00e9galement.<\/p>\n\n\n\n<p>Le d\u00e9marrage de notre voie a lieu dans la pente de neige en forme de moustache en bas de la photo. Une autre cord\u00e9e s&#8217;\u00e9lance, mais maligne elle monte directement \u00e0 l&#8217;\u00e9tage interm\u00e9diaire par le pierrier et pente de neige, et shunte la moiti\u00e9 de la face.<\/p>\n\n\n\n<figure class=\"wp-block-image size-large\"><a  href=\"https:\/\/www.tomroc.com\/blog\/wp-content\/uploads\/20210704-0853-138_dxo.jpg\" data-rel=\"lightbox-gallery-0\" data-rl_title=\"20210704-0853-03.jpg\" data-rl_caption=\"\" title=\"20210704-0853-03.jpg\"><img loading=\"lazy\" decoding=\"async\" width=\"960\" height=\"720\" src=\"https:\/\/www.tomroc.com\/blog\/wp-content\/uploads\/20210704-0853-138_dxo-960x720.jpg\" alt=\"\" class=\"wp-image-275054\"\/><\/a><\/figure>\n\n\n\n<p>Nous avan\u00e7ons \u00e0 un rythme correct, motiv\u00e9s par la chape de nuages qui annonce clairement la suite prochaine.<\/p>\n\n\n\n<figure class=\"wp-block-image size-large\"><a  href=\"https:\/\/www.tomroc.com\/blog\/wp-content\/uploads\/20210704-1003-147_dxo.jpg\" data-rel=\"lightbox-gallery-0\" data-rl_title=\"20210704-1003-08.jpg\" data-rl_caption=\"\" title=\"20210704-1003-08.jpg\"><img loading=\"lazy\" decoding=\"async\" width=\"960\" height=\"695\" src=\"https:\/\/www.tomroc.com\/blog\/wp-content\/uploads\/20210704-1003-147_dxo-960x695.jpg\" alt=\"\" class=\"wp-image-275055\"\/><\/a><\/figure>\n\n\n\n<p>Je fais un peu de t\u00eate mais c&#8217;est globalement Florian qui m\u00e8ne le jeu.<\/p>\n\n\n\n<figure class=\"wp-block-image size-large\"><a  href=\"https:\/\/www.tomroc.com\/blog\/wp-content\/uploads\/20210704-1012-154_dxo.jpg\" data-rel=\"lightbox-gallery-0\" data-rl_title=\"20210704-1012-43.jpg\" data-rl_caption=\"\" title=\"20210704-1012-43.jpg\"><img loading=\"lazy\" decoding=\"async\" width=\"960\" height=\"712\" src=\"https:\/\/www.tomroc.com\/blog\/wp-content\/uploads\/20210704-1012-154_dxo-960x712.jpg\" alt=\"\" class=\"wp-image-275056\"\/><\/a><\/figure>\n\n\n\n<p>11h, et la grimpe se corse : il neige et nos deux derni\u00e8res voies deviennent tremp\u00e9es. C&#8217;est alors tout de suite moins facile de faire des adh\u00e9rences. Tous les coups sont permis, on passe rapidement tant bien que mal.<\/p>\n\n\n\n<p>Le sommet est atteint vers 11h45, et nous sommes dor\u00e9navant dans le brouillard.<\/p>\n\n\n\n<figure class=\"wp-block-image size-large\"><a  href=\"https:\/\/www.tomroc.com\/blog\/wp-content\/uploads\/20210704-1148-163_dxo.jpg\" data-rel=\"lightbox-gallery-0\" data-rl_title=\"20210704-1148-02.jpg\" data-rl_caption=\"\" title=\"20210704-1148-02.jpg\"><img loading=\"lazy\" decoding=\"async\" width=\"960\" height=\"695\" src=\"https:\/\/www.tomroc.com\/blog\/wp-content\/uploads\/20210704-1148-163_dxo-960x695.jpg\" alt=\"\" class=\"wp-image-275057\"\/><\/a><\/figure>\n\n\n\n<p>Quelques rappels humides plus loin, nous reprenons pied en bas de l&#8217;index et courant au t\u00e9l\u00e9si\u00e8ge.<\/p>\n\n\n\n<p>Ce jour l\u00e0 se d\u00e9roule le marathon du Mont Blanc. Il passe au t\u00e9l\u00e9ph\u00e9rique de la Fl\u00e9g\u00e8re; je plains les participants qui courent dans la brume, la pluie et le vent, en toute petites tenues.<\/p>\n\n\n\n<h3 class=\"wp-block-heading\">Notre parcours<\/h3>\n\n\n\t\t<div id=\"maps-marker-pro-8ecca6dd\" class=\"maps-marker-pro\" style=\"width: 100%;\">\n\t\t\t<div id=\"mmp-map-wrap-8ecca6dd\" class=\"mmp-map-wrap\">\n\t\t\t\t\t\t\t\t<div id=\"mmp-map-8ecca6dd\" class=\"mmp-map\" style=\"height: 600px;\"><\/div>\n\t\t\t\t\t\t\t\t\t<div id=\"mmp-chart-wrap-8ecca6dd\" class=\"mmp-gpx-chart-wrap\" style=\"height: 200px;\"><\/div>\n\t\t\t\t\t\t\t<\/div>\n\t\t\t\t\t<\/div>\n\t\t\n\n\n\n<h2 class=\"wp-block-heading\">La cord\u00e9e<\/h2>\n\n\n\n<p>Une fois n&#8217;est pas coutume, et puisque Florian a pris une photo sympa de notre cord\u00e9e, la voici.<\/p>\n\n\n\n<figure class=\"wp-block-image size-large\"><img loading=\"lazy\" decoding=\"async\" width=\"960\" height=\"720\" src=\"https:\/\/www.tomroc.com\/blog\/wp-content\/uploads\/20210706-1100-112-960x720.jpg\" alt=\"\" class=\"wp-image-275096\"\/><\/figure>\n[\/et_pb_text][\/et_pb_column]\n\t\t\t[\/et_pb_row]\n\t\t[\/et_pb_section]","protected":false},"excerpt":{"rendered":"<p>Un week-end pluvieux sauv\u00e9 par deux courses adapt\u00e9es:<br \/>\n. Perrons de Vallorcine : Travers\u00e9e E \u2192 W (AD 4a)<br \/>\n. Index de la Gli\u00e8re : voie Brunat-Perroux (D+ 6a>5c I)<\/p>\n","protected":false},"author":1,"featured_media":274943,"comment_status":"open","ping_status":"open","sticky":false,"template":"","format":"standard","meta":{"_et_pb_use_builder":"on","_et_pb_old_content":"<!-- wp:paragraph -->\n<p>Je rejoins l'ami Florian sur Lyon et nous filons pour Chamonix d\u00e8s le vendredi soir. La m\u00e9t\u00e9o \u00e9tant mauvaise, l'enjeu du week-end sera de trouver des courses d'alpinisme \u00e0 faire sans prendre l'orage. Nous, les \u00e9clairs on n'aime pas.<\/p>\n<!-- \/wp:paragraph -->\n\n<!-- wp:heading -->\n<h2>Perrons de Vallorcine<\/h2>\n<!-- \/wp:heading -->\n\n<!-- wp:paragraph -->\n<p>Nous trouvons la solution en Suisse. L\u00e0-bas, il fait meilleur, et Florian avait rep\u00e9r\u00e9 une course qu'il souhaitait faire un jour :<\/p>\n<!-- \/wp:paragraph -->\n\n<!-- wp:list -->\n<ul><li><a href=\"https:\/\/www.camptocamp.org\/routes\/54625\/fr\/perrons-de-vallorcine-traversee-e-w\">Perrons de Vallorcine : Travers\u00e9e E \u2192 W (AD 4a)<\/a><\/li><\/ul>\n<!-- \/wp:list -->\n\n<!-- wp:paragraph -->\n<p>Il s'agit d'une course facile qui devrait se faire relativement rapidement et donc peut-\u00eatre au sec. Les ar\u00eates sont visibles d\u00e8s le d\u00e9part du parking, sur cette photo dans l'alignement du barrage du lac d'Emosson.<\/p>\n<!-- \/wp:paragraph -->\n\n<!-- wp:image {\"id\":274938,\"sizeSlug\":\"large\",\"linkDestination\":\"media\"} -->\n<figure class=\"wp-block-image size-large\"><a href=\"https:\/\/www.tomroc.com\/blog\/wp-content\/uploads\/20210703-0744-7_dxo.jpg\"><img src=\"https:\/\/www.tomroc.com\/blog\/wp-content\/uploads\/20210703-0744-7_dxo-960x720.jpg\" alt=\"\" class=\"wp-image-274938\"\/><\/a><\/figure>\n<!-- \/wp:image -->\n\n<!-- wp:image {\"id\":274939,\"sizeSlug\":\"large\",\"linkDestination\":\"media\"} -->\n<figure class=\"wp-block-image size-large\"><a href=\"https:\/\/www.tomroc.com\/blog\/wp-content\/uploads\/20210703-0912-31_dxo.jpg\"><img src=\"https:\/\/www.tomroc.com\/blog\/wp-content\/uploads\/20210703-0912-31_dxo-960x720.jpg\" alt=\"\" class=\"wp-image-274939\"\/><\/a><\/figure>\n<!-- \/wp:image -->\n\n<!-- wp:paragraph -->\n<p>Nous suivons attentivement le topo mais apparemment pas suffisamment car nous ne nous engageons pas dans le bon vallon. Une fois que l'erreur est confirm\u00e9e, on se dit que \u00e7a doit n\u00e9anmoins passer et qu'on doit pouvoir r\u00e9ussir \u00e0 rejoindre l'ar\u00eate d'o\u00f9 nous sommes. Alors nous tentons.<\/p>\n<!-- \/wp:paragraph -->\n\n<!-- wp:paragraph -->\n<p>Un long couloir raide plus tard, notre pari s'av\u00e8re judicieux. Nous pouvons objectivement dire alors que nous avons ouvert une nouvelle voie d'\"approche, appel\u00e9e 'Moreau Simon' par mon cher acolyte.<\/p>\n<!-- \/wp:paragraph -->\n\n<!-- wp:image {\"id\":274940,\"sizeSlug\":\"large\",\"linkDestination\":\"media\"} -->\n<figure class=\"wp-block-image size-large\"><a href=\"https:\/\/www.tomroc.com\/blog\/wp-content\/uploads\/20210703-1009-34_dxo.jpg\"><img src=\"https:\/\/www.tomroc.com\/blog\/wp-content\/uploads\/20210703-1009-34_dxo-960x720.jpg\" alt=\"\" class=\"wp-image-274940\"\/><\/a><\/figure>\n<!-- \/wp:image -->\n\n<!-- wp:paragraph -->\n<p>Nous voil\u00e0 maintenant sur l'ar\u00eate, et on avance assez vite, il faut dire que c'est assez simple. M\u00eame surprenamment simple pour une cotation AD. Ou alors on est devenu bons sans s'en rendre compte ? :)<\/p>\n<!-- \/wp:paragraph -->\n\n<!-- wp:image {\"id\":274941,\"sizeSlug\":\"large\",\"linkDestination\":\"media\"} -->\n<figure class=\"wp-block-image size-large\"><a href=\"https:\/\/www.tomroc.com\/blog\/wp-content\/uploads\/20210703-1029-41_dxo.jpg\"><img src=\"https:\/\/www.tomroc.com\/blog\/wp-content\/uploads\/20210703-1029-41_dxo-960x720.jpg\" alt=\"\" class=\"wp-image-274941\"\/><\/a><\/figure>\n<!-- \/wp:image -->\n\n<!-- wp:paragraph -->\n<p>Nous arrivons en vue d'une cord\u00e9e qui \u00e9tait pourtant derri\u00e8re nous \u00e0 l'approche. Si si regardez bien, le point rouge en bas \u00e0 milieu gauche. Bon, il faut croire que la voie 'Moreau Simon' n'\u00e9tait pas l'approche la plus rapide<\/p>\n<!-- \/wp:paragraph -->\n\n<!-- wp:image {\"id\":274942,\"sizeSlug\":\"large\",\"linkDestination\":\"media\"} -->\n<figure class=\"wp-block-image size-large\"><a href=\"https:\/\/www.tomroc.com\/blog\/wp-content\/uploads\/20210703-1107-48_dxo.jpg\"><img src=\"https:\/\/www.tomroc.com\/blog\/wp-content\/uploads\/20210703-1107-48_dxo-960x720.jpg\" alt=\"\" class=\"wp-image-274942\"\/><\/a><\/figure>\n<!-- \/wp:image -->\n\n<!-- wp:paragraph -->\n<p>Derri\u00e8re nous, la vue est de toute beaut\u00e9, les premiers sommets de l'ar\u00eate \u00e9tant dans l'axe du lac d'Emesson. De nombreuses cord\u00e9es - nous en d\u00e9nombrerons trois ou quatre - sont derri\u00e8re nous.<\/p>\n<!-- \/wp:paragraph -->\n\n<!-- wp:image {\"id\":274943,\"sizeSlug\":\"large\",\"linkDestination\":\"media\"} -->\n<figure class=\"wp-block-image size-large\"><a href=\"https:\/\/www.tomroc.com\/blog\/wp-content\/uploads\/20210703-1201-57_dxo.jpg\"><img src=\"https:\/\/www.tomroc.com\/blog\/wp-content\/uploads\/20210703-1201-57_dxo-960x720.jpg\" alt=\"\" class=\"wp-image-274943\"\/><\/a><\/figure>\n<!-- \/wp:image -->\n\n<!-- wp:paragraph -->\n<p>Le fil se poursuit, jamais difficile, mais bien sympa.<\/p>\n<!-- \/wp:paragraph -->\n\n<!-- wp:image {\"align\":\"center\",\"id\":274944,\"sizeSlug\":\"large\",\"linkDestination\":\"media\"} -->\n<div class=\"wp-block-image\"><figure class=\"aligncenter size-large\"><a href=\"https:\/\/www.tomroc.com\/blog\/wp-content\/uploads\/20210703-1209-62_dxo.jpg\"><img src=\"https:\/\/www.tomroc.com\/blog\/wp-content\/uploads\/20210703-1209-62_dxo-540x720.jpg\" alt=\"\" class=\"wp-image-274944\"\/><\/a><\/figure><\/div>\n<!-- \/wp:image -->\n\n<!-- wp:image {\"id\":274945,\"sizeSlug\":\"large\",\"linkDestination\":\"media\"} -->\n<figure class=\"wp-block-image size-large\"><a href=\"https:\/\/www.tomroc.com\/blog\/wp-content\/uploads\/20210703-1214-67_dxo.jpg\"><img src=\"https:\/\/www.tomroc.com\/blog\/wp-content\/uploads\/20210703-1214-67_dxo-960x720.jpg\" alt=\"\" class=\"wp-image-274945\"\/><\/a><\/figure>\n<!-- \/wp:image -->\n\n<!-- wp:paragraph -->\n<p>La premi\u00e8re partie a comme un air de <a href=\"https:\/\/www.tomroc.com\/blog\/2011\/07\/week-end-via-ferrata-dans-les-dolomites-italie\/\">'Tre Cime' dans les Dolomites<\/a>, non ?<\/p>\n<!-- \/wp:paragraph -->\n\n<!-- wp:image {\"id\":275059,\"sizeSlug\":\"large\",\"linkDestination\":\"media\"} -->\n<figure class=\"wp-block-image size-large\"><a href=\"https:\/\/www.tomroc.com\/blog\/wp-content\/uploads\/20210703-1312-78_dxo.jpg\"><img src=\"https:\/\/www.tomroc.com\/blog\/wp-content\/uploads\/20210703-1312-78_dxo-960x695.jpg\" alt=\"\" class=\"wp-image-275059\"\/><\/a><\/figure>\n<!-- \/wp:image -->\n\n<!-- wp:paragraph -->\n<p>L'ar\u00eate impose quelques rappels sympas.<\/p>\n<!-- \/wp:paragraph -->\n\n<!-- wp:image {\"id\":274946,\"sizeSlug\":\"large\",\"linkDestination\":\"media\"} -->\n<figure class=\"wp-block-image size-large\"><a href=\"https:\/\/www.tomroc.com\/blog\/wp-content\/uploads\/20210703-1332-88_dxo.jpg\"><img src=\"https:\/\/www.tomroc.com\/blog\/wp-content\/uploads\/20210703-1332-88_dxo-960x720.jpg\" alt=\"\" class=\"wp-image-274946\"\/><\/a><\/figure>\n<!-- \/wp:image -->\n\n<!-- wp:paragraph -->\n<p>Nous arrivons au bout de l'ar\u00eate, et un chemin astucieux navigue dans ce terrain chahut\u00e9, et impose de remonter quelques pas pour contourner des zones infranchissables. Il pleut d\u00e9sormais mais nous avons \u00e9t\u00e9 chanceux, nous avons franchi toute l'ar\u00eate au sec.<\/p>\n<!-- \/wp:paragraph -->\n\n<!-- wp:image {\"id\":274947,\"sizeSlug\":\"large\",\"linkDestination\":\"media\"} -->\n<figure class=\"wp-block-image size-large\"><a href=\"https:\/\/www.tomroc.com\/blog\/wp-content\/uploads\/20210703-1336-120_dxo.jpg\"><img src=\"https:\/\/www.tomroc.com\/blog\/wp-content\/uploads\/20210703-1336-120_dxo-960x720.jpg\" alt=\"\" class=\"wp-image-274947\"\/><\/a><\/figure>\n<!-- \/wp:image -->\n\n<!-- wp:paragraph -->\n<p> Une fois en bas, nous contournons tous les sommets par le nord pour finalement rejoindre le barrage du lac.<\/p>\n<!-- \/wp:paragraph -->\n\n<!-- wp:image {\"id\":274948,\"sizeSlug\":\"large\",\"linkDestination\":\"media\"} -->\n<figure class=\"wp-block-image size-large\"><a href=\"https:\/\/www.tomroc.com\/blog\/wp-content\/uploads\/20210703-1424-124_dxo.jpg\"><img src=\"https:\/\/www.tomroc.com\/blog\/wp-content\/uploads\/20210703-1424-124_dxo-960x720.jpg\" alt=\"\" class=\"wp-image-274948\"\/><\/a><\/figure>\n<!-- \/wp:image -->\n\n<!-- wp:paragraph -->\n<p>Deux belles poutres formant une passerelle, bris\u00e9es en deux, probablement sous une coul\u00e9e.<\/p>\n<!-- \/wp:paragraph -->\n\n<!-- wp:image {\"id\":274949,\"sizeSlug\":\"large\",\"linkDestination\":\"media\"} -->\n<figure class=\"wp-block-image size-large\"><a href=\"https:\/\/www.tomroc.com\/blog\/wp-content\/uploads\/20210703-1455-132_dxo.jpg\"><img src=\"https:\/\/www.tomroc.com\/blog\/wp-content\/uploads\/20210703-1455-132_dxo-960x720.jpg\" alt=\"\" class=\"wp-image-274949\"\/><\/a><\/figure>\n<!-- \/wp:image -->\n\n<!-- wp:heading {\"level\":3} -->\n<h3>Notre parcours<\/h3>\n<!-- \/wp:heading -->\n\n<!-- wp:shortcode -->\n[mapsmarker map=\"393\"]\n<!-- \/wp:shortcode -->\n\n<!-- wp:heading -->\n<h2>Voie Brunat-Perroux<\/h2>\n<!-- \/wp:heading -->\n\n<!-- wp:paragraph -->\n<p>Nous voil\u00e0 de retour sur Chamonix. La m\u00e9t\u00e9o annonce des pr\u00e9cipitations g\u00e9n\u00e9ralis\u00e9es d\u00e8s midi. Alors il nous faut quelque chose de tr\u00e8s court. Nous jetons notre d\u00e9volu sur une voie qui est \u00e0 5 minutes d'approche du t\u00e9l\u00e9si\u00e8ge de l'index :<\/p>\n<!-- \/wp:paragraph -->\n\n<!-- wp:paragraph -->\n<p><a href=\"https:\/\/www.camptocamp.org\/routes\/54211\/en\/index-de-la-gliere-voie-brunat-perroux\">Index de la Gli\u00e8re : voie Brunat-Perroux (D+ 6a&gt;5c I)<\/a><\/p>\n<!-- \/wp:paragraph -->\n\n<!-- wp:paragraph -->\n<p>Nous sommes \u00e0 l'attaque d\u00e8s l'ouverture des remont\u00e9es \u00e0 8h30. La voie est visible d\u00e8s la descente du t\u00e9l\u00e9si\u00e8ge. Le mauvais temps \u00e9galement.<\/p>\n<!-- \/wp:paragraph -->\n\n<!-- wp:paragraph -->\n<p>Le d\u00e9marrage de notre voie a lieu dans la pente de neige en forme de moustache en bas de la photo. Une autre cord\u00e9e s'\u00e9lance, mais maligne elle monte directement \u00e0 l'\u00e9tage interm\u00e9diaire par le pierrier et pente de neige, et shunte la moiti\u00e9 de la face.<\/p>\n<!-- \/wp:paragraph -->\n\n<!-- wp:image {\"id\":275054,\"sizeSlug\":\"large\",\"linkDestination\":\"media\"} -->\n<figure class=\"wp-block-image size-large\"><a href=\"https:\/\/www.tomroc.com\/blog\/wp-content\/uploads\/20210704-0853-138_dxo.jpg\"><img src=\"https:\/\/www.tomroc.com\/blog\/wp-content\/uploads\/20210704-0853-138_dxo-960x720.jpg\" alt=\"\" class=\"wp-image-275054\"\/><\/a><\/figure>\n<!-- \/wp:image -->\n\n<!-- wp:paragraph -->\n<p>Nous avan\u00e7ons \u00e0 un rythme correct, motiv\u00e9s par la chape de nuages qui annonce clairement la suite prochaine.<\/p>\n<!-- \/wp:paragraph -->\n\n<!-- wp:image {\"id\":275055,\"sizeSlug\":\"large\",\"linkDestination\":\"media\"} -->\n<figure class=\"wp-block-image size-large\"><a href=\"https:\/\/www.tomroc.com\/blog\/wp-content\/uploads\/20210704-1003-147_dxo.jpg\"><img src=\"https:\/\/www.tomroc.com\/blog\/wp-content\/uploads\/20210704-1003-147_dxo-960x695.jpg\" alt=\"\" class=\"wp-image-275055\"\/><\/a><\/figure>\n<!-- \/wp:image -->\n\n<!-- wp:paragraph -->\n<p>Je fais un peu de t\u00eate mais c'est globalement Florian qui m\u00e8ne le jeu.<\/p>\n<!-- \/wp:paragraph -->\n\n<!-- wp:image {\"id\":275056,\"sizeSlug\":\"large\",\"linkDestination\":\"media\"} -->\n<figure class=\"wp-block-image size-large\"><a href=\"https:\/\/www.tomroc.com\/blog\/wp-content\/uploads\/20210704-1012-154_dxo.jpg\"><img src=\"https:\/\/www.tomroc.com\/blog\/wp-content\/uploads\/20210704-1012-154_dxo-960x712.jpg\" alt=\"\" class=\"wp-image-275056\"\/><\/a><\/figure>\n<!-- \/wp:image -->\n\n<!-- wp:paragraph -->\n<p>11h, et la grimpe se corse : il neige et nos deux derni\u00e8res voies deviennent tremp\u00e9es. C'est alors tout de suite moins facile de faire des adh\u00e9rences. Tous les coups sont permis, on passe rapidement tant bien que mal.<\/p>\n<!-- \/wp:paragraph -->\n\n<!-- wp:paragraph -->\n<p>Le sommet est atteint vers 11h45, et nous sommes dor\u00e9navant dans le brouillard.<\/p>\n<!-- \/wp:paragraph -->\n\n<!-- wp:image {\"id\":275057,\"sizeSlug\":\"large\",\"linkDestination\":\"media\"} -->\n<figure class=\"wp-block-image size-large\"><a href=\"https:\/\/www.tomroc.com\/blog\/wp-content\/uploads\/20210704-1148-163_dxo.jpg\"><img src=\"https:\/\/www.tomroc.com\/blog\/wp-content\/uploads\/20210704-1148-163_dxo-960x695.jpg\" alt=\"\" class=\"wp-image-275057\"\/><\/a><\/figure>\n<!-- \/wp:image -->\n\n<!-- wp:paragraph -->\n<p>Quelques rappels humides plus loin, nous reprenons pied en bas de l'index et courant au t\u00e9l\u00e9si\u00e8ge.<\/p>\n<!-- \/wp:paragraph -->\n\n<!-- wp:paragraph -->\n<p>Ce jour l\u00e0 se d\u00e9roule le marathon du Mont Blanc. Il passe au t\u00e9l\u00e9ph\u00e9rique de la Fl\u00e9g\u00e8re; je plains les participants qui courent dans la brume, la pluie et le vent, en toute petites tenues.<\/p>\n<!-- \/wp:paragraph -->\n\n<!-- wp:heading {\"level\":3} -->\n<h3>Notre parcours<\/h3>\n<!-- \/wp:heading -->\n\n<!-- wp:shortcode -->\n[mapsmarker map=\"394\"]\n<!-- \/wp:shortcode -->\n\n<!-- wp:heading -->\n<h2>La cord\u00e9e<\/h2>\n<!-- \/wp:heading -->\n\n<!-- wp:paragraph -->\n<p>Une fois n'est pas coutume, et puisque Florian a pris une photo sympa de notre cord\u00e9e, la voici.<\/p>\n<!-- \/wp:paragraph -->\n\n<!-- wp:image {\"id\":275096,\"sizeSlug\":\"large\"} -->\n<figure class=\"wp-block-image size-large\"><img src=\"https:\/\/www.tomroc.com\/blog\/wp-content\/uploads\/20210706-1100-112-960x720.jpg\" alt=\"\" class=\"wp-image-275096\"\/><\/figure>\n<!-- \/wp:image -->","_et_gb_content_width":"","footnotes":""},"categories":[38,39],"tags":[1256,3,2858,1270,837,131],"class_list":["post-274892","post","type-post","status-publish","format-standard","has-post-thumbnail","hentry","category-alpinisme","category-escalade","tag-2-jours","tag-alpinisme","tag-cotation-ad","tag-cotation-d","tag-florian-s","tag-massif-du-mont-blanc"],"_links":{"self":[{"href":"https:\/\/www.tomroc.com\/blog\/wp-json\/wp\/v2\/posts\/274892","targetHints":{"allow":["GET"]}}],"collection":[{"href":"https:\/\/www.tomroc.com\/blog\/wp-json\/wp\/v2\/posts"}],"about":[{"href":"https:\/\/www.tomroc.com\/blog\/wp-json\/wp\/v2\/types\/post"}],"author":[{"embeddable":true,"href":"https:\/\/www.tomroc.com\/blog\/wp-json\/wp\/v2\/users\/1"}],"replies":[{"embeddable":true,"href":"https:\/\/www.tomroc.com\/blog\/wp-json\/wp\/v2\/comments?post=274892"}],"version-history":[{"count":16,"href":"https:\/\/www.tomroc.com\/blog\/wp-json\/wp\/v2\/posts\/274892\/revisions"}],"predecessor-version":[{"id":275381,"href":"https:\/\/www.tomroc.com\/blog\/wp-json\/wp\/v2\/posts\/274892\/revisions\/275381"}],"wp:featuredmedia":[{"embeddable":true,"href":"https:\/\/www.tomroc.com\/blog\/wp-json\/wp\/v2\/media\/274943"}],"wp:attachment":[{"href":"https:\/\/www.tomroc.com\/blog\/wp-json\/wp\/v2\/media?parent=274892"}],"wp:term":[{"taxonomy":"category","embeddable":true,"href":"https:\/\/www.tomroc.com\/blog\/wp-json\/wp\/v2\/categories?post=274892"},{"taxonomy":"post_tag","embeddable":true,"href":"https:\/\/www.tomroc.com\/blog\/wp-json\/wp\/v2\/tags?post=274892"}],"curies":[{"name":"wp","href":"https:\/\/api.w.org\/{rel}","templated":true}]}}