{"id":275179,"date":"2021-07-23T07:39:00","date_gmt":"2021-07-23T06:39:00","guid":{"rendered":"https:\/\/www.tomroc.com\/blog\/?p=275179"},"modified":"2022-07-15T08:09:19","modified_gmt":"2022-07-15T07:09:19","slug":"la-meije-nous-vinmes-pour-la-traversee-et-en-fimes-le-tour","status":"publish","type":"post","link":"https:\/\/www.tomroc.com\/blog\/2021\/07\/la-meije-nous-vinmes-pour-la-traversee-et-en-fimes-le-tour\/","title":{"rendered":"La Meije: nous v\u00eenmes pour la travers\u00e9e, et en f\u00eemes le tour"},"content":{"rendered":"\n<p>La semaine prochaine, nous pr\u00e9voyons de re-tenter la travers\u00e9e de Charmoz-Grepon, si la m\u00e9t\u00e9o le permet. Pour cela, il serait mieux que nous soyons acclimat\u00e9s. Alors, nous nous fixons un (bel) objectif qui nous permettra d&#8217;\u00e9voluer en altitude:<\/p>\n\n\n\n<ul class=\"wp-block-list\"><li><a href=\"https:\/\/www.camptocamp.org\/routes\/53874\/fr\/la-meije-arete-du-promontoire-puis-traversee-des-aretes\">La Meije : Ar\u00eate du Promontoire puis Travers\u00e9e des ar\u00eates (D- 4a&gt;3c IV)<\/a><\/li><\/ul>\n\n\n\n<p>Nous posons notre vendredi afin de disposer de trois jours et plus de flexibilit\u00e9 pour la m\u00e9t\u00e9o, et sommes \u00e0 l&#8217;attaque \u00e0 la Grave le vendredi matin.<\/p>\n\n\n\n<h1 class=\"wp-block-heading\">Mont\u00e9e au Promontoire<\/h1>\n\n\n\n<p>Nous avons choisi d&#8217;acc\u00e9der au refuge du promontoire par l&#8217;acc\u00e8s classique:<\/p>\n\n\n\n<ul class=\"wp-block-list\"><li><a href=\"https:\/\/www.camptocamp.org\/routes\/55067\/fr\/breche-de-la-meije-versant-n-par-les-enfetchores\">Br\u00e8che de la Meije : Versant N, par les Enfetchores (PD 3b II)<\/a><\/li><\/ul>\n\n\n\n<p>Le t\u00e9l\u00e9ph\u00e9rique nous d\u00e9pose au niveau interm\u00e9diaire. Le programme de la journ\u00e9e et l&#8217;objectif du week-end se dressent d\u00e9j\u00e0 devant nous : les Enfetchores, la br\u00e8che et la Meije.<\/p>\n\n\n\n<figure class=\"wp-block-image size-large\"><a  href=\"https:\/\/www.tomroc.com\/blog\/wp-content\/uploads\/20210723-0937-96_dxo.jpg\" data-rel=\"lightbox-gallery-0\" data-rl_title=\"20210723-0937-35.jpg\" data-rl_caption=\"\" title=\"20210723-0937-35.jpg\"><img loading=\"lazy\" decoding=\"async\" width=\"960\" height=\"720\" src=\"https:\/\/www.tomroc.com\/blog\/wp-content\/uploads\/20210723-0937-96_dxo-960x720.jpg\" alt=\"\" class=\"wp-image-275194\"\/><\/a><\/figure>\n\n\n\n<p>Seuls quelques passages sont vraiment grimpants mais jamais suffisamment pour que nous sortions la corde.<\/p>\n\n\n\n<figure class=\"wp-block-image size-large\"><a  href=\"https:\/\/www.tomroc.com\/blog\/wp-content\/uploads\/20210723-1022-87_dxo.jpg\" data-rel=\"lightbox-gallery-0\" data-rl_title=\"20210723-1022-56.jpg\" data-rl_caption=\"\" title=\"20210723-1022-56.jpg\"><img loading=\"lazy\" decoding=\"async\" width=\"960\" height=\"720\" src=\"https:\/\/www.tomroc.com\/blog\/wp-content\/uploads\/20210723-1022-87_dxo-960x720.jpg\" alt=\"\" class=\"wp-image-275196\"\/><\/a><\/figure>\n\n\n\n<p>Nous posons pied dans les pentes de neige qui nous m\u00e8nent au glacier de la Meije.<\/p>\n\n\n\n<figure class=\"wp-block-image size-large\"><a  href=\"https:\/\/www.tomroc.com\/blog\/wp-content\/uploads\/20210723-1256-125_dxo.jpg\" data-rel=\"lightbox-gallery-0\" data-rl_title=\"20210723-1256-37.jpg\" data-rl_caption=\"\" title=\"20210723-1256-37.jpg\"><img loading=\"lazy\" decoding=\"async\" width=\"960\" height=\"720\" src=\"https:\/\/www.tomroc.com\/blog\/wp-content\/uploads\/20210723-1256-125_dxo-960x720.jpg\" alt=\"\" class=\"wp-image-275197\"\/><\/a><\/figure>\n\n\n\n<p>L&#8217;acc\u00e8s \u00e0 la br\u00e8che est simple, mais expos\u00e9 tant la face est branlante. Chaque rocher n&#8217;attend que d&#8217;\u00eatre l\u00e9g\u00e8rement touch\u00e9 pour partir d\u00e9valer la pente. Il vaut mieux attendre que personne ne soit en dessous pour progresser.<\/p>\n\n\n\n<figure class=\"wp-block-image size-large\"><a  href=\"https:\/\/www.tomroc.com\/blog\/wp-content\/uploads\/20210723-1336-126_dxo.jpg\" data-rel=\"lightbox-gallery-0\" data-rl_title=\"20210723-1336-12.jpg\" data-rl_caption=\"\" title=\"20210723-1336-12.jpg\"><img loading=\"lazy\" decoding=\"async\" width=\"960\" height=\"720\" src=\"https:\/\/www.tomroc.com\/blog\/wp-content\/uploads\/20210723-1336-126_dxo-960x720.jpg\" alt=\"\" class=\"wp-image-275198\"\/><\/a><\/figure>\n\n\n\n<p>De la br\u00e8che nous empruntons les vires en rive droite. Le passage est tr\u00e8s malcommode mais nous rejoignons tant bien que mal le rappel qui permet de poser pied sur les pentes de neige et directement atteindre le refuge.<\/p>\n\n\n\n<figure class=\"wp-block-image size-large\"><a  href=\"https:\/\/www.tomroc.com\/blog\/wp-content\/uploads\/20210723-1503-88_dxo.jpg\" data-rel=\"lightbox-gallery-0\" data-rl_title=\"20210723-1503-51.jpg\" data-rl_caption=\"\" title=\"20210723-1503-51.jpg\"><img loading=\"lazy\" decoding=\"async\" width=\"960\" height=\"720\" src=\"https:\/\/www.tomroc.com\/blog\/wp-content\/uploads\/20210723-1503-88_dxo-960x720.jpg\" alt=\"\" class=\"wp-image-275199\"\/><\/a><\/figure>\n\n\n\n<p>Nous voil\u00e0 au <a href=\"https:\/\/www.camptocamp.org\/waypoints\/104163\/fr\/refuge-du-promontoire\">refuge du promontoire<\/a> \u00e0 15h. Ce jour l\u00e0, nous serons environ 7 cord\u00e9es, presque toutes accompagn\u00e9es de guides, avec comme unique objectif la travers\u00e9e de la Meije.<\/p>\n\n\n\n<h2 class=\"wp-block-heading\">Rep\u00e9rage<\/h2>\n\n\n\n<p>L&#8217;un des enjeux majeurs de la travers\u00e9e de la Meije, c&#8217;est l&#8217;itin\u00e9raire, manifestement peu \u00e9vident de nuit. Alors nous pr\u00e9voyons de rep\u00e9rer la premi\u00e8re section. Le d\u00e9part se fait depuis les toilettes :)<\/p>\n\n\n\n<figure class=\"wp-block-image size-large\"><img loading=\"lazy\" decoding=\"async\" width=\"960\" height=\"720\" src=\"https:\/\/www.tomroc.com\/blog\/wp-content\/uploads\/20210723-1530-133_dxo-960x720.jpg\" alt=\"\" class=\"wp-image-275200\"\/><\/figure>\n\n\n\n<p>Aujourd&#8217;hui il fait beau, si seulement le temps pouvait \u00eatre le m\u00eame demain .. Nous avan\u00e7ons une petite heure sur le d\u00e9but de l&#8217;ar\u00eate.<\/p>\n\n\n\n<figure class=\"wp-block-image size-large\"><a  href=\"https:\/\/www.tomroc.com\/blog\/wp-content\/uploads\/20210723-1604-102_dxo.jpg\" data-rel=\"lightbox-gallery-0\" data-rl_title=\"20210723-1604-51.jpg\" data-rl_caption=\"\" title=\"20210723-1604-51.jpg\"><img loading=\"lazy\" decoding=\"async\" width=\"960\" height=\"720\" src=\"https:\/\/www.tomroc.com\/blog\/wp-content\/uploads\/20210723-1604-102_dxo-960x720.jpg\" alt=\"\" class=\"wp-image-275201\"\/><\/a><\/figure>\n\n\n\n<p>Le passage rapide du niveau de la mer \u00e0 plus de 3300m nous p\u00e8se, sans compter le petit d\u00e9nivel\u00e9 du matin. Alors nous d\u00e9cidons de faire demi tour et de plut\u00f4t aller nous reposer pour le lendemain.<\/p>\n\n\n\n<figure class=\"wp-block-image size-large\"><img loading=\"lazy\" decoding=\"async\" width=\"960\" height=\"720\" src=\"https:\/\/www.tomroc.com\/blog\/wp-content\/uploads\/20210723-1608-202_dxo-960x720.jpg\" alt=\"\" class=\"wp-image-275202\"\/><\/figure>\n\n\n\n<p>Le soir au refuge, toutes les cord\u00e9es \u00e9coutent religieusement les pr\u00e9visions m\u00e9t\u00e9orologiques annonc\u00e9es par la gardienne. Elles s&#8217;accordent toutes \u00e0 dire que nous aurons beaucoup de vent &#8211; entre 60 et 80km\/h &#8211; sur les ar\u00eates. Tout le monde h\u00e9site, mais tout le monde d\u00e9cide de se lever \u00e0 3h30, faisant mine de vouloir tenter n\u00e9anmoins.<\/p>\n\n\n\n<h2 class=\"wp-block-heading\">Notre parcours<\/h2>\n\n\n\t\t<div id=\"maps-marker-pro-cb5b26d2\" class=\"maps-marker-pro\" style=\"width: 100%;\">\n\t\t\t<div id=\"mmp-map-wrap-cb5b26d2\" class=\"mmp-map-wrap\">\n\t\t\t\t\t\t\t\t<div id=\"mmp-map-cb5b26d2\" class=\"mmp-map\" style=\"height: 600px;\"><\/div>\n\t\t\t\t\t\t\t\t\t<div id=\"mmp-chart-wrap-cb5b26d2\" class=\"mmp-gpx-chart-wrap\" style=\"height: 200px;\"><\/div>\n\t\t\t\t\t\t\t<\/div>\n\t\t\t\t\t<\/div>\n\t\t\n\n\n\n<h1 class=\"wp-block-heading\">Tentative de travers\u00e9e<\/h1>\n\n\n\n<p>Au petit d\u00e9jeuner de 3h30, tous les guides sortent et inspectent le ciel. Apr\u00e8s conciliabule, ils d\u00e9cident qu&#8217;ils ne partiront pas, et tout le monde repart se coucher. Sauf nous, qui seront les seuls \u00e0 aller tenter notre chance.<\/p>\n\n\n\n<p>L\u00e0 je me sens oblig\u00e9 de justifier ce qui pourrait sembler sinon de l&#8217;inconscience ;) Notre plan: compter sur le fait que les m\u00e9t\u00e9os sont tr\u00e8s al\u00e9atoires ces derniers temps, alors le vent pourrait s&#8217;av\u00e9rer ne pas \u00eatre aussi fort. Nous voulons monter au grand pic, et avant le point de non retour, d\u00e9cider alors en fonction de ce que nous vivrons l\u00e0-haut.<\/p>\n\n\n\n<p>Mais les choses ne se passeront pas ainsi. Assez rapidement, seuls sur notre ar\u00eate, la gr\u00eale commence \u00e0 tomber, bient\u00f4t accompagn\u00e9e par un orage et la foudre qui s&#8217;abat sur les sommets de la Meije. Un fort vent, passe encore, mais l\u00e0 s&#8217;en est trop. Donc, demi-tour et retour rapide au refuge.<\/p>\n\n\n\n<p>Apr\u00e8s une grasse matin\u00e9e forc\u00e9e, nous \u00e9tudions les nouvelles pr\u00e9visions m\u00e9t\u00e9o pour le lendemain, avec l&#8217;espoir d&#8217;un cr\u00e9neau. Tous nos espoirs abandonn\u00e9s, nous d\u00e9cidons de traverser vers le refuge du Pav\u00e9, gr\u00e2ce \u00e0 un &#8216;passage secret&#8217; que nous partagera la gardienne.<\/p>\n\n\n\n<h1 class=\"wp-block-heading\">Bascule sur le Pav\u00e9<\/h1>\n\n\n\n<p>Nous remontons des pentes de neige jusqu&#8217;\u00e0 atteindre le pied de la vire secr\u00e8te. De l\u00e0, nous pouvons apercevoir toute l&#8217;ar\u00eate du Promontoire, le glacier Carr\u00e9 et le Grand Pic.<\/p>\n\n\n\n<figure class=\"wp-block-image size-large\"><a  href=\"https:\/\/www.tomroc.com\/blog\/wp-content\/uploads\/20210724-1101-19_dxo.jpg\" data-rel=\"lightbox-gallery-0\" data-rl_title=\"20210724-1101-43.jpg\" data-rl_caption=\"\" title=\"20210724-1101-43.jpg\"><img loading=\"lazy\" decoding=\"async\" width=\"960\" height=\"720\" src=\"https:\/\/www.tomroc.com\/blog\/wp-content\/uploads\/20210724-1101-19_dxo-960x720.jpg\" alt=\"\" class=\"wp-image-275203\"\/><\/a><\/figure>\n\n\n\n<p>La vire est tr\u00e8s expos\u00e9e car tout les rochers ne demandent qu&#8217;\u00e0 \u00eatre touch\u00e9s pour partir dans la pente. Florian n&#8217;appr\u00e9cie pas du tout, moi j&#8217;aime jouer au chat.<\/p>\n\n\n\n<figure class=\"wp-block-image size-large\"><img loading=\"lazy\" decoding=\"async\" width=\"960\" height=\"720\" src=\"https:\/\/www.tomroc.com\/blog\/wp-content\/uploads\/20210724-1158-226_dxo-960x720.jpg\" alt=\"\" class=\"wp-image-275204\"\/><\/figure>\n\n\n\n<figure class=\"wp-block-image size-large\"><a  href=\"https:\/\/www.tomroc.com\/blog\/wp-content\/uploads\/20210724-1200-12_dxo.jpg\" data-rel=\"lightbox-gallery-0\" data-rl_title=\"20210724-1200-47.jpg\" data-rl_caption=\"\" title=\"20210724-1200-47.jpg\"><img loading=\"lazy\" decoding=\"async\" width=\"960\" height=\"695\" src=\"https:\/\/www.tomroc.com\/blog\/wp-content\/uploads\/20210724-1200-12_dxo-960x695.jpg\" alt=\"\" class=\"wp-image-275205\"\/><\/a><\/figure>\n\n\n\n<p>Nous atteignons le &#8216;col&#8217; qui n&#8217;a m\u00eame pas de nom sur la carte. Et \u00e0 cet instant, nous r\u00e9alisons que nous ne nous sommes pas renseign\u00e9s sur la suite. Qui n&#8217;est pas si triviale en fait: comment rejoindre le refuge du pav\u00e9, l\u00e0, tout en bas ? Entre lui et nous, de nombreuses barres rocheuses infranchissables.<\/p>\n\n\n\n<figure class=\"wp-block-image size-large\"><img loading=\"lazy\" decoding=\"async\" width=\"960\" height=\"720\" src=\"https:\/\/www.tomroc.com\/blog\/wp-content\/uploads\/20210724-1205-8_dxo-960x720.jpg\" alt=\"\" class=\"wp-image-275207\"\/><\/figure>\n\n\n\n<p>Faisant notre l\u00e9gendaire sens de l&#8217;orientation, nous trouvons la solution : une ligne de rappels, qui permet de franchir le verrou du cirque.<\/p>\n\n\n\n<figure class=\"wp-block-image size-large\"><a  href=\"https:\/\/www.tomroc.com\/blog\/wp-content\/uploads\/20210724-1244-18_dxo.jpg\" data-rel=\"lightbox-gallery-0\" data-rl_title=\"20210724-1244-22.jpg\" data-rl_caption=\"\" title=\"20210724-1244-22.jpg\"><img loading=\"lazy\" decoding=\"async\" width=\"960\" height=\"720\" src=\"https:\/\/www.tomroc.com\/blog\/wp-content\/uploads\/20210724-1244-18_dxo-960x720.jpg\" alt=\"\" class=\"wp-image-275208\"\/><\/a><\/figure>\n\n\n\n<p>J&#8217;ai de mauvais souvenir de mon pr\u00e9c\u00e9dent passage au <a href=\"https:\/\/www.camptocamp.org\/waypoints\/104148\/fr\/refuge-du-pave\">Refuge du Pav\u00e9<\/a>&#8211; trop \u00e9troit et d&#8217;une cuisine un peu moyenne. Nous d\u00e9cidons n\u00e9anmoins d&#8217;y rester cette nuit, afin de sauver le week-end et faire une rapide course le lendemain.<\/p>\n\n\n\n<figure class=\"wp-block-image size-large\"><a  href=\"https:\/\/www.tomroc.com\/blog\/wp-content\/uploads\/20210724-1334-223_dxo.jpg\" data-rel=\"lightbox-gallery-0\" data-rl_title=\"20210724-1334-23.jpg\" data-rl_caption=\"\" title=\"20210724-1334-23.jpg\"><img loading=\"lazy\" decoding=\"async\" width=\"960\" height=\"720\" src=\"https:\/\/www.tomroc.com\/blog\/wp-content\/uploads\/20210724-1334-223_dxo-960x720.jpg\" alt=\"\" class=\"wp-image-275209\"\/><\/a><\/figure>\n\n\n\n<h2 class=\"wp-block-heading\">Notre parcours<\/h2>\n\n\n\t\t<div id=\"maps-marker-pro-55ca3bb3\" class=\"maps-marker-pro\" style=\"width: 100%;\">\n\t\t\t<div id=\"mmp-map-wrap-55ca3bb3\" class=\"mmp-map-wrap\">\n\t\t\t\t\t\t\t\t<div id=\"mmp-map-55ca3bb3\" class=\"mmp-map\" style=\"height: 600px;\"><\/div>\n\t\t\t\t\t\t\t\t\t<div id=\"mmp-chart-wrap-55ca3bb3\" class=\"mmp-gpx-chart-wrap\" style=\"height: 200px;\"><\/div>\n\t\t\t\t\t\t\t<\/div>\n\t\t\t\t\t<\/div>\n\t\t\n\n\n\n<h1 class=\"wp-block-heading\">Pointe Emma<\/h1>\n\n\n\n<p>Aujourd&#8217;hui, nous devons enchainer une course d&#8217;alpinisme, le retour \u00e0 la Grave, puis Lyon. On fait un r\u00e9tro planning, et alors il nous semble \u00e9vident que pour le tenir, il nous faudra une course vraiment rapide. Ce sera :<\/p>\n\n\n\n<ul class=\"wp-block-list\"><li><a href=\"https:\/\/www.camptocamp.org\/routes\/663005\/fr\/pointe-emma-arete-s-voie-normale-\">Pointe Emma : Ar\u00eate S (voie normale) (PD+ 4a&gt;3a II)<\/a><\/li><\/ul>\n\n\n\n<p>L&#8217;approche est rapide, tout droit au dessus du refuge.<\/p>\n\n\n\n<figure class=\"wp-block-image size-large\"><a  href=\"https:\/\/www.tomroc.com\/blog\/wp-content\/uploads\/20210725-0659-182_dxo.jpg\" data-rel=\"lightbox-gallery-0\" data-rl_title=\"20210725-0659-19.jpg\" data-rl_caption=\"\" title=\"20210725-0659-19.jpg\"><img loading=\"lazy\" decoding=\"async\" width=\"960\" height=\"720\" src=\"https:\/\/www.tomroc.com\/blog\/wp-content\/uploads\/20210725-0659-182_dxo-960x720.jpg\" alt=\"\" class=\"wp-image-275210\"\/><\/a><\/figure>\n\n\n\n<p>Depuis le Pav\u00e9, j&#8217;avais d\u00e9j\u00e0 gravi le Pic Nord de Cavales, que l&#8217;on aper\u00e7oit depuis la Pointe Emma.<\/p>\n\n\n\n<figure class=\"wp-block-image size-large\"><img loading=\"lazy\" decoding=\"async\" width=\"960\" height=\"720\" src=\"https:\/\/www.tomroc.com\/blog\/wp-content\/uploads\/20210725-0708-32_dxo-960x720.jpg\" alt=\"\" class=\"wp-image-275211\"\/><\/figure>\n\n\n\n<p>Nous avan\u00e7ons facilement, et rapidement sur les ar\u00eates nous d\u00e9couvrons l&#8217;autre versant et le bel alignement.<\/p>\n\n\n\n<figure class=\"wp-block-image size-large\"><a  href=\"https:\/\/www.tomroc.com\/blog\/wp-content\/uploads\/20210725-0848-155_dxo.jpg\" data-rel=\"lightbox-gallery-0\" data-rl_title=\"20210725-0848-29.jpg\" data-rl_caption=\"\" title=\"20210725-0848-29.jpg\"><img loading=\"lazy\" decoding=\"async\" width=\"960\" height=\"720\" src=\"https:\/\/www.tomroc.com\/blog\/wp-content\/uploads\/20210725-0848-155_dxo-960x720.jpg\" alt=\"\" class=\"wp-image-275212\"\/><\/a><\/figure>\n\n\n\n<p>Au retour, nous commen\u00e7ons \u00e0 voir les autres cord\u00e9es engag\u00e9es sur l&#8217;int\u00e9grale.<\/p>\n\n\n\n<figure class=\"wp-block-image size-large\"><a  href=\"https:\/\/www.tomroc.com\/blog\/wp-content\/uploads\/20210725-0900-185_dxo.jpg\" data-rel=\"lightbox-gallery-0\" data-rl_title=\"20210725-0900-45.jpg\" data-rl_caption=\"Sur le fil de rasoir de la Pointe Emma\" title=\"20210725-0900-45.jpg\"><img loading=\"lazy\" decoding=\"async\" width=\"960\" height=\"720\" src=\"https:\/\/www.tomroc.com\/blog\/wp-content\/uploads\/20210725-0900-185_dxo-960x720.jpg\" alt=\"\" class=\"wp-image-275213\"\/><\/a><\/figure>\n\n\n\n<p>Il a de la gueule, vu de l\u00e0, le Pic Nord des Cavales.<\/p>\n\n\n\n<figure class=\"wp-block-image size-large\"><a  href=\"https:\/\/www.tomroc.com\/blog\/wp-content\/uploads\/20210725-0912-150_dxo.jpg\" data-rel=\"lightbox-gallery-0\" data-rl_title=\"20210725-0912-48.jpg\" data-rl_caption=\"\" title=\"20210725-0912-48.jpg\"><img loading=\"lazy\" decoding=\"async\" width=\"960\" height=\"720\" src=\"https:\/\/www.tomroc.com\/blog\/wp-content\/uploads\/20210725-0912-150_dxo-960x720.jpg\" alt=\"\" class=\"wp-image-275214\"\/><\/a><\/figure>\n\n\n\n<h1 class=\"wp-block-heading\">Retour sur la Grave<\/h1>\n\n\n\n<p>Toutes nos affaires sur le dos, sans repasser par le refuge, nous entamons une &#8211; tr\u00e8s &#8211; longue descente sur la Grave.<\/p>\n\n\n\n<figure class=\"wp-block-image size-large\"><img loading=\"lazy\" decoding=\"async\" width=\"960\" height=\"720\" src=\"https:\/\/www.tomroc.com\/blog\/wp-content\/uploads\/20210725-1238-59_dxo-960x720.jpg\" alt=\"\" class=\"wp-image-275215\"\/><\/figure>\n\n\n\n<p>Entre Villar-d&#8217;Ar\u00eane et la Grave, nous empruntons un passage de GR tr\u00e8s agr\u00e9able et au bord de l&#8217;eau sur les d\u00e9buts.<\/p>\n\n\n\n<figure class=\"wp-block-image size-large\"><a  href=\"https:\/\/www.tomroc.com\/blog\/wp-content\/uploads\/20210725-1334-42_dxo.jpg\" data-rel=\"lightbox-gallery-0\" data-rl_title=\"20210725-1334-29.jpg\" data-rl_caption=\"\" title=\"20210725-1334-29.jpg\"><img loading=\"lazy\" decoding=\"async\" width=\"960\" height=\"720\" src=\"https:\/\/www.tomroc.com\/blog\/wp-content\/uploads\/20210725-1334-42_dxo-960x720.jpg\" alt=\"\" class=\"wp-image-275216\"\/><\/a><\/figure>\n\n\n\n<p>Nous sommes de retour au van, notre grande boucle boucl\u00e9e vers 14h55.<\/p>\n\n\n\n<h2 class=\"wp-block-heading\">Notre parcours<\/h2>\n\n\n\t\t<div id=\"maps-marker-pro-d89efb8b\" class=\"maps-marker-pro\" style=\"width: 100%;\">\n\t\t\t<div id=\"mmp-map-wrap-d89efb8b\" class=\"mmp-map-wrap\">\n\t\t\t\t\t\t\t\t<div id=\"mmp-map-d89efb8b\" class=\"mmp-map\" style=\"height: 600px;\"><\/div>\n\t\t\t\t\t\t\t\t\t<div id=\"mmp-chart-wrap-d89efb8b\" class=\"mmp-gpx-chart-wrap\" style=\"height: 200px;\"><\/div>\n\t\t\t\t\t\t\t<\/div>\n\t\t\t\t\t<\/div>\n\t\t\n\n\n\n<p><\/p>\n","protected":false},"excerpt":{"rendered":"<p>Objectif : Travers\u00e9e de la Meije ! Mais la m\u00e9t\u00e9o en d\u00e9cide autrement &#8230;<br \/>\n. refuge du Promontoire, par la Br\u00e8che de la Meije : Versant N, par les Enfetchores (PD 3b II)<br \/>\n. Pointe Emma : Ar\u00eate S (voie normale) (PD+ 4a>3a II)<\/p>\n","protected":false},"author":1,"featured_media":275203,"comment_status":"open","ping_status":"open","sticky":false,"template":"","format":"standard","meta":{"_et_pb_use_builder":"","_et_pb_old_content":"","_et_gb_content_width":"","footnotes":""},"categories":[38],"tags":[1256,3,2859,837,2866,618,2878],"class_list":["post-275179","post","type-post","status-publish","format-standard","has-post-thumbnail","hentry","category-alpinisme","tag-2-jours","tag-alpinisme","tag-cotation-pd","tag-florian-s","tag-massif-des-ecrins","tag-refuge-du-pave","tag-refuge-du-promontoire"],"_links":{"self":[{"href":"https:\/\/www.tomroc.com\/blog\/wp-json\/wp\/v2\/posts\/275179","targetHints":{"allow":["GET"]}}],"collection":[{"href":"https:\/\/www.tomroc.com\/blog\/wp-json\/wp\/v2\/posts"}],"about":[{"href":"https:\/\/www.tomroc.com\/blog\/wp-json\/wp\/v2\/types\/post"}],"author":[{"embeddable":true,"href":"https:\/\/www.tomroc.com\/blog\/wp-json\/wp\/v2\/users\/1"}],"replies":[{"embeddable":true,"href":"https:\/\/www.tomroc.com\/blog\/wp-json\/wp\/v2\/comments?post=275179"}],"version-history":[{"count":19,"href":"https:\/\/www.tomroc.com\/blog\/wp-json\/wp\/v2\/posts\/275179\/revisions"}],"predecessor-version":[{"id":275865,"href":"https:\/\/www.tomroc.com\/blog\/wp-json\/wp\/v2\/posts\/275179\/revisions\/275865"}],"wp:featuredmedia":[{"embeddable":true,"href":"https:\/\/www.tomroc.com\/blog\/wp-json\/wp\/v2\/media\/275203"}],"wp:attachment":[{"href":"https:\/\/www.tomroc.com\/blog\/wp-json\/wp\/v2\/media?parent=275179"}],"wp:term":[{"taxonomy":"category","embeddable":true,"href":"https:\/\/www.tomroc.com\/blog\/wp-json\/wp\/v2\/categories?post=275179"},{"taxonomy":"post_tag","embeddable":true,"href":"https:\/\/www.tomroc.com\/blog\/wp-json\/wp\/v2\/tags?post=275179"}],"curies":[{"name":"wp","href":"https:\/\/api.w.org\/{rel}","templated":true}]}}