{"id":278871,"date":"2023-10-14T09:51:15","date_gmt":"2023-10-14T08:51:15","guid":{"rendered":"https:\/\/www.tomroc.com\/blog\/?p=278871"},"modified":"2024-08-29T20:45:59","modified_gmt":"2024-08-29T19:45:59","slug":"le-pic-de-bure-2709-m-par-la-face-sud-est","status":"publish","type":"post","link":"https:\/\/www.tomroc.com\/blog\/2023\/10\/le-pic-de-bure-2709-m-par-la-face-sud-est\/","title":{"rendered":"Le pic de Bure (2709 m) par la face sud-est"},"content":{"rendered":"\n<p>Le cr\u00e9neau m\u00e9t\u00e9o est (presque) l\u00e0, et mon ami Fred peut se d\u00e9gager pour le week-end, alors nous prenons la route vendredi dans l&#8217;apr\u00e8s-midi. Objectif: lui faire d\u00e9couvrir le massif du Devoluy lors de deux jours de randonn\u00e9e vertige \/ alpinisme facile.<\/p>\n\n\n\n<p>J&#8217;ai s\u00e9lectionn\u00e9 quelques courses que je n&#8217;avais pas encore r\u00e9alis\u00e9 dans le secteur, et le programme du week-end sera :<\/p>\n\n\n\n<ul class=\"wp-block-list\">\n<li>samedi : Le pic de Bure (2709 m) par la face sud-est<\/li>\n\n\n\n<li><a href=\"https:\/\/www.tomroc.com\/blog\/2023\/10\/la-grande-tete-de-lobiou-par-la-voie-normale\/\" data-type=\"link\" data-id=\"https:\/\/www.tomroc.com\/blog\/2023\/10\/la-grande-tete-de-lobiou-par-la-voie-normale\/\">dimanche : Obiou, face nord ouest (PD+ 3b>3b III 1) => but, voie-normale<\/a><\/li>\n<\/ul>\n\n\n\n<h2 class=\"wp-block-heading\">Pic de Bure par la face sud-est<\/h2>\n\n\n\n<p>Il s&#8217;agit encore une fois d&#8217;une randonn\u00e9e en provenance de Pascal Sombardier, dont on peut trouver photos et topos ici :<\/p>\n\n\n\n<ul class=\"wp-block-list\">\n<li>Livre &#8220;Alpes randonn\u00e9es insolites et spectaculaires&#8221;, de Pascal Sombardier, page 96<\/li>\n\n\n\n<li><a href=\"https:\/\/www.pascal-sombardier.com\/2022\/11\/pic-de-bure-face-sud-est.html\" data-type=\"link\" data-id=\"https:\/\/www.pascal-sombardier.com\/2022\/11\/pic-de-bure-face-sud-est.html\">Sur le site web de Pascal Sombardier<\/a><\/li>\n<\/ul>\n\n\n\n<p><\/p>\n\n\n\n<p>Apr\u00e8s une nuit spartiate en tente au niveau du parking, un lev\u00e9 &#8220;grasse matin\u00e9e&#8221; \u00e0 7h30, nous prenons le d\u00e9part vers 9h apr\u00e8s avoir rang\u00e9 le camp. Le ciel est b\u00e2ch\u00e9, et nous savons qu&#8217;il devrait pleuvoir en d\u00e9but d&#8217;apr\u00e8s-midi.<\/p>\n\n\n\n<figure class=\"wp-block-image size-large\"><a  href=\"https:\/\/www.tomroc.com\/blog\/wp-content\/uploads\/20231014-0901-21.jpg\" data-rel=\"lightbox-gallery-0\" data-rl_title=\"20231014-1001-21.jpg\" data-rl_caption=\"\" title=\"20231014-1001-21.jpg\"><img loading=\"lazy\" decoding=\"async\" width=\"960\" height=\"720\" src=\"https:\/\/www.tomroc.com\/blog\/wp-content\/uploads\/20231014-0901-21-960x720.jpg\" alt=\"\" class=\"wp-image-278866\"\/><\/a><\/figure>\n\n\n\n<p>L&#8217;approche franchi quelques passages atypiques.<\/p>\n\n\n\n<figure class=\"wp-block-image size-large\"><a  href=\"https:\/\/www.tomroc.com\/blog\/wp-content\/uploads\/20231014-0943-29.jpg\" data-rel=\"lightbox-gallery-0\" data-rl_title=\"20231014-1043-29.jpg\" data-rl_caption=\"\" title=\"20231014-1043-29.jpg\"><img loading=\"lazy\" decoding=\"async\" width=\"960\" height=\"720\" src=\"https:\/\/www.tomroc.com\/blog\/wp-content\/uploads\/20231014-0943-29-960x720.jpg\" alt=\"\" class=\"wp-image-278867\"\/><\/a><\/figure>\n\n\n\n<p>Et nous arrivons proche de la source et au pied du pierrier qui donne bient\u00f4t acc\u00e8s \u00e0 la raide section rocheuse.<\/p>\n\n\n\n<figure class=\"wp-block-image size-large\"><a  href=\"https:\/\/www.tomroc.com\/blog\/wp-content\/uploads\/20231014-1001-08.jpg\" data-rel=\"lightbox-gallery-0\" data-rl_title=\"20231014-1101-08.jpg\" data-rl_caption=\"\" title=\"20231014-1101-08.jpg\"><img loading=\"lazy\" decoding=\"async\" width=\"960\" height=\"720\" src=\"https:\/\/www.tomroc.com\/blog\/wp-content\/uploads\/20231014-1001-08-960x720.jpg\" alt=\"\" class=\"wp-image-278868\"\/><\/a><\/figure>\n\n\n\n<figure class=\"wp-block-image size-large\"><a  href=\"https:\/\/www.tomroc.com\/blog\/wp-content\/uploads\/20231014-1012-24.jpg\" data-rel=\"lightbox-gallery-0\" data-rl_title=\"20231014-1112-24.jpg\" data-rl_caption=\"\" title=\"20231014-1112-24.jpg\"><img loading=\"lazy\" decoding=\"async\" width=\"960\" height=\"720\" src=\"https:\/\/www.tomroc.com\/blog\/wp-content\/uploads\/20231014-1012-24-960x720.jpg\" alt=\"\" class=\"wp-image-278869\"\/><\/a><\/figure>\n\n\n\n<p>Nous voil\u00e0 au pied, les casques sont maintenant sur la t\u00eate.<\/p>\n\n\n\n<figure class=\"wp-block-image size-large\"><a  href=\"https:\/\/www.tomroc.com\/blog\/wp-content\/uploads\/20231014-1019-49.jpg\" data-rel=\"lightbox-gallery-0\" data-rl_title=\"20231014-1119-49.jpg\" data-rl_caption=\"\" title=\"20231014-1119-49.jpg\"><img loading=\"lazy\" decoding=\"async\" width=\"960\" height=\"715\" src=\"https:\/\/www.tomroc.com\/blog\/wp-content\/uploads\/20231014-1019-49-960x715.jpg\" alt=\"\" class=\"wp-image-278921\"\/><\/a><\/figure>\n\n\n\n<p>Nous avons d\u00e9but\u00e9 l&#8217;ascension proprement dite, et progressons d\u00e9sormais prudemment, n&#8217;\u00e9tant \u00e9videmment pas encord\u00e9s, au sein de belles strates.<\/p>\n\n\n\n<figure class=\"wp-block-image size-large\"><a  href=\"https:\/\/www.tomroc.com\/blog\/wp-content\/uploads\/20231014-1024-55.jpg\" data-rel=\"lightbox-gallery-0\" data-rl_title=\"20231014-1124-55.jpg\" data-rl_caption=\"\" title=\"20231014-1124-55.jpg\"><img loading=\"lazy\" decoding=\"async\" width=\"960\" height=\"720\" src=\"https:\/\/www.tomroc.com\/blog\/wp-content\/uploads\/20231014-1024-55-960x720.jpg\" alt=\"\" class=\"wp-image-278872\"\/><\/a><\/figure>\n\n\n\n<p>En arri\u00e8re plan, le type de paysage pour lequel j&#8217;aime venir dans le massif du Devoluy !<\/p>\n\n\n\n<figure class=\"wp-block-image size-large\"><a  href=\"https:\/\/www.tomroc.com\/blog\/wp-content\/uploads\/20231014-1056-47.jpg\" data-rel=\"lightbox-gallery-0\" data-rl_title=\"20231014-1156-47.jpg\" data-rl_caption=\"\" title=\"20231014-1156-47.jpg\"><img loading=\"lazy\" decoding=\"async\" width=\"960\" height=\"708\" src=\"https:\/\/www.tomroc.com\/blog\/wp-content\/uploads\/20231014-1056-47-960x708.jpg\" alt=\"\" class=\"wp-image-278922\"\/><\/a><\/figure>\n\n\n\n<p>Fred, toujours en forme, qui ne transpirera pas de toute la course ; je ne pourrai pas en dire autant.<\/p>\n\n\n\n<figure class=\"wp-block-image size-large\"><a  href=\"https:\/\/www.tomroc.com\/blog\/wp-content\/uploads\/20231014-1110-17.jpg\" data-rel=\"lightbox-gallery-0\" data-rl_title=\"20231014-1210-17.jpg\" data-rl_caption=\"\" title=\"20231014-1210-17.jpg\"><img loading=\"lazy\" decoding=\"async\" width=\"960\" height=\"720\" src=\"https:\/\/www.tomroc.com\/blog\/wp-content\/uploads\/20231014-1110-17-960x720.jpg\" alt=\"\" class=\"wp-image-278873\"\/><\/a><\/figure>\n\n\n\n<p>La brume s&#8217;est maintenant install\u00e9e, et nous subissons m\u00eame une petite pluie. Il est devenu tr\u00e8s difficile de se rep\u00e9rer et nous sortons de l&#8217;itin\u00e9raire, maintenant s&#8217;est plus ou moins \u00e0 l&#8217;instinct. Bon manque de chance, celui de Fred et le mien n&#8217;indiquent pas la m\u00eame direction et l&#8217;on louvoie un peu.<\/p>\n\n\n\n<figure class=\"wp-block-image size-large\"><a  href=\"https:\/\/www.tomroc.com\/blog\/wp-content\/uploads\/20231014-1129-06.jpg\" data-rel=\"lightbox-gallery-0\" data-rl_title=\"20231014-1229-06.jpg\" data-rl_caption=\"\" title=\"20231014-1229-06.jpg\"><img loading=\"lazy\" decoding=\"async\" width=\"960\" height=\"720\" src=\"https:\/\/www.tomroc.com\/blog\/wp-content\/uploads\/20231014-1129-06-960x720.jpg\" alt=\"\" class=\"wp-image-278874\"\/><\/a><\/figure>\n\n\n\n<p>Nous allons de l&#8217;avant, au mieux, et parvenons  finalement \u00e0 sortir de la face et basculons sur le plateau. Et voici un aper\u00e7u de l&#8217;ambiance de notre couloir de sortie.<\/p>\n\n\n\n<figure class=\"wp-block-image size-large\"><a  href=\"https:\/\/www.tomroc.com\/blog\/wp-content\/uploads\/20231014-1323-33.jpg\" data-rel=\"lightbox-gallery-0\" data-rl_title=\"20231014-1423-33.jpg\" data-rl_caption=\"\" title=\"20231014-1423-33.jpg\"><img loading=\"lazy\" decoding=\"async\" width=\"960\" height=\"720\" src=\"https:\/\/www.tomroc.com\/blog\/wp-content\/uploads\/20231014-1323-33-960x720.jpg\" alt=\"\" class=\"wp-image-278877\"\/><\/a><\/figure>\n\n\n\n<p>Le sommet est atteint, et nous admirons la vue&#8230; Plut\u00f4t la prochaine fois alors.<\/p>\n\n\n\n<div class=\"wp-block-group is-nowrap is-layout-flex wp-container-core-group-is-layout-ad2f72ca wp-block-group-is-layout-flex\">\n<figure class=\"wp-block-image size-large\"><a  href=\"https:\/\/www.tomroc.com\/blog\/wp-content\/uploads\/20231014-1257-46.jpg\" data-rel=\"lightbox-gallery-0\" data-rl_title=\"20231014-1357-46.jpg\" data-rl_caption=\"\" title=\"20231014-1357-46.jpg\"><img loading=\"lazy\" decoding=\"async\" width=\"960\" height=\"720\" src=\"https:\/\/www.tomroc.com\/blog\/wp-content\/uploads\/20231014-1257-46-960x720.jpg\" alt=\"\" class=\"wp-image-278875\"\/><\/a><\/figure>\n\n\n\n<figure class=\"wp-block-image size-large\"><a  href=\"https:\/\/www.tomroc.com\/blog\/wp-content\/uploads\/20231014-1258-06.jpg\" data-rel=\"lightbox-gallery-0\" data-rl_title=\"20231014-1358-06.jpg\" data-rl_caption=\"\" title=\"20231014-1358-06.jpg\"><img loading=\"lazy\" decoding=\"async\" width=\"960\" height=\"720\" src=\"https:\/\/www.tomroc.com\/blog\/wp-content\/uploads\/20231014-1258-06-960x720.jpg\" alt=\"\" class=\"wp-image-278876\"\/><\/a><\/figure>\n<\/div>\n\n\n\n<p>Au loin, dans une trou\u00e9e dans le brouillard nous apercevons maintenant l&#8217;observatoire du Plateau de bure et d\u00e9cidons d&#8217;y aller. Au passage, cette \u00e9tonnante &#8220;route&#8221; de b\u00e9ton qui strie le paysage. Apr\u00e8s inspection approfondie, il s&#8217;agirait d&#8217;un syst\u00e8me de rails permettant de d\u00e9placer les antennes de l&#8217;observatoire !<\/p>\n\n\n\n<div class=\"wp-block-group is-nowrap is-layout-flex wp-container-core-group-is-layout-ad2f72ca wp-block-group-is-layout-flex\">\n<figure class=\"wp-block-image size-large\"><a  href=\"https:\/\/www.tomroc.com\/blog\/wp-content\/uploads\/20231014-1346-21.jpg\" data-rel=\"lightbox-gallery-0\" data-rl_title=\"20231014-1446-21.jpg\" data-rl_caption=\"\" title=\"20231014-1446-21.jpg\"><img loading=\"lazy\" decoding=\"async\" width=\"960\" height=\"720\" src=\"https:\/\/www.tomroc.com\/blog\/wp-content\/uploads\/20231014-1346-21-960x720.jpg\" alt=\"\" class=\"wp-image-278879\"\/><\/a><\/figure>\n\n\n\n<figure class=\"wp-block-image size-large\"><a  href=\"https:\/\/www.tomroc.com\/blog\/wp-content\/uploads\/20231014-1342-04.jpg\" data-rel=\"lightbox-gallery-0\" data-rl_title=\"20231014-1442-04.jpg\" data-rl_caption=\"\" title=\"20231014-1442-04.jpg\"><img loading=\"lazy\" decoding=\"async\" width=\"960\" height=\"720\" src=\"https:\/\/www.tomroc.com\/blog\/wp-content\/uploads\/20231014-1342-04-960x720.jpg\" alt=\"\" class=\"wp-image-278878\"\/><\/a><\/figure>\n<\/div>\n\n\n\n<p>Oui, ces belles antennes sont toutes sur &#8220;routes&#8221; et peuvent \u00eatre d\u00e9plac\u00e9es, ils ont m\u00eame pr\u00e9vu des voies perpendiculaires permettant les croisements ..<\/p>\n\n\n\n<figure class=\"wp-block-image size-large\"><a  href=\"https:\/\/www.tomroc.com\/blog\/wp-content\/uploads\/20231014-1353-13.jpg\" data-rel=\"lightbox-gallery-0\" data-rl_title=\"20231014-1453-13.jpg\" data-rl_caption=\"\" title=\"20231014-1453-13.jpg\"><img loading=\"lazy\" decoding=\"async\" width=\"960\" height=\"717\" src=\"https:\/\/www.tomroc.com\/blog\/wp-content\/uploads\/20231014-1353-13-960x717.jpg\" alt=\"\" class=\"wp-image-278880\"\/><\/a><\/figure>\n\n\n\n<p>Nous reprenons notre chemin par la voie normale.<\/p>\n\n\n\n<figure class=\"wp-block-image size-large\"><a  href=\"https:\/\/www.tomroc.com\/blog\/wp-content\/uploads\/20231014-1421-42.jpg\" data-rel=\"lightbox-gallery-0\" data-rl_title=\"20231014-1521-42.jpg\" data-rl_caption=\"\" title=\"20231014-1521-42.jpg\"><img loading=\"lazy\" decoding=\"async\" width=\"960\" height=\"720\" src=\"https:\/\/www.tomroc.com\/blog\/wp-content\/uploads\/20231014-1421-42-960x720.jpg\" alt=\"\" class=\"wp-image-278881\"\/><\/a><\/figure>\n\n\n\n<p><\/p>\n\n\n\n<figure class=\"wp-block-image size-large\"><a  href=\"https:\/\/www.tomroc.com\/blog\/wp-content\/uploads\/20231014-1429-41.jpg\" data-rel=\"lightbox-gallery-0\" data-rl_title=\"20231014-1529-41.jpg\" data-rl_caption=\"\" title=\"20231014-1529-41.jpg\"><img loading=\"lazy\" decoding=\"async\" width=\"960\" height=\"720\" src=\"https:\/\/www.tomroc.com\/blog\/wp-content\/uploads\/20231014-1429-41-960x720.jpg\" alt=\"\" class=\"wp-image-278882\"\/><\/a><\/figure>\n\n\n\n<figure class=\"wp-block-image size-large\"><a  href=\"https:\/\/www.tomroc.com\/blog\/wp-content\/uploads\/20231014-1442-28.jpg\" data-rel=\"lightbox-gallery-0\" data-rl_title=\"20231014-1542-28.jpg\" data-rl_caption=\"\" title=\"20231014-1542-28.jpg\"><img loading=\"lazy\" decoding=\"async\" width=\"960\" height=\"720\" src=\"https:\/\/www.tomroc.com\/blog\/wp-content\/uploads\/20231014-1442-28-960x720.jpg\" alt=\"\" class=\"wp-image-278883\"\/><\/a><\/figure>\n\n\n\n<figure class=\"wp-block-image size-large\"><a  href=\"https:\/\/www.tomroc.com\/blog\/wp-content\/uploads\/20231014-1449-03.jpg\" data-rel=\"lightbox-gallery-0\" data-rl_title=\"20231014-1549-03.jpg\" data-rl_caption=\"\" title=\"20231014-1549-03.jpg\"><img loading=\"lazy\" decoding=\"async\" width=\"960\" height=\"720\" src=\"https:\/\/www.tomroc.com\/blog\/wp-content\/uploads\/20231014-1449-03-960x720.jpg\" alt=\"\" class=\"wp-image-278884\"\/><\/a><\/figure>\n\n\n\n<figure class=\"wp-block-image size-large\"><a  href=\"https:\/\/www.tomroc.com\/blog\/wp-content\/uploads\/20231014-1452-31.jpg\" data-rel=\"lightbox-gallery-0\" data-rl_title=\"20231014-1552-31.jpg\" data-rl_caption=\"\" title=\"20231014-1552-31.jpg\"><img loading=\"lazy\" decoding=\"async\" width=\"960\" height=\"720\" src=\"https:\/\/www.tomroc.com\/blog\/wp-content\/uploads\/20231014-1452-31-960x720.jpg\" alt=\"\" class=\"wp-image-278885\"\/><\/a><\/figure>\n\n\n\n<p>Nous repassons au pied de la randonn\u00e9e <a href=\"https:\/\/www.tomroc.com\/blog\/2016\/08\/aretes-de-gerbier-tete-des-pras-arnaud-et-vire-de-la-savine\/\" data-type=\"link\" data-id=\"https:\/\/www.tomroc.com\/blog\/2016\/08\/aretes-de-gerbier-tete-des-pras-arnaud-et-vire-de-la-savine\/\">de la T\u00eate de Pras Arnaud par le pas de Paul<\/a>, que nous avions eu l&#8217;occasion de faire avec Sandrine, Cyril et Ivanka en 2016.<\/p>\n\n\n\n<figure class=\"wp-block-image size-large\"><a  href=\"https:\/\/www.tomroc.com\/blog\/wp-content\/uploads\/20231014-1504-18.jpg\" data-rel=\"lightbox-gallery-0\" data-rl_title=\"20231014-1604-18.jpg\" data-rl_caption=\"\" title=\"20231014-1604-18.jpg\"><img loading=\"lazy\" decoding=\"async\" width=\"960\" height=\"720\" src=\"https:\/\/www.tomroc.com\/blog\/wp-content\/uploads\/20231014-1504-18-960x720.jpg\" alt=\"\" class=\"wp-image-278886\"\/><\/a><\/figure>\n\n\n\n<p>Au final un peu de d\u00e9nivel\u00e9 pour se d\u00e9gourdir les jambes, de jolis paysages, mais la d\u00e9ception d&#8217;avoir \u00e9t\u00e9 pris dans le brouillard dans l&#8217;ascension proprement dite.<\/p>\n\n\n\n<p>Et nous prenons la route pour aller nous poser au pied de la randonn\u00e9e de demain, l&#8217;Obiou, face nord ouest (PD+ 3b&gt;3b III 1).<\/p>\n\n\n\n<h2 class=\"wp-block-heading\">Notre parcours<\/h2>\n\n\n\n<div class=\"wp-block-group is-layout-constrained wp-block-group-is-layout-constrained\">\n<ul class=\"wp-block-list\">\n<li>Distance (km) : 19<\/li>\n\n\n\n<li>D\u00e9nivel\u00e9 (m) : +-1400m<\/li>\n\n\n\n<li>Altitudes (m): mini 1230, maxi 2709<\/li>\n\n\n\n<li>Horaires : d\u00e9part 8h54, retour 16h40, dur\u00e9e avec pauses : 7h45<\/li>\n<\/ul>\n<\/div>\n\n\n\n\t\t<div id=\"maps-marker-pro-5443dce2\" class=\"maps-marker-pro\" style=\"width: 100%;\">\n\t\t\t<div id=\"mmp-map-wrap-5443dce2\" class=\"mmp-map-wrap\">\n\t\t\t\t\t\t\t\t<div id=\"mmp-map-5443dce2\" class=\"mmp-map\" style=\"height: 600px;\"><\/div>\n\t\t\t\t\t\t\t\t\t<div id=\"mmp-chart-wrap-5443dce2\" class=\"mmp-gpx-chart-wrap\" style=\"height: 200px;\"><\/div>\n\t\t\t\t\t\t\t<\/div>\n\t\t\t\t\t<\/div>\n\t\t\n","protected":false},"excerpt":{"rendered":"<p>Le cr\u00e9neau m\u00e9t\u00e9o est (presque) l\u00e0, et mon ami Fred peut se d\u00e9gager pour le week-end, alors nous prenons la route vendredi dans l&#8217;apr\u00e8s-midi. Objectif: lui faire d\u00e9couvrir le massif du Devoluy lors de deux jours de randonn\u00e9e vertige \/ alpinisme facile. J&#8217;ai s\u00e9lectionn\u00e9 quelques courses que je n&#8217;avais pas encore r\u00e9alis\u00e9 dans le secteur, [&hellip;]<\/p>\n","protected":false},"author":1,"featured_media":278872,"comment_status":"open","ping_status":"open","sticky":false,"template":"","format":"standard","meta":{"_et_pb_use_builder":"","_et_pb_old_content":"","_et_gb_content_width":"","footnotes":""},"categories":[53],"tags":[1255,777,2889,130,2894],"class_list":["post-278871","post","type-post","status-publish","format-standard","has-post-thumbnail","hentry","category-randonnee-trail","tag-1-jour","tag-frederic-v-t","tag-massif-du-devoluy","tag-randonnee-vertige","tag-topo-pascal-sombardier"],"_links":{"self":[{"href":"https:\/\/www.tomroc.com\/blog\/wp-json\/wp\/v2\/posts\/278871","targetHints":{"allow":["GET"]}}],"collection":[{"href":"https:\/\/www.tomroc.com\/blog\/wp-json\/wp\/v2\/posts"}],"about":[{"href":"https:\/\/www.tomroc.com\/blog\/wp-json\/wp\/v2\/types\/post"}],"author":[{"embeddable":true,"href":"https:\/\/www.tomroc.com\/blog\/wp-json\/wp\/v2\/users\/1"}],"replies":[{"embeddable":true,"href":"https:\/\/www.tomroc.com\/blog\/wp-json\/wp\/v2\/comments?post=278871"}],"version-history":[{"count":13,"href":"https:\/\/www.tomroc.com\/blog\/wp-json\/wp\/v2\/posts\/278871\/revisions"}],"predecessor-version":[{"id":279087,"href":"https:\/\/www.tomroc.com\/blog\/wp-json\/wp\/v2\/posts\/278871\/revisions\/279087"}],"wp:featuredmedia":[{"embeddable":true,"href":"https:\/\/www.tomroc.com\/blog\/wp-json\/wp\/v2\/media\/278872"}],"wp:attachment":[{"href":"https:\/\/www.tomroc.com\/blog\/wp-json\/wp\/v2\/media?parent=278871"}],"wp:term":[{"taxonomy":"category","embeddable":true,"href":"https:\/\/www.tomroc.com\/blog\/wp-json\/wp\/v2\/categories?post=278871"},{"taxonomy":"post_tag","embeddable":true,"href":"https:\/\/www.tomroc.com\/blog\/wp-json\/wp\/v2\/tags?post=278871"}],"curies":[{"name":"wp","href":"https:\/\/api.w.org\/{rel}","templated":true}]}}