{"id":278901,"date":"2023-10-15T09:59:31","date_gmt":"2023-10-15T08:59:31","guid":{"rendered":"https:\/\/www.tomroc.com\/blog\/?p=278901"},"modified":"2023-10-20T08:16:51","modified_gmt":"2023-10-20T07:16:51","slug":"la-grande-tete-de-lobiou-par-la-voie-normale","status":"publish","type":"post","link":"https:\/\/www.tomroc.com\/blog\/2023\/10\/la-grande-tete-de-lobiou-par-la-voie-normale\/","title":{"rendered":"La grande t\u00eate de l&#8217;Obiou, par la voie normale"},"content":{"rendered":"\n<p>Pour cette seconde journ\u00e9e du week-end en Devoluy, nous devons nous attaquer \u00e0 une voie de randonn\u00e9e vertige \/ alpinisme pas difficile :<\/p>\n\n\n\n<ul class=\"wp-block-list\">\n<li><a href=\"https:\/\/www.camptocamp.org\/routes\/57545\/fr\/obiou-face-nw-parcours-estival-\" data-type=\"link\" data-id=\"https:\/\/www.camptocamp.org\/routes\/57545\/fr\/obiou-face-nw-parcours-estival-\">Obiou, face nord ouest (PD+ 3b&gt;3b III 1)<\/a><\/li>\n<\/ul>\n\n\n\n<p>Puisque nous devons prendre le retour pour Paris, 6h30 de route pour moi et plus de 7h30 pour Fred, il ne faudra pas trop trainer aujourd&#8217;hui. Lev\u00e9 6h, petit-d\u00e9jeuner, rangement de tentes, et nous voil\u00e0 partis \u00e0 7h30. Je suis d\u00e9j\u00e0 venu il y a un an et connais le chemin au d\u00e9part, alors c&#8217;est de nuit et dans le brouillard que nous progressons, mais sans souci.<\/p>\n\n\n\n<figure class=\"wp-block-image size-large\"><a  href=\"https:\/\/www.tomroc.com\/blog\/wp-content\/uploads\/20231015-0703-32.jpg\" data-rel=\"lightbox-gallery-0\" data-rl_title=\"20231015-0803-32.jpg\" data-rl_caption=\"\" title=\"20231015-0803-32.jpg\"><img loading=\"lazy\" decoding=\"async\" width=\"960\" height=\"720\" src=\"https:\/\/www.tomroc.com\/blog\/wp-content\/uploads\/20231015-0703-32-960x720.jpg\" alt=\"\" class=\"wp-image-278887\"\/><\/a><\/figure>\n\n\n\n<p>Le Petit Obiou appara\u00eet d\u00e9sormais devant nous et le brouillard se l\u00e8ve \u00e0 mesure que nous prenons de l&#8217;altitude.<\/p>\n\n\n\n<figure class=\"wp-block-image size-large\"><a  href=\"https:\/\/www.tomroc.com\/blog\/wp-content\/uploads\/20231015-0717-20.jpg\" data-rel=\"lightbox-gallery-0\" data-rl_title=\"20231015-0817-20.jpg\" data-rl_caption=\"\" title=\"20231015-0817-20.jpg\"><img loading=\"lazy\" decoding=\"async\" width=\"960\" height=\"720\" src=\"https:\/\/www.tomroc.com\/blog\/wp-content\/uploads\/20231015-0717-20-960x720.jpg\" alt=\"\" class=\"wp-image-278888\"\/><\/a><\/figure>\n\n\n\n<p>Et voil\u00e0 les deux beaut\u00e9s d\u00e9sormais totalement d\u00e9gag\u00e9es devant nous : petit et grand Obiou.<\/p>\n\n\n\n<figure class=\"wp-block-image size-large\"><a  href=\"https:\/\/www.tomroc.com\/blog\/wp-content\/uploads\/20231015-0723-51.jpg\" data-rel=\"lightbox-gallery-0\" data-rl_title=\"20231015-0823-51.jpg\" data-rl_caption=\"\" title=\"20231015-0823-51.jpg\"><img loading=\"lazy\" decoding=\"async\" width=\"960\" height=\"718\" src=\"https:\/\/www.tomroc.com\/blog\/wp-content\/uploads\/20231015-0723-51-960x718.jpg\" alt=\"\" class=\"wp-image-278889\"\/><\/a><\/figure>\n\n\n\n<p>Je connais le coin, je nous am\u00e8ne rapidement au pied de la suite du parcours qui est plus grimpante, la face du Petit Obiou. Mais cela ne colle pas avec le topo, on ne s&#8217;y retrouve pas avec le descriptif et on ne voit pas o\u00f9 cela passe&#8230;<\/p>\n\n\n\n<figure class=\"wp-block-image size-large\"><a  href=\"https:\/\/www.tomroc.com\/blog\/wp-content\/uploads\/20231015-0735-33.jpg\" data-rel=\"lightbox-gallery-0\" data-rl_title=\"20231015-0835-33.jpg\" data-rl_caption=\"\" title=\"20231015-0835-33.jpg\"><img loading=\"lazy\" decoding=\"async\" width=\"960\" height=\"720\" src=\"https:\/\/www.tomroc.com\/blog\/wp-content\/uploads\/20231015-0735-33-960x720.jpg\" alt=\"\" class=\"wp-image-278890\"\/><\/a><\/figure>\n\n\n\n<p>Et l&#8217;\u00e9vidence nous appara\u00eet: depuis le d\u00e9but j&#8217;ai cru que la voie \u00e9tait au petit Obiou, et non au grand Obiou. Je ne sais pourquoi ! Du coup nous basculons sur les pentes en face et partons \u00e0 la recherche du bon itin\u00e9raire.<\/p>\n\n\n\n<figure class=\"wp-block-image size-large\"><a  href=\"https:\/\/www.tomroc.com\/blog\/wp-content\/uploads\/20231015-0758-21.jpg\" data-rel=\"lightbox-gallery-0\" data-rl_title=\"20231015-0858-21.jpg\" data-rl_caption=\"\" title=\"20231015-0858-21.jpg\"><img loading=\"lazy\" decoding=\"async\" width=\"960\" height=\"720\" src=\"https:\/\/www.tomroc.com\/blog\/wp-content\/uploads\/20231015-0758-21-960x720.jpg\" alt=\"\" class=\"wp-image-278891\"\/><\/a><\/figure>\n\n\n\n<p>Nous cherchons, tergiversons, et comme nous avons la pression d&#8217;un retour rapide sur Paris et avons d\u00e9j\u00e0 perdus beaucoup de temps, nous d\u00e9cidons d&#8217;abandonner le plan initial et assurer le coup en nous rabattant sur la voie normale. Petite d\u00e9ception en ce qui me concerne mais c&#8217;\u00e9tait probablement plus prudent ainsi.<\/p>\n\n\n\n<p>Du coup, la suite va d\u00e9rouler, nous attaquons le passage expos\u00e9 seuls, les cord\u00e9es suivantes \u00e9tant loin de nous.<\/p>\n\n\n\n<figure class=\"wp-block-image size-large\"><a  href=\"https:\/\/www.tomroc.com\/blog\/wp-content\/uploads\/20231015-0839-38.jpg\" data-rel=\"lightbox-gallery-0\" data-rl_title=\"20231015-0939-38.jpg\" data-rl_caption=\"\" title=\"20231015-0939-38.jpg\"><img loading=\"lazy\" decoding=\"async\" width=\"960\" height=\"720\" src=\"https:\/\/www.tomroc.com\/blog\/wp-content\/uploads\/20231015-0839-38-960x720.jpg\" alt=\"\" class=\"wp-image-278892\"\/><\/a><\/figure>\n\n\n\n<p>La mer de nuage teinte le paysage mais \u00e9pargne les int\u00e9rieurs min\u00e9raux entre sommets.<\/p>\n\n\n\n<figure class=\"wp-block-image size-large\"><a  href=\"https:\/\/www.tomroc.com\/blog\/wp-content\/uploads\/20231015-0912-59.jpg\" data-rel=\"lightbox-gallery-0\" data-rl_title=\"20231015-1012-59.jpg\" data-rl_caption=\"\" title=\"20231015-1012-59.jpg\"><img loading=\"lazy\" decoding=\"async\" width=\"960\" height=\"720\" src=\"https:\/\/www.tomroc.com\/blog\/wp-content\/uploads\/20231015-0912-59-960x720.jpg\" alt=\"\" class=\"wp-image-278893\"\/><\/a><\/figure>\n\n\n\n<p>Et nous voil\u00e0 au sommet vers 10h40, en 3h15 environ errements compris.<\/p>\n\n\n\n<figure class=\"wp-block-image size-large\"><a  href=\"https:\/\/www.tomroc.com\/blog\/wp-content\/uploads\/20231015-0940-48.jpg\" data-rel=\"lightbox-gallery-0\" data-rl_title=\"20231015-1040-48.jpg\" data-rl_caption=\"\" title=\"20231015-1040-48.jpg\"><img loading=\"lazy\" decoding=\"async\" width=\"960\" height=\"720\" src=\"https:\/\/www.tomroc.com\/blog\/wp-content\/uploads\/20231015-0940-48-960x720.jpg\" alt=\"\" class=\"wp-image-278894\"\/><\/a><\/figure>\n\n\n\n<p>A la descente, le Petit Obiou qui d\u00e9passe de la mer de nuage. Un large groupe emmen\u00e9 par un guide sort du couloir de la voie normale.<\/p>\n\n\n\n<figure class=\"wp-block-image size-large\"><a  href=\"https:\/\/www.tomroc.com\/blog\/wp-content\/uploads\/20231015-1037-03.jpg\" data-rel=\"lightbox-gallery-0\" data-rl_title=\"20231015-1137-03.jpg\" data-rl_caption=\"\" title=\"20231015-1137-03.jpg\"><img loading=\"lazy\" decoding=\"async\" width=\"960\" height=\"720\" src=\"https:\/\/www.tomroc.com\/blog\/wp-content\/uploads\/20231015-1037-03-960x720.jpg\" alt=\"\" class=\"wp-image-278895\"\/><\/a><\/figure>\n\n\n\n<p>A la descente, et pour une prochaine fois peut-\u00eatre, nous rep\u00e9rons finalement l&#8217;itin\u00e9raire que nous aurions d\u00fb prendre pour notre intention initiale dans la face nord ouest de l&#8217;Obiou : il faut passer dans la petite rampe \u00e0 la lisi\u00e8re de l&#8217;ombre en bas \u00e0 droite pour basculer sur la zone herbeuse.<\/p>\n\n\n\n<figure class=\"wp-block-image size-large\"><a  href=\"https:\/\/www.tomroc.com\/blog\/wp-content\/uploads\/20231015-1137-36.jpg\" data-rel=\"lightbox-gallery-0\" data-rl_title=\"20231015-1237-36.jpg\" data-rl_caption=\"\" title=\"20231015-1237-36.jpg\"><img loading=\"lazy\" decoding=\"async\" width=\"960\" height=\"720\" src=\"https:\/\/www.tomroc.com\/blog\/wp-content\/uploads\/20231015-1137-36-960x720.jpg\" alt=\"\" class=\"wp-image-278896\"\/><\/a><\/figure>\n\n\n\n<figure class=\"wp-block-image size-large\"><a  href=\"https:\/\/www.tomroc.com\/blog\/wp-content\/uploads\/20231015-1146-39.jpg\" data-rel=\"lightbox-gallery-0\" data-rl_title=\"20231015-1246-39.jpg\" data-rl_caption=\"\" title=\"20231015-1246-39.jpg\"><img loading=\"lazy\" decoding=\"async\" width=\"960\" height=\"720\" src=\"https:\/\/www.tomroc.com\/blog\/wp-content\/uploads\/20231015-1146-39-960x720.jpg\" alt=\"\" class=\"wp-image-278897\"\/><\/a><\/figure>\n\n\n\n<p>Je suis toujours fan de cette vue sur les deux sommets et le couloir qui les s\u00e9pare !<\/p>\n\n\n\n<figure class=\"wp-block-image size-large\"><a  href=\"https:\/\/www.tomroc.com\/blog\/wp-content\/uploads\/20231015-1149-10.jpg\" data-rel=\"lightbox-gallery-0\" data-rl_title=\"20231015-1249-10.jpg\" data-rl_caption=\"\" title=\"20231015-1249-10.jpg\"><img loading=\"lazy\" decoding=\"async\" width=\"960\" height=\"720\" src=\"https:\/\/www.tomroc.com\/blog\/wp-content\/uploads\/20231015-1149-10-960x720.jpg\" alt=\"\" class=\"wp-image-278898\"\/><\/a><\/figure>\n\n\n\n<p>Et nous rentrons au parking vers 13h30, pour reprendre rapidement la route vers Paris.<\/p>\n\n\n\n<figure class=\"wp-block-image size-large\"><a  href=\"https:\/\/www.tomroc.com\/blog\/wp-content\/uploads\/20231015-1208-14.jpg\" data-rel=\"lightbox-gallery-0\" data-rl_title=\"20231015-1308-14.jpg\" data-rl_caption=\"\" title=\"20231015-1308-14.jpg\"><img loading=\"lazy\" decoding=\"async\" width=\"960\" height=\"720\" src=\"https:\/\/www.tomroc.com\/blog\/wp-content\/uploads\/20231015-1208-14-960x720.jpg\" alt=\"\" class=\"wp-image-278899\"\/><\/a><\/figure>\n\n\n\n<p>Cette seconde journ\u00e9e s&#8217;av\u00e9rera plus int\u00e9ressante que celle de la veille au <a href=\"https:\/\/www.tomroc.com\/blog\/2023\/10\/le-pic-de-bure-2709-m-par-la-face-sud-est\/\" data-type=\"link\" data-id=\"https:\/\/www.tomroc.com\/blog\/2023\/10\/le-pic-de-bure-2709-m-par-la-face-sud-est\/\">pic de Bure (2709 m) par la face sud-est<\/a>, en ayant pu admirer ces paysages si beaux. <\/p>\n\n\n\n<p>Merci \u00e0 Fred pour ce week-end en sa compagnie, de s&#8217;en \u00eatre tenu \u00e0 de la randonn\u00e9e et avoir accept\u00e9 de NE PAS grimper l&#8217;une des quelconques parois des alentours :)<\/p>\n\n\n\n<h2 class=\"wp-block-heading\">Notre parcours<\/h2>\n\n\n\n<ul class=\"wp-block-list\">\n<li>Distance (km) : 11<\/li>\n\n\n\n<li>D\u00e9nivel\u00e9 (m) : +-1240<\/li>\n\n\n\n<li>Altitudes (m): mini 1550, maxi 2789<\/li>\n\n\n\n<li>Horaires : d\u00e9part 7h26, retour 13h26, dur\u00e9e avec pause : 6h<\/li>\n<\/ul>\n\n\n\n\t\t<div id=\"maps-marker-pro-b224b0e6\" class=\"maps-marker-pro\" style=\"width: 100%;\">\n\t\t\t<div id=\"mmp-map-wrap-b224b0e6\" class=\"mmp-map-wrap\">\n\t\t\t\t\t\t\t\t<div id=\"mmp-map-b224b0e6\" class=\"mmp-map\" style=\"height: 600px;\"><\/div>\n\t\t\t\t\t\t\t\t\t<div id=\"mmp-chart-wrap-b224b0e6\" class=\"mmp-gpx-chart-wrap\" style=\"height: 200px;\"><\/div>\n\t\t\t\t\t\t\t<\/div>\n\t\t\t\t\t<\/div>\n\t\t\n","protected":false},"excerpt":{"rendered":"<p>Pour cette seconde journ\u00e9e du week-end en Devoluy, nous devons nous attaquer \u00e0 une voie de randonn\u00e9e vertige \/ alpinisme pas difficile : Puisque nous devons prendre le retour pour Paris, 6h30 de route pour moi et plus de 7h30 pour Fred, il ne faudra pas trop trainer aujourd&#8217;hui. Lev\u00e9 6h, petit-d\u00e9jeuner, rangement de tentes, [&hellip;]<\/p>\n","protected":false},"author":1,"featured_media":278898,"comment_status":"open","ping_status":"open","sticky":false,"template":"","format":"standard","meta":{"_et_pb_use_builder":"","_et_pb_old_content":"","_et_gb_content_width":"","footnotes":""},"categories":[53],"tags":[1255,777,2889,54],"class_list":["post-278901","post","type-post","status-publish","format-standard","has-post-thumbnail","hentry","category-randonnee-trail","tag-1-jour","tag-frederic-v-t","tag-massif-du-devoluy","tag-randonnee-2"],"_links":{"self":[{"href":"https:\/\/www.tomroc.com\/blog\/wp-json\/wp\/v2\/posts\/278901","targetHints":{"allow":["GET"]}}],"collection":[{"href":"https:\/\/www.tomroc.com\/blog\/wp-json\/wp\/v2\/posts"}],"about":[{"href":"https:\/\/www.tomroc.com\/blog\/wp-json\/wp\/v2\/types\/post"}],"author":[{"embeddable":true,"href":"https:\/\/www.tomroc.com\/blog\/wp-json\/wp\/v2\/users\/1"}],"replies":[{"embeddable":true,"href":"https:\/\/www.tomroc.com\/blog\/wp-json\/wp\/v2\/comments?post=278901"}],"version-history":[{"count":10,"href":"https:\/\/www.tomroc.com\/blog\/wp-json\/wp\/v2\/posts\/278901\/revisions"}],"predecessor-version":[{"id":278937,"href":"https:\/\/www.tomroc.com\/blog\/wp-json\/wp\/v2\/posts\/278901\/revisions\/278937"}],"wp:featuredmedia":[{"embeddable":true,"href":"https:\/\/www.tomroc.com\/blog\/wp-json\/wp\/v2\/media\/278898"}],"wp:attachment":[{"href":"https:\/\/www.tomroc.com\/blog\/wp-json\/wp\/v2\/media?parent=278901"}],"wp:term":[{"taxonomy":"category","embeddable":true,"href":"https:\/\/www.tomroc.com\/blog\/wp-json\/wp\/v2\/categories?post=278901"},{"taxonomy":"post_tag","embeddable":true,"href":"https:\/\/www.tomroc.com\/blog\/wp-json\/wp\/v2\/tags?post=278901"}],"curies":[{"name":"wp","href":"https:\/\/api.w.org\/{rel}","templated":true}]}}