{"id":279641,"date":"2026-08-02T17:16:01","date_gmt":"2026-08-02T16:16:01","guid":{"rendered":"https:\/\/www.tomroc.com\/blog\/?p=279641"},"modified":"2026-08-30T21:07:36","modified_gmt":"2026-08-30T20:07:36","slug":"rappel-et-cretes-au-fond-durle","status":"publish","type":"post","link":"https:\/\/www.tomroc.com\/blog\/2026\/08\/rappel-et-cretes-au-fond-durle\/","title":{"rendered":"Rappel et cr\u00eates au Fond d&#8217;Urle"},"content":{"rendered":"\n<p class=\"wp-block-paragraph\">Cette sortie s&#8217;inscrit dans le cadre d&#8217;un s\u00e9jour de 5 journ\u00e9es organis\u00e9 avec le Club Alpin Fran\u00e7ais, qui avait comme objectif de r\u00e9aliser des randonn\u00e9e du vertige et initier les participants \u00e0 des techniques d&#8217;alpinisme  :<\/p>\n\n\n\n<ul class=\"wp-block-list\">\n<li><a href=\"https:\/\/www.tomroc.com\/blog\/2026\/08\/rappel-et-cretes-au-fond-durle\/\" data-type=\"post\" data-id=\"279641\"><strong>Rappel et cr\u00eates au Fond d&#8217;Urle<\/strong><\/a><\/li>\n\n\n\n<li><a href=\"https:\/\/www.tomroc.com\/blog\/2026\/08\/la-vire-du-grand-veymont\/\" data-type=\"post\" data-id=\"279643\">La vire du Grand Veymont<\/a><\/li>\n\n\n\n<li><a href=\"https:\/\/www.tomroc.com\/blog\/2026\/08\/la-vire-des-sultanes-et-du-grand-couloir-au-gerbier\/\" data-type=\"post\" data-id=\"279646\">La vire des Sultanes et du Grand couloir au Gerbier<\/a><\/li>\n\n\n\n<li><a href=\"https:\/\/www.tomroc.com\/blog\/2026\/08\/cretes-des-rochers-du-bournillon-et-moulin-marquis-au-sec\/\" data-type=\"post\" data-id=\"279651\">Cr\u00eates des Rochers du Bournillon et Moulin Marquis au sec<\/a><\/li>\n\n\n\n<li><a href=\"https:\/\/www.tomroc.com\/blog\/2026\/08\/le-parcours-honegger-aux-trois-pucelles\/\">Le Parcours Honegger aux Trois Pucelles<\/a><\/li>\n<\/ul>\n\n\n\n<p class=\"wp-block-paragraph\">J&#8217;avais pr\u00e9vu de prendre deux participants, mais peu de temps avant le d\u00e9part nous apprenons qu&#8217;une participante s&#8217;est bless\u00e9e, et il reste trop peu de temps pour que les personnes en fil d&#8217;attente puissent finalement venir. Du coup, nous serons deux, Octave et moi.<\/p>\n\n\n\n<p class=\"wp-block-paragraph\">La veille j&#8217;ai r\u00e9cup\u00e9r\u00e9 Octave \u00e0 la gare de Grenoble et nous sommes all\u00e9s nous poser au camping de <\/p>\n\n\n\n<p class=\"wp-block-paragraph\">Pour cette premi\u00e8re journ\u00e9e, je choisis une petite mise en jambe au plateau du Fond d&#8217;Urle, dont je garde le souvenir de magnifiques paysages atypiques. Ce sera l&#8217;occasion de faire un long et beau rappel, pratiquer quelques vires, et tester l&#8217;aisance et rapidit\u00e9 de mon participant avant d&#8217;aller dans des choses plus engag\u00e9es. Je m&#8217;appuie, comme souvent ces derniers temps, sur les belles cr\u00e9ations et topos de Pascal Bombardier, et ce sont deux de ses topos que je compte faire aujourd&#8217;hui:<\/p>\n\n\n\n<ul class=\"wp-block-list\">\n<li><a href=\"https:\/\/www.pascal-sombardier.com\/2018\/05\/font-d-urle-l-arche-double.html\">L&#8217;arche double<\/a><\/li>\n\n\n\n<li><a href=\"https:\/\/www.pascal-sombardier.com\/2023\/07\/font-d-urle-l-integrale-des-cretes.html\">L&#8217;int\u00e9grale des cr\u00eates<\/a><\/li>\n<\/ul>\n\n\n\n<p class=\"wp-block-paragraph\">L&#8217;id\u00e9e s&#8217;est de faire toutes les &#8220;options&#8221; en parall\u00e8le des cr\u00eates, le rappel, et une remont\u00e9e par le Pas du Follet. Bref, probablement une longue journ\u00e9e en perspective.<\/p>\n\n\n\n<p class=\"wp-block-paragraph\">Nous d\u00e9butons par une marche sur le plateau, nous allons  directement rejoindre les points de vue du sud de l&#8217;itin\u00e9raire. Apr\u00e8s quelques h\u00e9sitations, nous trouvons finalement l&#8217;entr\u00e9e de la portion optionnelle num\u00e9ro 2 et allons trouver et rejoindre l&#8217;arche multiple de la Gag\u00e8re.<\/p>\n\n\n\n<figure class=\"wp-block-image size-large\"><a  href=\"https:\/\/www.tomroc.com\/blog\/wp-content\/uploads\/20260802-1122-68.jpg\" data-rel=\"lightbox-gallery-0\" data-rl_title=\"20260802-1122-68.jpg\" data-rl_caption=\"\" title=\"20260802-1122-68.jpg\"><img loading=\"lazy\" decoding=\"async\" width=\"960\" height=\"720\" src=\"https:\/\/www.tomroc.com\/blog\/wp-content\/uploads\/20260802-1122-68-960x720.jpg\" alt=\"\" class=\"wp-image-279671\"\/><\/a><\/figure>\n\n\n\n<p class=\"wp-block-paragraph\">Nous enchainons avec l&#8217;option 3 et descendrons droit vers la pointe des rochers de Peteloup, et profitons d&#8217;une zone d&#8217;ombre pour casser la croute.<\/p>\n\n\n\n<figure class=\"wp-block-image size-large\"><a  href=\"https:\/\/www.tomroc.com\/blog\/wp-content\/uploads\/20260802-1149-102.jpg\" data-rel=\"lightbox-gallery-0\" data-rl_title=\"20260802-1149-102.jpg\" data-rl_caption=\"\" title=\"20260802-1149-102.jpg\"><img loading=\"lazy\" decoding=\"async\" width=\"960\" height=\"720\" src=\"https:\/\/www.tomroc.com\/blog\/wp-content\/uploads\/20260802-1149-102-960x720.jpg\" alt=\"\" class=\"wp-image-279672\"\/><\/a><\/figure>\n\n\n\n<p class=\"wp-block-paragraph\">Nous prenons la route, longeant les cr\u00eates pour aller au dessus du pas du Follet puis rejoindre les rappels.<\/p>\n\n\n\n<figure class=\"wp-block-image size-large\"><a  href=\"https:\/\/www.tomroc.com\/blog\/wp-content\/uploads\/20260802-1225-121.jpg\" data-rel=\"lightbox-gallery-0\" data-rl_title=\"20260802-1225-121.jpg\" data-rl_caption=\"\" title=\"20260802-1225-121.jpg\"><img loading=\"lazy\" decoding=\"async\" width=\"960\" height=\"720\" src=\"https:\/\/www.tomroc.com\/blog\/wp-content\/uploads\/20260802-1225-121-960x720.jpg\" alt=\"\" class=\"wp-image-279673\"\/><\/a><\/figure>\n\n\n\n<p class=\"wp-block-paragraph\">Derri\u00e8re nous, la partie est d&#8217;o\u00f9 nous venons, et le grand promontoire de P\u00eateloup. <\/p>\n\n\n\n<figure class=\"wp-block-image size-large\"><a  href=\"https:\/\/www.tomroc.com\/blog\/wp-content\/uploads\/20260802-1236-142.jpg\" data-rel=\"lightbox-gallery-0\" data-rl_title=\"20260802-1236-142.jpg\" data-rl_caption=\"\" title=\"20260802-1236-142.jpg\"><img loading=\"lazy\" decoding=\"async\" width=\"960\" height=\"720\" src=\"https:\/\/www.tomroc.com\/blog\/wp-content\/uploads\/20260802-1236-142-960x720.jpg\" alt=\"\" class=\"wp-image-279674\"\/><\/a><\/figure>\n\n\n\n<p class=\"wp-block-paragraph\">Nous voil\u00e0 arriv\u00e9s au sommet des rappels. Comme je m&#8217;y attendais, le premier relai est d\u00e9mont\u00e9 et il n&#8217;y a l\u00e0 que les vis. Mais j&#8217;ai amen\u00e9 boulons, plaquettes et clef pour installer le relai et descendre en toute s\u00e9curit\u00e9 sur le relai de rappel. Je me lance, et c&#8217;est l&#8217;occasion de d\u00e9couvrir en conditions r\u00e9elles mon nouveau baudrier ultral\u00e9ger Petzl Whisper. Son confort est \u00e0 la hauteur de sa l\u00e9g\u00e8ret\u00e9 et compacit\u00e9&#8230;<\/p>\n\n\n\n<figure class=\"wp-block-image size-large\"><a  href=\"https:\/\/www.tomroc.com\/blog\/wp-content\/uploads\/20260802-1506-233.jpg\" data-rel=\"lightbox-gallery-0\" data-rl_title=\"20260802-1506-233.jpg\" data-rl_caption=\"\" title=\"20260802-1506-233.jpg\"><img loading=\"lazy\" decoding=\"async\" width=\"960\" height=\"720\" src=\"https:\/\/www.tomroc.com\/blog\/wp-content\/uploads\/20260802-1506-233-960x720.jpg\" alt=\"\" class=\"wp-image-279681\"\/><\/a><\/figure>\n\n\n\n<p class=\"wp-block-paragraph\">C&#8217;est le premier rappel d&#8217;Octave, mais nous avons maintes fois r\u00e9p\u00e9t\u00e9 et il prend son temps avant de se lancer mais tout se passe bien. D\u00e9marrer par 50 m\u00e8tres dans le vide, pas de doute c&#8217;est impressionant.<\/p>\n\n\n\n<figure class=\"wp-block-image size-large\"><a  href=\"https:\/\/www.tomroc.com\/blog\/wp-content\/uploads\/20260802-1335-176.jpg\" data-rel=\"lightbox-gallery-0\" data-rl_title=\"20260802-1335-176.jpg\" data-rl_caption=\"\" title=\"20260802-1335-176.jpg\"><img loading=\"lazy\" decoding=\"async\" width=\"960\" height=\"720\" src=\"https:\/\/www.tomroc.com\/blog\/wp-content\/uploads\/20260802-1335-176-960x720.jpg\" alt=\"\" class=\"wp-image-279675\"\/><\/a><\/figure>\n\n\n\n<p class=\"wp-block-paragraph\">Nous enchainons au total 4 rappels, passons beaucoup de temps sur la paroi, et consommons beaucoup d&#8217;eau car le soleil tape fort &#8211; c&#8217;est la p\u00e9riode de canicule en France \u00e0 ce moment l\u00e0, et la paroi de pierre restitue beaucoup de chaleur elle aussi. <\/p>\n\n\n\n<p class=\"wp-block-paragraph\">Tout s&#8217;est pass\u00e9 sans encombre, Octave finit son dernier rappel, nous remballons les cordes et prenons la direction du col de Follet.<\/p>\n\n\n\n<figure class=\"wp-block-image size-large\"><a  href=\"https:\/\/www.tomroc.com\/blog\/wp-content\/uploads\/20260802-1404-195.jpg\" data-rel=\"lightbox-gallery-0\" data-rl_title=\"20260802-1404-195.jpg\" data-rl_caption=\"\" title=\"20260802-1404-195.jpg\"><img loading=\"lazy\" decoding=\"async\" width=\"960\" height=\"720\" src=\"https:\/\/www.tomroc.com\/blog\/wp-content\/uploads\/20260802-1404-195-960x720.jpg\" alt=\"\" class=\"wp-image-279677\"\/><\/a><\/figure>\n\n\n\n<p class=\"wp-block-paragraph\">Sur la fin, rien de bien compliqu\u00e9, n\u00e9anmoins des cordes fixes en place facilitent la sortie du pas pour les moins aguerris.<\/p>\n\n\n\n<figure class=\"wp-block-image size-large\"><a  href=\"https:\/\/www.tomroc.com\/blog\/wp-content\/uploads\/20260802-1452-212.jpg\" data-rel=\"lightbox-gallery-0\" data-rl_title=\"20260802-1452-212.jpg\" data-rl_caption=\"\" title=\"20260802-1452-212.jpg\"><img loading=\"lazy\" decoding=\"async\" width=\"960\" height=\"720\" src=\"https:\/\/www.tomroc.com\/blog\/wp-content\/uploads\/20260802-1452-212-960x720.jpg\" alt=\"\" class=\"wp-image-279678\"\/><\/a><\/figure>\n\n\n\n<p class=\"wp-block-paragraph\">Nous reprenons notre route sous les cr\u00eates via la petite vire du Follet. Nous basculons \u00e0 nouveau sur la cr\u00eate \u00e0 sa sortie.<\/p>\n\n\n\n<figure class=\"wp-block-image size-large\"><a  href=\"https:\/\/www.tomroc.com\/blog\/wp-content\/uploads\/20260802-1459-222.jpg\" data-rel=\"lightbox-gallery-0\" data-rl_title=\"20260802-1459-222.jpg\" data-rl_caption=\"\" title=\"20260802-1459-222.jpg\"><img loading=\"lazy\" decoding=\"async\" width=\"960\" height=\"720\" src=\"https:\/\/www.tomroc.com\/blog\/wp-content\/uploads\/20260802-1459-222-960x720.jpg\" alt=\"\" class=\"wp-image-279679\"\/><\/a><\/figure>\n\n\n\n<p class=\"wp-block-paragraph\">Nous repassons au sommet du rappel de l&#8217;arche double, je d\u00e9monte les plaquettes que j&#8217;avais install\u00e9 pour s\u00e9curis\u00e9 la descente, et nous poursuivons en direction de la vire du chien.<\/p>\n\n\n\n<figure class=\"wp-block-image size-large\"><a  href=\"https:\/\/www.tomroc.com\/blog\/wp-content\/uploads\/20260802-1505-225.jpg\" data-rel=\"lightbox-gallery-0\" data-rl_title=\"20260802-1505-225.jpg\" data-rl_caption=\"\" title=\"20260802-1505-225.jpg\"><img loading=\"lazy\" decoding=\"async\" width=\"960\" height=\"720\" src=\"https:\/\/www.tomroc.com\/blog\/wp-content\/uploads\/20260802-1505-225-960x720.jpg\" alt=\"\" class=\"wp-image-279680\"\/><\/a><\/figure>\n\n\n\n<p class=\"wp-block-paragraph\">Il fait virement chaud ce jour l\u00e0, et malgr\u00e9 les 3 litres d&#8217;eau qu&#8217;Octave avait pris avec lui, il n&#8217;a plus une goutte d&#8217;eau. Or il nous reste \u00e0 faire les options 5 \u00e0 7: vire du chien, balcon ouest, la grotte du Berger et le balcon de Sarnas&#8230; A l&#8217;\u00e9vidence il nous reste beaucoup de route et sans eau Octave ne souhaite pas poursuivre, ce qui est plus raisonnable. Du coup nous \u00e9courtons pour aujourd&#8217;hui et rentrons au fond d&#8217;urne, direction le bistrot du coin pour aller nous d\u00e9salt\u00e9rer !<\/p>\n\n\n\n<h2 class=\"wp-block-heading\">Notre parcours<\/h2>\n\n\n\n\t\t<div id=\"maps-marker-pro-f0833124\" class=\"maps-marker-pro\" style=\"width: 100%;\">\n\t\t\t<div id=\"mmp-map-wrap-f0833124\" class=\"mmp-map-wrap\">\n\t\t\t\t\t\t\t\t<div id=\"mmp-map-f0833124\" class=\"mmp-map\" style=\"height: 600px;\"><\/div>\n\t\t\t\t\t\t\t\t\t<div id=\"mmp-chart-wrap-f0833124\" class=\"mmp-gpx-chart-wrap\" style=\"height: 200px;\"><\/div>\n\t\t\t\t\t\t\t<\/div>\n\t\t\t\t\t<\/div>\n\t\t\n\n\n\n<ul class=\"wp-block-list\">\n<li>Distance:<\/li>\n\n\n\n<li>D\u00e9nivel\u00e9:<\/li>\n\n\n\n<li>Altitudes:<\/li>\n\n\n\n<li>Horaires:<\/li>\n<\/ul>\n","protected":false},"excerpt":{"rendered":"<p>Fusion de deux sorties de Pascal Bombardier : L&#8217;arche double et l&#8217;int\u00e9grale des cr\u00eates.<br \/>\nL&#8217;id\u00e9e s&#8217;est de faire toutes les &#8220;options&#8221; en parall\u00e8le des cr\u00eates, le rappel, et une remont\u00e9e par le Pas du Follet.<\/p>\n","protected":false},"author":1,"featured_media":279675,"comment_status":"open","ping_status":"open","sticky":false,"template":"","format":"standard","meta":{"_et_pb_use_builder":"","_et_pb_old_content":"","_et_gb_content_width":"","footnotes":""},"categories":[53],"tags":[1255,457,2909,2873,130],"class_list":["post-279641","post","type-post","status-publish","format-standard","has-post-thumbnail","hentry","category-randonnee-trail","tag-1-jour","tag-caf","tag-camping-les-4-saisons","tag-massif-du-vercors","tag-randonnee-vertige"],"_links":{"self":[{"href":"https:\/\/www.tomroc.com\/blog\/wp-json\/wp\/v2\/posts\/279641","targetHints":{"allow":["GET"]}}],"collection":[{"href":"https:\/\/www.tomroc.com\/blog\/wp-json\/wp\/v2\/posts"}],"about":[{"href":"https:\/\/www.tomroc.com\/blog\/wp-json\/wp\/v2\/types\/post"}],"author":[{"embeddable":true,"href":"https:\/\/www.tomroc.com\/blog\/wp-json\/wp\/v2\/users\/1"}],"replies":[{"embeddable":true,"href":"https:\/\/www.tomroc.com\/blog\/wp-json\/wp\/v2\/comments?post=279641"}],"version-history":[{"count":12,"href":"https:\/\/www.tomroc.com\/blog\/wp-json\/wp\/v2\/posts\/279641\/revisions"}],"predecessor-version":[{"id":279795,"href":"https:\/\/www.tomroc.com\/blog\/wp-json\/wp\/v2\/posts\/279641\/revisions\/279795"}],"wp:featuredmedia":[{"embeddable":true,"href":"https:\/\/www.tomroc.com\/blog\/wp-json\/wp\/v2\/media\/279675"}],"wp:attachment":[{"href":"https:\/\/www.tomroc.com\/blog\/wp-json\/wp\/v2\/media?parent=279641"}],"wp:term":[{"taxonomy":"category","embeddable":true,"href":"https:\/\/www.tomroc.com\/blog\/wp-json\/wp\/v2\/categories?post=279641"},{"taxonomy":"post_tag","embeddable":true,"href":"https:\/\/www.tomroc.com\/blog\/wp-json\/wp\/v2\/tags?post=279641"}],"curies":[{"name":"wp","href":"https:\/\/api.w.org\/{rel}","templated":true}]}}