{"id":279649,"date":"2026-08-06T17:22:56","date_gmt":"2026-08-06T16:22:56","guid":{"rendered":"https:\/\/www.tomroc.com\/blog\/?p=279649"},"modified":"2026-08-30T21:08:51","modified_gmt":"2026-08-30T20:08:51","slug":"le-parcours-honegger-aux-trois-pucelles","status":"publish","type":"post","link":"https:\/\/www.tomroc.com\/blog\/2026\/08\/le-parcours-honegger-aux-trois-pucelles\/","title":{"rendered":"Le Parcours Honegger aux Trois Pucelles"},"content":{"rendered":"\n<p class=\"wp-block-paragraph\">Cette sortie s&#8217;inscrit dans le cadre d&#8217;un s\u00e9jour organis\u00e9 avec le Club Alpin Fran\u00e7ais, qui avait comme objectif de r\u00e9aliser des randonn\u00e9e du vertige et initier les participants \u00e0 des techniques d&#8217;alpinisme :<\/p>\n\n\n\n<ul class=\"wp-block-list\">\n<li><a href=\"https:\/\/www.tomroc.com\/blog\/2026\/08\/rappel-et-cretes-au-fond-durle\/\" data-type=\"post\" data-id=\"279641\">Rappel et cr\u00eates au Fond d&#8217;Urle<\/a><\/li>\n\n\n\n<li><a href=\"https:\/\/www.tomroc.com\/blog\/2026\/08\/la-vire-du-grand-veymont\/\" data-type=\"post\" data-id=\"279643\">La vire du Grand Veymont<\/a><\/li>\n\n\n\n<li><a href=\"https:\/\/www.tomroc.com\/blog\/2026\/08\/la-vire-des-sultanes-et-du-grand-couloir-au-gerbier\/\" data-type=\"post\" data-id=\"279646\">La vire des Sultanes et du Grand couloir au Gerbier<\/a><\/li>\n\n\n\n<li><a href=\"https:\/\/www.tomroc.com\/blog\/2026\/08\/cretes-des-rochers-du-bournillon-et-moulin-marquis-au-sec\/\" data-type=\"post\" data-id=\"279651\">Cr\u00eates des Rochers du Bournillon et Moulin Marquis au sec<\/a><\/li>\n\n\n\n<li><a href=\"https:\/\/www.tomroc.com\/blog\/2026\/08\/le-parcours-honegger-aux-trois-pucelles\/\"><strong>Le Parcours Honegger aux Trois Pucelles<\/strong><\/a><\/li>\n<\/ul>\n\n\n\n<p class=\"wp-block-paragraph\">Si vous avez suivi l&#8217;\u00e9pisode pr\u00e9c\u00e9dent, vous avez not\u00e9 que l&#8217;heure de fin n&#8217;\u00e9tait pas compatible avec un objectif ambitieux. Car on va se lever tard, et il va falloir d\u00e9poser Octave \u00e0 Grenoble pour qu&#8217;il reprenne un train. Du coup, on se rabat sur un petit parcours d&#8217;alpinisme facile qui devrait \u00eatre rapide et pr\u00e8s de Grenoble sans trop de route :<\/p>\n\n\n\n<p class=\"wp-block-paragraph\"><a href=\"https:\/\/www.camptocamp.org\/routes\/54944\/fr\/trois-pucelles-grande-pucelle-parcours-honegger\">Le Parcours Honegger aux Trois Pucelles<\/a> (AD)<\/p>\n\n\n\n<p class=\"wp-block-paragraph\">Et bien encore une fois, les lectures de topo ce n&#8217;est pas toujours ais\u00e9, enfin pour moi en tout cas. Pensant suivre ce dernier, nous nous retrouvons par deux fois \u00e0 l&#8217;aplomb d&#8217;un vide o\u00f9 Octave pense qu&#8217;il faut qu&#8217;on aille, me disant que c&#8217;est &#8220;forc\u00e9ment&#8221; ici. Je vais voir, de pr\u00e8s, et je lui dit &#8220;jamais de la vie !&#8221;. Des rappels qui partent l&#8217;on ne sait o\u00f9, assur\u00e9ment pas l\u00e0 o\u00f9 l&#8217;on veut aller, en fil d&#8217;araign\u00e9e et sans certitude de toucher le fond. Bref, pas le bon plan.<\/p>\n\n\n\n<p class=\"wp-block-paragraph\">Je fais plut\u00f4t jouer mon instinct et nous trouvons les bons passages. Et dans du vraiment facile j&#8217;en profite pour faire passer Octave en t\u00eate afin qu&#8217;il pose ses premiers points. Il \u00e9tablit finalement le dispositif d&#8217;assurage du second &#8211; moi en l\u2019occurrence, et le je le rejoins.<\/p>\n\n\n\n<figure class=\"wp-block-image size-large\"><a  href=\"https:\/\/www.tomroc.com\/blog\/wp-content\/uploads\/20260806-1528-1160.jpg\" data-rel=\"lightbox-gallery-0\" data-rl_title=\"20260806-1528-1160.jpg\" data-rl_caption=\"\" title=\"20260806-1528-1160.jpg\"><img loading=\"lazy\" decoding=\"async\" width=\"960\" height=\"695\" src=\"https:\/\/www.tomroc.com\/blog\/wp-content\/uploads\/20260806-1528-1160-960x695.jpg\" alt=\"\" class=\"wp-image-279790\"\/><\/a><\/figure>\n\n\n\n<p class=\"wp-block-paragraph\">Nous sommes proches de la fin, un dernier passage \u00e0 franchir, que Florian et moi avions contourn\u00e9 lors de mon dernier passage, en hiver.<\/p>\n\n\n\n<figure class=\"wp-block-image size-large\"><a  href=\"https:\/\/www.tomroc.com\/blog\/wp-content\/uploads\/20260806-1602-1182.jpg\" data-rel=\"lightbox-gallery-0\" data-rl_title=\"20260806-1602-1182.jpg\" data-rl_caption=\"\" title=\"20260806-1602-1182.jpg\"><img loading=\"lazy\" decoding=\"async\" width=\"960\" height=\"695\" src=\"https:\/\/www.tomroc.com\/blog\/wp-content\/uploads\/20260806-1602-1182-960x695.jpg\" alt=\"\" class=\"wp-image-279791\"\/><\/a><\/figure>\n\n\n\n<p class=\"wp-block-paragraph\">Ca la face \u00e9tait recouverte de neige, nous n&#8217;avions pas compris comment nous prot\u00e9ger. Mais en fait en \u00e9t\u00e9, la v\u00e9rit\u00e9 appara\u00eet: plusieurs spits id\u00e9alement plac\u00e9s \u00e0 c\u00f4te de la fissure. Nous passons et bouclons le parcours.<\/p>\n\n\n\n<figure class=\"wp-block-image size-large\"><a  href=\"https:\/\/www.tomroc.com\/blog\/wp-content\/uploads\/20260806-1634-1193.jpg\" data-rel=\"lightbox-gallery-0\" data-rl_title=\"20260806-1634-1193.jpg\" data-rl_caption=\"\" title=\"20260806-1634-1193.jpg\"><img loading=\"lazy\" decoding=\"async\" width=\"960\" height=\"695\" src=\"https:\/\/www.tomroc.com\/blog\/wp-content\/uploads\/20260806-1634-1193-960x695.jpg\" alt=\"\" class=\"wp-image-279792\"\/><\/a><\/figure>\n\n\n\n<p class=\"wp-block-paragraph\">Nous filons \u00e0 la gare, je d\u00e9pose Octave sans stress, et il rentre \u00e0 Paris tandis que je repars pour Pralognan pour poursuivre mes vacances. C&#8217;\u00e9tait sympa !<\/p>\n\n\n\n<h2 class=\"wp-block-heading\">Notre parcours<\/h2>\n\n\n\n\t\t<div id=\"maps-marker-pro-8624e5d7\" class=\"maps-marker-pro\" style=\"width: 100%;\">\n\t\t\t<div id=\"mmp-map-wrap-8624e5d7\" class=\"mmp-map-wrap\">\n\t\t\t\t\t\t\t\t<div id=\"mmp-map-8624e5d7\" class=\"mmp-map\" style=\"height: 600px;\"><\/div>\n\t\t\t\t\t\t\t\t\t<div id=\"mmp-chart-wrap-8624e5d7\" class=\"mmp-gpx-chart-wrap\" style=\"height: 200px;\"><\/div>\n\t\t\t\t\t\t\t<\/div>\n\t\t\t\t\t<\/div>\n\t\t\n\n\n\n<ul class=\"wp-block-list\">\n<li>Distance:<\/li>\n\n\n\n<li>D\u00e9nivel\u00e9:<\/li>\n\n\n\n<li>Altitudes:<\/li>\n\n\n\n<li>Horaires:<\/li>\n<\/ul>\n\n\n\n<p class=\"wp-block-paragraph\"><\/p>\n","protected":false},"excerpt":{"rendered":"<p>Le Parcours Honegger aux Trois Pucelles (AD)<\/p>\n","protected":false},"author":1,"featured_media":279791,"comment_status":"open","ping_status":"open","sticky":false,"template":"","format":"standard","meta":{"_et_pb_use_builder":"","_et_pb_old_content":"","_et_gb_content_width":"","footnotes":""},"categories":[38,2877,2876],"tags":[1255,457,2873],"class_list":["post-279649","post","type-post","status-publish","format-standard","has-post-thumbnail","hentry","category-alpinisme","category-outdoor","category-sorties","tag-1-jour","tag-caf","tag-massif-du-vercors"],"_links":{"self":[{"href":"https:\/\/www.tomroc.com\/blog\/wp-json\/wp\/v2\/posts\/279649","targetHints":{"allow":["GET"]}}],"collection":[{"href":"https:\/\/www.tomroc.com\/blog\/wp-json\/wp\/v2\/posts"}],"about":[{"href":"https:\/\/www.tomroc.com\/blog\/wp-json\/wp\/v2\/types\/post"}],"author":[{"embeddable":true,"href":"https:\/\/www.tomroc.com\/blog\/wp-json\/wp\/v2\/users\/1"}],"replies":[{"embeddable":true,"href":"https:\/\/www.tomroc.com\/blog\/wp-json\/wp\/v2\/comments?post=279649"}],"version-history":[{"count":5,"href":"https:\/\/www.tomroc.com\/blog\/wp-json\/wp\/v2\/posts\/279649\/revisions"}],"predecessor-version":[{"id":279802,"href":"https:\/\/www.tomroc.com\/blog\/wp-json\/wp\/v2\/posts\/279649\/revisions\/279802"}],"wp:featuredmedia":[{"embeddable":true,"href":"https:\/\/www.tomroc.com\/blog\/wp-json\/wp\/v2\/media\/279791"}],"wp:attachment":[{"href":"https:\/\/www.tomroc.com\/blog\/wp-json\/wp\/v2\/media?parent=279649"}],"wp:term":[{"taxonomy":"category","embeddable":true,"href":"https:\/\/www.tomroc.com\/blog\/wp-json\/wp\/v2\/categories?post=279649"},{"taxonomy":"post_tag","embeddable":true,"href":"https:\/\/www.tomroc.com\/blog\/wp-json\/wp\/v2\/tags?post=279649"}],"curies":[{"name":"wp","href":"https:\/\/api.w.org\/{rel}","templated":true}]}}