{"id":279651,"date":"2026-08-05T17:25:37","date_gmt":"2026-08-05T16:25:37","guid":{"rendered":"https:\/\/www.tomroc.com\/blog\/?p=279651"},"modified":"2026-08-30T21:08:43","modified_gmt":"2026-08-30T20:08:43","slug":"cretes-des-rochers-du-bournillon-et-moulin-marquis-au-sec","status":"publish","type":"post","link":"https:\/\/www.tomroc.com\/blog\/2026\/08\/cretes-des-rochers-du-bournillon-et-moulin-marquis-au-sec\/","title":{"rendered":"Cr\u00eates des Rochers du Bournillon et Moulin Marquis au sec"},"content":{"rendered":"\n<p class=\"wp-block-paragraph\">Cette sortie s&#8217;inscrit dans le cadre d&#8217;un s\u00e9jour organis\u00e9 avec le Club Alpin Fran\u00e7ais, qui avait comme objectif de r\u00e9aliser des randonn\u00e9e du vertige et initier les participants \u00e0 des techniques d&#8217;alpinisme :<\/p>\n\n\n\n<ul class=\"wp-block-list\">\n<li><a href=\"https:\/\/www.tomroc.com\/blog\/2026\/08\/rappel-et-cretes-au-fond-durle\/\" data-type=\"post\" data-id=\"279641\">Rappel et cr\u00eates au Fond d&#8217;Urle<\/a><\/li>\n\n\n\n<li><a href=\"https:\/\/www.tomroc.com\/blog\/2026\/08\/la-vire-du-grand-veymont\/\" data-type=\"post\" data-id=\"279643\">La vire du Grand Veymont<\/a><\/li>\n\n\n\n<li><a href=\"https:\/\/www.tomroc.com\/blog\/2026\/08\/la-vire-des-sultanes-et-du-grand-couloir-au-gerbier\/\" data-type=\"post\" data-id=\"279646\">La vire des Sultanes et du Grand couloir au Gerbier<\/a><\/li>\n\n\n\n<li><a href=\"https:\/\/www.tomroc.com\/blog\/2026\/08\/cretes-des-rochers-du-bournillon-et-moulin-marquis-au-sec\/\" data-type=\"post\" data-id=\"279651\"><strong>Cr\u00eates des Rochers du Bournillon et Moulin Marquis au sec<\/strong><\/a><\/li>\n\n\n\n<li><a href=\"https:\/\/www.tomroc.com\/blog\/2026\/08\/le-parcours-honegger-aux-trois-pucelles\/\">Le Parcours Honegger aux Trois Pucelles<\/a><\/li>\n<\/ul>\n\n\n\n<p class=\"wp-block-paragraph\">Pour cette quatri\u00e8me journ\u00e9e de sortie, nous mettons notre d\u00e9volu sur l<a href=\"https:\/\/www.pascal-sombardier.com\/2020\/07\/moulin-marquis-au-sec.html\">e grand rappel de Moulin Marquis suivant le topo de Pascal Bombardier,<\/a> mais comme je ne souhaite pas faire le trajet pour cela uniquement, nous allons \u00e9galement coupler la descente avec un autre topo du m\u00eame auteur, trouv\u00e9 dans <a href=\"https:\/\/www.pascal-sombardier.com\/2018\/05\/boucle-echarasson-charmate.html\">le Pas de l&#8217;Echarasson &#8211; Charmate<\/a>.<\/p>\n\n\n\n<p class=\"wp-block-paragraph\">L&#8217;id\u00e9e est de monter par le Pas de la Charmate, de faire le grand tour sur le plateau et aller voir toutes les &#8220;curiosit\u00e9s&#8221; du coin, et finir par le grand rappel.<\/p>\n\n\n\n<p class=\"wp-block-paragraph\">Pendant notre trajet en voiture, un arr\u00eat s&#8217;impose, il offre une vue compl\u00e8te sur le cirque et la cascade qui marque le rappel que nous ferons sur la fin de notre parcours.<\/p>\n\n\n\n<figure class=\"wp-block-image size-large\"><a  href=\"https:\/\/www.tomroc.com\/blog\/wp-content\/uploads\/20260805-0842-664.jpg\" data-rel=\"lightbox-gallery-0\" data-rl_title=\"20260805-0842-664.jpg\" data-rl_caption=\"\" title=\"20260805-0842-664.jpg\"><img loading=\"lazy\" decoding=\"async\" width=\"960\" height=\"720\" src=\"https:\/\/www.tomroc.com\/blog\/wp-content\/uploads\/20260805-0842-664-960x720.jpg\" alt=\"\" class=\"wp-image-279744\"\/><\/a><\/figure>\n\n\n\n<p class=\"wp-block-paragraph\">Nous montons \u00e0 travers la for\u00eat jusqu&#8217;\u00e0 arriver au pied d&#8217;une impressionnante paroi.<\/p>\n\n\n\n<figure class=\"wp-block-image size-large\"><a  href=\"https:\/\/www.tomroc.com\/blog\/wp-content\/uploads\/20260805-1213-696.jpg\" data-rel=\"lightbox-gallery-0\" data-rl_title=\"20260805-1213-696.jpg\" data-rl_caption=\"\" title=\"20260805-1213-696.jpg\"><img loading=\"lazy\" decoding=\"async\" width=\"960\" height=\"720\" src=\"https:\/\/www.tomroc.com\/blog\/wp-content\/uploads\/20260805-1213-696-960x720.jpg\" alt=\"\" class=\"wp-image-279745\"\/><\/a><\/figure>\n\n\n\n<p class=\"wp-block-paragraph\">Et remontons par le Pas de l&#8217;Echarasson, sans m\u00eame nous en apercevoir ou presque, tant nous sommes aveugl\u00e9s par la v\u00e9g\u00e9tation.<\/p>\n\n\n\n<figure class=\"wp-block-image size-large\"><a  href=\"https:\/\/www.tomroc.com\/blog\/wp-content\/uploads\/20260805-1258-722.jpg\" data-rel=\"lightbox-gallery-0\" data-rl_title=\"20260805-1258-722.jpg\" data-rl_caption=\"\" title=\"20260805-1258-722.jpg\"><img loading=\"lazy\" decoding=\"async\" width=\"960\" height=\"720\" src=\"https:\/\/www.tomroc.com\/blog\/wp-content\/uploads\/20260805-1258-722-960x720.jpg\" alt=\"\" class=\"wp-image-279746\"\/><\/a><\/figure>\n\n\n\n<p class=\"wp-block-paragraph\">Arriv\u00e9 sur la plateau, et durant notre trajet de nombreux points de vue s&#8217;offrent \u00e0 nous, et nous pouvons voir ici les  rochers de Presles, c\u00e9l\u00e8bres pour les grimpeurs.<\/p>\n\n\n\n<figure class=\"wp-block-image size-large\"><a  href=\"https:\/\/www.tomroc.com\/blog\/wp-content\/uploads\/20260805-1321-739.jpg\" data-rel=\"lightbox-gallery-0\" data-rl_title=\"20260805-1321-739.jpg\" data-rl_caption=\"\" title=\"20260805-1321-739.jpg\"><img loading=\"lazy\" decoding=\"async\" width=\"960\" height=\"720\" src=\"https:\/\/www.tomroc.com\/blog\/wp-content\/uploads\/20260805-1321-739-960x720.jpg\" alt=\"\" class=\"wp-image-279747\"\/><\/a><\/figure>\n\n\n\n<p class=\"wp-block-paragraph\">Depuis la cr\u00eat nous pouvons parfaitement voir l&#8217;itin\u00e9raire qui permet de monter au Pas, la bande de v\u00e9g\u00e9tation au centre gauche sur cette photo. <\/p>\n\n\n\n<figure class=\"wp-block-image size-large\"><a  href=\"https:\/\/www.tomroc.com\/blog\/wp-content\/uploads\/20260805-1331-741.jpg\" data-rel=\"lightbox-gallery-0\" data-rl_title=\"20260805-1331-741.jpg\" data-rl_caption=\"\" title=\"20260805-1331-741.jpg\"><img loading=\"lazy\" decoding=\"async\" width=\"960\" height=\"720\" src=\"https:\/\/www.tomroc.com\/blog\/wp-content\/uploads\/20260805-1331-741-960x720.jpg\" alt=\"\" class=\"wp-image-279748\"\/><\/a><\/figure>\n\n\n\n<p class=\"wp-block-paragraph\">Un arbuste attire mon attention et la photo.<\/p>\n\n\n\n<figure class=\"wp-block-image aligncenter size-large\"><a  href=\"https:\/\/www.tomroc.com\/blog\/wp-content\/uploads\/20260805-1333-752.jpg\" data-rel=\"lightbox-gallery-0\" data-rl_title=\"20260805-1333-752.jpg\" data-rl_caption=\"\" title=\"20260805-1333-752.jpg\"><img loading=\"lazy\" decoding=\"async\" width=\"540\" height=\"720\" src=\"https:\/\/www.tomroc.com\/blog\/wp-content\/uploads\/20260805-1333-752-540x720.jpg\" alt=\"\" class=\"wp-image-279749\"\/><\/a><\/figure>\n\n\n\n<p class=\"wp-block-paragraph\">Ou celui l\u00e0 encore.<\/p>\n\n\n\n<figure class=\"wp-block-image size-large\"><a  href=\"https:\/\/www.tomroc.com\/blog\/wp-content\/uploads\/20260805-1343-759.jpg\" data-rel=\"lightbox-gallery-0\" data-rl_title=\"20260805-1343-759.jpg\" data-rl_caption=\"\" title=\"20260805-1343-759.jpg\"><img loading=\"lazy\" decoding=\"async\" width=\"960\" height=\"720\" src=\"https:\/\/www.tomroc.com\/blog\/wp-content\/uploads\/20260805-1343-759-960x720.jpg\" alt=\"\" class=\"wp-image-279750\"\/><\/a><\/figure>\n\n\n\n<p class=\"wp-block-paragraph\">Au passage, nous d\u00e9couvrons deux lignes de Slack line qui sont tendues au dessus du vide, sur une belle distance. Nous \u00e9changeons avec le groupe de trois jeunes qui ont tendu les lignes, mais sans les voir \u00e0 l&#8217;oeuvre \u00e0 ce moment l\u00e0, manque de temps.<\/p>\n\n\n\n<figure class=\"wp-block-image size-large\"><a  href=\"https:\/\/www.tomroc.com\/blog\/wp-content\/uploads\/20260805-1346-774.jpg\" data-rel=\"lightbox-gallery-0\" data-rl_title=\"20260805-1346-774.jpg\" data-rl_caption=\"\" title=\"20260805-1346-774.jpg\"><img loading=\"lazy\" decoding=\"async\" width=\"960\" height=\"720\" src=\"https:\/\/www.tomroc.com\/blog\/wp-content\/uploads\/20260805-1346-774-960x720.jpg\" alt=\"\" class=\"wp-image-279751\"\/><\/a><\/figure>\n\n\n\n<p class=\"wp-block-paragraph\">J&#8217;ai failli rater l&#8217;une des sculptures que je cherchai, Octave me fait remarquer qu&#8217;elle est juste l\u00e0, \u00e0 un m\u00e8tre de moi.<\/p>\n\n\n\n<figure class=\"wp-block-image aligncenter size-large\"><a  href=\"https:\/\/www.tomroc.com\/blog\/wp-content\/uploads\/20260805-1349-781.jpg\" data-rel=\"lightbox-gallery-0\" data-rl_title=\"20260805-1349-781.jpg\" data-rl_caption=\"\" title=\"20260805-1349-781.jpg\"><img loading=\"lazy\" decoding=\"async\" width=\"540\" height=\"720\" src=\"https:\/\/www.tomroc.com\/blog\/wp-content\/uploads\/20260805-1349-781-540x720.jpg\" alt=\"\" class=\"wp-image-279752\"\/><\/a><\/figure>\n\n\n\n<p class=\"wp-block-paragraph\">A l&#8217;approche de la porte du Diable, une curiosit\u00e9 locale, nous tombons sur cette hutte en bois et nous demandons s&#8217;il y a un rapport et ce que nous allons y trouver.<\/p>\n\n\n\n<figure class=\"wp-block-image size-large\"><a  href=\"https:\/\/www.tomroc.com\/blog\/wp-content\/uploads\/20260805-1547-793.jpg\" data-rel=\"lightbox-gallery-0\" data-rl_title=\"20260805-1547-793.jpg\" data-rl_caption=\"\" title=\"20260805-1547-793.jpg\"><img loading=\"lazy\" decoding=\"async\" width=\"960\" height=\"720\" src=\"https:\/\/www.tomroc.com\/blog\/wp-content\/uploads\/20260805-1547-793-960x720.jpg\" alt=\"\" class=\"wp-image-279753\"\/><\/a><\/figure>\n\n\n\n<p class=\"wp-block-paragraph\">La visite de la porte vaut le d\u00e9tour, et<span style=\"caret-color: rgb(0, 0, 0); color: rgb(0, 0, 0); font-family: -webkit-standard; font-size: medium; white-space: normal;\"> au del\u00e0 de la porte, c&#8217;est son environnement qui m&#8217;impressionne, lorsque l&#8217;on arrive par le dessus.<\/span>&nbsp;Mes photos ne lui rendent pas honneur &#8211; je suis \u00e0 l&#8217;ultra grand angle &#8211; \u00e9quivalant 16mm, mais il faudrait bien plus, ou surtout un autre point de vue pour bien rendre compte du lieu.<\/p>\n\n\n\n<figure class=\"wp-block-image size-large\"><a  href=\"https:\/\/www.tomroc.com\/blog\/wp-content\/uploads\/20260805-1551-835.jpg\" data-rel=\"lightbox-gallery-0\" data-rl_title=\"20260805-1551-835.jpg\" data-rl_caption=\"\" title=\"20260805-1551-835.jpg\"><img loading=\"lazy\" decoding=\"async\" width=\"960\" height=\"720\" src=\"https:\/\/www.tomroc.com\/blog\/wp-content\/uploads\/20260805-1551-835-960x720.jpg\" alt=\"\" class=\"wp-image-279754\"\/><\/a><\/figure>\n\n\n\n<p class=\"wp-block-paragraph\">Nous avons suffisamment progress\u00e9 sur les cr\u00eates pour que la cascade se d\u00e9voile d\u00e9sormais, en voici le sommet.<\/p>\n\n\n\n<figure class=\"wp-block-image size-large\"><a  href=\"https:\/\/www.tomroc.com\/blog\/wp-content\/uploads\/20260805-1614-872.jpg\" data-rel=\"lightbox-gallery-0\" data-rl_title=\"20260805-1614-872.jpg\" data-rl_caption=\"\" title=\"20260805-1614-872.jpg\"><img loading=\"lazy\" decoding=\"async\" width=\"960\" height=\"720\" src=\"https:\/\/www.tomroc.com\/blog\/wp-content\/uploads\/20260805-1614-872-960x720.jpg\" alt=\"\" class=\"wp-image-279755\"\/><\/a><\/figure>\n\n\n\n<p class=\"wp-block-paragraph\">Et plus largement, son \u00e9crin.<\/p>\n\n\n\n<figure class=\"wp-block-image size-large\"><a  href=\"https:\/\/www.tomroc.com\/blog\/wp-content\/uploads\/20260805-1615-889.jpg\" data-rel=\"lightbox-gallery-0\" data-rl_title=\"20260805-1615-889.jpg\" data-rl_caption=\"\" title=\"20260805-1615-889.jpg\"><img loading=\"lazy\" decoding=\"async\" width=\"960\" height=\"720\" src=\"https:\/\/www.tomroc.com\/blog\/wp-content\/uploads\/20260805-1615-889-960x720.jpg\" alt=\"\" class=\"wp-image-279756\"\/><\/a><\/figure>\n\n\n\n<p class=\"wp-block-paragraph\">Une autre culture, sur les cr\u00eates toujours.<\/p>\n\n\n\n<figure class=\"wp-block-image size-large\"><a  href=\"https:\/\/www.tomroc.com\/blog\/wp-content\/uploads\/20260805-1617-895.jpg\" data-rel=\"lightbox-gallery-0\" data-rl_title=\"20260805-1617-895.jpg\" data-rl_caption=\"\" title=\"20260805-1617-895.jpg\"><img loading=\"lazy\" decoding=\"async\" width=\"960\" height=\"720\" src=\"https:\/\/www.tomroc.com\/blog\/wp-content\/uploads\/20260805-1617-895-960x720.jpg\" alt=\"\" class=\"wp-image-279757\"\/><\/a><\/figure>\n\n\n\n<p class=\"wp-block-paragraph\">Nous sommes descendu en direction du d\u00e9part de la cascade mais avant elle il nous reste \u00e0 voir quelques curiosit\u00e9, comme cette sculpture en bois, entre paroi et lianes.  <\/p>\n\n\n\n<figure class=\"wp-block-image size-large\"><a  href=\"https:\/\/www.tomroc.com\/blog\/wp-content\/uploads\/20260805-1623-899.jpg\" data-rel=\"lightbox-gallery-0\" data-rl_title=\"20260805-1623-899.jpg\" data-rl_caption=\"\" title=\"20260805-1623-899.jpg\"><img loading=\"lazy\" decoding=\"async\" width=\"960\" height=\"720\" src=\"https:\/\/www.tomroc.com\/blog\/wp-content\/uploads\/20260805-1623-899-960x720.jpg\" alt=\"\" class=\"wp-image-279758\"\/><\/a><\/figure>\n\n\n\n<p class=\"wp-block-paragraph\">Je n&#8217;avais jamais vu pareilles lianes, qui ont construit un dense r\u00e9seau qui remonte tr\u00e8s haut sur les parois.<\/p>\n\n\n\n<figure class=\"wp-block-image size-large\"><a  href=\"https:\/\/www.tomroc.com\/blog\/wp-content\/uploads\/20260805-1627-929.jpg\" data-rel=\"lightbox-gallery-0\" data-rl_title=\"20260805-1627-929.jpg\" data-rl_caption=\"\" title=\"20260805-1627-929.jpg\"><img loading=\"lazy\" decoding=\"async\" width=\"960\" height=\"720\" src=\"https:\/\/www.tomroc.com\/blog\/wp-content\/uploads\/20260805-1627-929-960x720.jpg\" alt=\"\" class=\"wp-image-279759\"\/><\/a><\/figure>\n\n\n\n<p class=\"wp-block-paragraph\">Nous passons \u00e0 c\u00f4t\u00e9 d&#8217;une cavit\u00e9,  je convainc Octave de monter, et apr\u00e8s une petite escalade nous d\u00e9couvrons le d\u00e9but de cavit\u00e9s. Nous nous aventurons dans les galeries, jusqu&#8217;\u00e0 ce que nous soyons face \u00e0 un boyau plus \u00e9troit et surtout trop immerg\u00e9 pour que nous ayons envie de poursuivre, alors nous faisons demi tour. A la sortie, nous d\u00e9couvrons sur un panneau qu&#8217;il s&#8217;agissait de la la la grotte de l&#8217;Homme, et qu&#8217;en fait les galeries sont extr\u00eamement longues, et ressortent ailleurs dans les parois.<\/p>\n\n\n\n<figure class=\"wp-block-image size-large\"><a  href=\"https:\/\/www.tomroc.com\/blog\/wp-content\/uploads\/20260805-1639-941.jpg\" data-rel=\"lightbox-gallery-0\" data-rl_title=\"20260805-1639-941.jpg\" data-rl_caption=\"\" title=\"20260805-1639-941.jpg\"><img loading=\"lazy\" decoding=\"async\" width=\"960\" height=\"720\" src=\"https:\/\/www.tomroc.com\/blog\/wp-content\/uploads\/20260805-1639-941-960x720.jpg\" alt=\"\" class=\"wp-image-279760\"\/><\/a><\/figure>\n\n\n\n<p class=\"wp-block-paragraph\">Nous voil\u00e0 arriv\u00e9s au somme de la cascade et il est presque 18h d\u00e9j\u00e0. Je vais au relai, fais venir Octave \u00e0 moi et pars en premier pour la premi\u00e8re longueur, qui fait environ 20m.<\/p>\n\n\n\n<figure class=\"wp-block-image size-large\"><a  href=\"https:\/\/www.tomroc.com\/blog\/wp-content\/uploads\/20260805-1747-970.jpg\" data-rel=\"lightbox-gallery-0\" data-rl_title=\"20260805-1747-970.jpg\" data-rl_caption=\"\" title=\"20260805-1747-970.jpg\"><img loading=\"lazy\" decoding=\"async\" width=\"960\" height=\"720\" src=\"https:\/\/www.tomroc.com\/blog\/wp-content\/uploads\/20260805-1747-970-960x720.jpg\" alt=\"\" class=\"wp-image-279761\"\/><\/a><\/figure>\n\n\n\n<p class=\"wp-block-paragraph\">Arriv\u00e9 au second relai, je laisse Octave s&#8217;installer pour venir \u00e0 moi. Et ne souhaite pas lui mettre la pression, je le laisse faire tandis que le temps s&#8217;\u00e9coule ..assez longtemps. Alors je lui demande ce qu&#8217;il se passe, il m&#8217;indique que son mousqueton est verrouill\u00e9 et qu&#8217;il n&#8217;arrive toujours pas \u00e0 l&#8217;ouvrir. Je lui dis ok pas grave, prends en un autre. Mais en fait son descendeur est dessus .. Il me demande s&#8217;il peut descendre sans ce mousqueton et le descendeur .. non \u00e7a ne va pas \u00eatre possible. Il doit d\u00e9bloquer le mousqueton.<\/p>\n\n\n\n<p class=\"wp-block-paragraph\">Le temps passe, sans succ\u00e8s. Alors pendant ce temps, et heureusement c&#8217;est possible, je peux remonter par le c\u00f4t\u00e9 sans trop de risque et le rejoint. Il s&#8217;acharne mais sans succ\u00e8s, il a la main en sang mais impossible d&#8217;ouvrir le mousqueton. Je n&#8217;avais jamais vu cela.<\/p>\n\n\n\n<p class=\"wp-block-paragraph\">J&#8217;ai sur moi <a href=\"https:\/\/www.knipex.com\/fr-fr\/produits\/pinces-multiprises-et-cl\u00e9s-serre-tubes\/pinces-cl\u00e9s-pince-et-cl\u00e9-\u00e0-la-fois\/pinces-cl\u00e9s-pince-et-cl\u00e9-\u00e0-la-fois\/8603125\">ma pince clef, miniature Knippex<\/a> &#8211; je recommande, lorsque l&#8217;on sait que l&#8217;on va peut-\u00eatre devoir jouer avec des \u00e9crous et boulons de diverses tailles. Je l&#8217;utilise pour d\u00e9coincer et ouvrir le mousqueton, et on repart.<\/p>\n\n\n\n<figure class=\"wp-block-image size-large\"><a  href=\"https:\/\/www.tomroc.com\/blog\/wp-content\/uploads\/20260805-1756-976.jpg\" data-rel=\"lightbox-gallery-0\" data-rl_title=\"20260805-1756-976.jpg\" data-rl_caption=\"\" title=\"20260805-1756-976.jpg\"><img loading=\"lazy\" decoding=\"async\" width=\"960\" height=\"720\" src=\"https:\/\/www.tomroc.com\/blog\/wp-content\/uploads\/20260805-1756-976-960x720.jpg\" alt=\"\" class=\"wp-image-279762\"\/><\/a><\/figure>\n\n\n\n<p class=\"wp-block-paragraph\">Le deuxi\u00e8me rappel se passe sans encombre. De mani\u00e8re surprenante, la vue vers le bas montre beaucoup de v\u00e9g\u00e9tation, on ne penserait pas cela lorsque l&#8217;on voit la paroi et le rappel de face.<\/p>\n\n\n\n<figure class=\"wp-block-image size-large\"><a  href=\"https:\/\/www.tomroc.com\/blog\/wp-content\/uploads\/20260805-1840-1013.jpg\" data-rel=\"lightbox-gallery-0\" data-rl_title=\"20260805-1840-1013.jpg\" data-rl_caption=\"\" title=\"20260805-1840-1013.jpg\"><img loading=\"lazy\" decoding=\"async\" width=\"960\" height=\"720\" src=\"https:\/\/www.tomroc.com\/blog\/wp-content\/uploads\/20260805-1840-1013-960x720.jpg\" alt=\"\" class=\"wp-image-279763\"\/><\/a><\/figure>\n\n\n\n<p class=\"wp-block-paragraph\">Le troisi\u00e8me rappel, annonc\u00e9 pour 50 m\u00e8tres, se passe bien &#8230; jusqu&#8217;\u00e0 ce que je veuille rappeler la corde et d\u00e9couvre qu&#8217;elle est coinc\u00e9e. Je fais mon possible et n&#8217;arrive pas \u00e0 la d\u00e9faire &#8211; mais apr\u00e8s coup je me dirais que je n&#8217;ai probablement pas assez essay\u00e9.<\/p>\n\n\n\n<p class=\"wp-block-paragraph\">D\u00e9marre alors une grande gal\u00e8re, car la th\u00e9orie je la connais mais la mise en pratique sur 50 m\u00e8tres de remont\u00e9es sur corde, \u00e7a je n&#8217;ai jamais fait. C&#8217;est donc avec mon assureur au pontet, un machard au dessus de moi avec une p\u00e9dale, que j&#8217;ai le plaisir de le vivre en conditions r\u00e9elles. Et je peux vous l&#8217;affirmer : c&#8217;est ext\u00e9nuant. Peut-\u00eatre est-ce l&#8217;heure tardive, ma technique, mon \u00e9tat de forrme, ou la somme de tout cela, mais je me rends rapidement compte combien \u00e7a va \u00eatre long. Alors je progresse, pas \u00e0 pas. Quand une traction ne donne pas lieu \u00e0 aucune progression parce que les auto-bloquants .. sont bloqu\u00e9s. Bref, c&#8217;est tr\u00e8s long et \u00e0 19h40 j&#8217;arrive en vue du sommet du rappel et surtout du satan\u00e9 noeud qui s&#8217;est bloqu\u00e9, je vous laisse juger.<\/p>\n\n\n\n<figure class=\"wp-block-image size-large\"><a  href=\"https:\/\/www.tomroc.com\/blog\/wp-content\/uploads\/20260805-1941-1028.jpg\" data-rel=\"lightbox-gallery-0\" data-rl_title=\"20260805-1941-1028.jpg\" data-rl_caption=\"\" title=\"20260805-1941-1028.jpg\"><img loading=\"lazy\" decoding=\"async\" width=\"960\" height=\"720\" src=\"https:\/\/www.tomroc.com\/blog\/wp-content\/uploads\/20260805-1941-1028-960x720.jpg\" alt=\"\" class=\"wp-image-279764\"\/><\/a><\/figure>\n\n\n\n<p class=\"wp-block-paragraph\">Je prends \u00e9videmment soin de faire en sorte que cette fois ci le coincement ne soit pas possible et rejoins rapidement Octave qui m&#8217;a patiemment attendu un bon moment, mais \u00e0 un endroit tr\u00e8s confortable sur une terrasse.<\/p>\n\n\n\n<p class=\"wp-block-paragraph\">Nous poursuivons la descente, qui se passe globalement tr\u00e8s bien \u00e0 l&#8217;exception de deux petites surprises, notamment quand Octave m&#8217;explique qu&#8217;il a perdu son noeud de machard &#8211; que nous retrouvons finalement, ou que je cherche l&#8217;un des rappels, et ne trouve initialement que deux spits reli\u00e9s avec une tr\u00e8s vieille cordelette en mauvais \u00e9tant. Bon, mes excuses mais j&#8217;aurais du la prendre et l&#8217;enlever, je ne sais pourquoi je l&#8217;ai laiss\u00e9e sur place, certes cisaill\u00e9e.<\/p>\n\n\n\n<p class=\"wp-block-paragraph\">Il est maintenant 20h30, la paroi commence \u00e0 prendre de jolies couleurs avec le soleil qui descend \u00e0 l&#8217;horizon.<\/p>\n\n\n\n<figure class=\"wp-block-image size-large\"><a  href=\"https:\/\/www.tomroc.com\/blog\/wp-content\/uploads\/20260805-2031-1082.jpg\" data-rel=\"lightbox-gallery-0\" data-rl_title=\"20260805-2031-1082.jpg\" data-rl_caption=\"\" title=\"20260805-2031-1082.jpg\"><img loading=\"lazy\" decoding=\"async\" width=\"960\" height=\"720\" src=\"https:\/\/www.tomroc.com\/blog\/wp-content\/uploads\/20260805-2031-1082-960x720.jpg\" alt=\"\" class=\"wp-image-279765\"\/><\/a><\/figure>\n\n\n\n<p class=\"wp-block-paragraph\">Tant et si bien que nous assistons, depuis la paroi, au coucher de soleil. Pas sur que beaucoup l&#8217;aient fait avant nous. On a \u00e9videmment sorti les frontales &#8211; toujours avoir une petite frontale sur soi, hein ?<\/p>\n\n\n\n<figure class=\"wp-block-image size-large\"><a  href=\"https:\/\/www.tomroc.com\/blog\/wp-content\/uploads\/20260805-2044-1085.jpg\" data-rel=\"lightbox-gallery-0\" data-rl_title=\"20260805-2044-1085.jpg\" data-rl_caption=\"\" title=\"20260805-2044-1085.jpg\"><img loading=\"lazy\" decoding=\"async\" width=\"960\" height=\"720\" src=\"https:\/\/www.tomroc.com\/blog\/wp-content\/uploads\/20260805-2044-1085-960x720.jpg\" alt=\"\" class=\"wp-image-279766\"\/><\/a><\/figure>\n\n\n\n<p class=\"wp-block-paragraph\">En pleine nuit, vers 21h30 quand m\u00eame &#8211; ce que ne laisse pas deviner la photo &#8211; et vers la fin des rappels, je me retrouve nez \u00e0 nez avec un local qui se demande ce que je peux bien faire l\u00e0 vu l&#8217;heure. Bonne question. On se fixe un moment, je le laisse avec son interrogation.<\/p>\n\n\n\n<figure class=\"wp-block-image size-large\"><a  href=\"https:\/\/www.tomroc.com\/blog\/wp-content\/uploads\/20260805-2126-1100.jpg\" data-rel=\"lightbox-gallery-0\" data-rl_title=\"20260805-2126-1100.jpg\" data-rl_caption=\"\" title=\"20260805-2126-1100.jpg\"><img loading=\"lazy\" decoding=\"async\" width=\"960\" height=\"720\" src=\"https:\/\/www.tomroc.com\/blog\/wp-content\/uploads\/20260805-2126-1100-960x720.jpg\" alt=\"\" class=\"wp-image-279767\"\/><\/a><\/figure>\n\n\n\n<p class=\"wp-block-paragraph\">On rentre sans difficult\u00e9 \u00e0 la voiture pour une sortie qui a certes d\u00e9rap\u00e9, mais sans jamais de mise en danger, et de belles images et beaux souvenirs plein la t\u00eate.<\/p>\n\n\n\n<p class=\"wp-block-paragraph\">On rejoint le camping assez tard, on se lave et fait \u00e0 manger et on \u00e9teint la lumi\u00e8re \u00e0 plus de 1h du matin. Ce qui est s\u00fbr c&#8217;est que le programme de demain va devoir \u00eatre adapt\u00e9 ..<\/p>\n\n\n\n<h2 class=\"wp-block-heading\">Notre parcours<\/h2>\n\n\n\n\t\t<div id=\"maps-marker-pro-102ecf09\" class=\"maps-marker-pro\" style=\"width: 100%;\">\n\t\t\t<div id=\"mmp-map-wrap-102ecf09\" class=\"mmp-map-wrap\">\n\t\t\t\t\t\t\t\t<div id=\"mmp-map-102ecf09\" class=\"mmp-map\" style=\"height: 600px;\"><\/div>\n\t\t\t\t\t\t\t\t\t<div id=\"mmp-chart-wrap-102ecf09\" class=\"mmp-gpx-chart-wrap\" style=\"height: 200px;\"><\/div>\n\t\t\t\t\t\t\t<\/div>\n\t\t\t\t\t<\/div>\n\t\t\n\n\n\n<ul class=\"wp-block-list\">\n<li>Distance:<\/li>\n\n\n\n<li>D\u00e9nivel\u00e9:<\/li>\n\n\n\n<li>Altitudes:<\/li>\n\n\n\n<li>Horaires:<\/li>\n<\/ul>\n","protected":false},"excerpt":{"rendered":"<p>Un encha\u00eenement sur les Rochers du Bournillon, avec une mont\u00e9e par Charnasson et une descente par les rappels de Moulin Marquis.<\/p>\n","protected":false},"author":1,"featured_media":279755,"comment_status":"open","ping_status":"open","sticky":false,"template":"","format":"standard","meta":{"_et_pb_use_builder":"","_et_pb_old_content":"","_et_gb_content_width":"","footnotes":""},"categories":[53],"tags":[1255,457,2873],"class_list":["post-279651","post","type-post","status-publish","format-standard","has-post-thumbnail","hentry","category-randonnee-trail","tag-1-jour","tag-caf","tag-massif-du-vercors"],"_links":{"self":[{"href":"https:\/\/www.tomroc.com\/blog\/wp-json\/wp\/v2\/posts\/279651","targetHints":{"allow":["GET"]}}],"collection":[{"href":"https:\/\/www.tomroc.com\/blog\/wp-json\/wp\/v2\/posts"}],"about":[{"href":"https:\/\/www.tomroc.com\/blog\/wp-json\/wp\/v2\/types\/post"}],"author":[{"embeddable":true,"href":"https:\/\/www.tomroc.com\/blog\/wp-json\/wp\/v2\/users\/1"}],"replies":[{"embeddable":true,"href":"https:\/\/www.tomroc.com\/blog\/wp-json\/wp\/v2\/comments?post=279651"}],"version-history":[{"count":8,"href":"https:\/\/www.tomroc.com\/blog\/wp-json\/wp\/v2\/posts\/279651\/revisions"}],"predecessor-version":[{"id":279801,"href":"https:\/\/www.tomroc.com\/blog\/wp-json\/wp\/v2\/posts\/279651\/revisions\/279801"}],"wp:featuredmedia":[{"embeddable":true,"href":"https:\/\/www.tomroc.com\/blog\/wp-json\/wp\/v2\/media\/279755"}],"wp:attachment":[{"href":"https:\/\/www.tomroc.com\/blog\/wp-json\/wp\/v2\/media?parent=279651"}],"wp:term":[{"taxonomy":"category","embeddable":true,"href":"https:\/\/www.tomroc.com\/blog\/wp-json\/wp\/v2\/categories?post=279651"},{"taxonomy":"post_tag","embeddable":true,"href":"https:\/\/www.tomroc.com\/blog\/wp-json\/wp\/v2\/tags?post=279651"}],"curies":[{"name":"wp","href":"https:\/\/api.w.org\/{rel}","templated":true}]}}