{"id":5939,"date":"2014-08-16T18:52:12","date_gmt":"2014-08-16T17:52:12","guid":{"rendered":"http:\/\/www.tomroc.com\/blog\/?p=5939"},"modified":"2018-03-14T14:00:33","modified_gmt":"2018-03-14T13:00:33","slug":"les-jumeaux-de-faraut-dans-le-devoluy","status":"publish","type":"post","link":"https:\/\/www.tomroc.com\/blog\/2014\/08\/les-jumeaux-de-faraut-dans-le-devoluy\/","title":{"rendered":"Les Jumeaux de Faraut, dans  le Devoluy"},"content":{"rendered":"<p>Fatigu\u00e9 de la semaine et de la journ\u00e9e pr\u00e9c\u00e9dente de ce week-end prolong\u00e9, nous faisons grasse matin\u00e9e &#8211; 8h, et prenons la route \u00e0 la recherche d&#8217;essence puisque notre jauge indique 20km ce qui ne repr\u00e9sente pas grand chose dans le Vercors et toutes ses cotes. Puis direction le Devoluy. Si bien que nous arrivons sur le d\u00e9part de notre randonn\u00e9e \u00e0 11h30, bien tard. Trop tard ?<\/p>\n<h1>Jour 1<\/h1>\n<p>Pour cette deuxi\u00e8me journ\u00e9e de ce long week-end, nous avons choisi une randonn\u00e9e engag\u00e9e, \u00e0 la limite de l&#8217;alpinisme, dans le D\u00e9voluy: Les jumeaux de Faraut (2493 et 2517m), par la rampe des Ailes et la br\u00e8che de la Chabournasse (2420m), que nous avons trouv\u00e9 dans notre topo &#8220;Vertiges d&#8217;en haut \u2013 Courses et randonn\u00e9es insolites en Dauphin\u00e9 : Sortie 16 (pages 86 \u00e0 93)&#8221;<\/p>\n<p>Le temps de cette course est donn\u00e9 dans le topo en 7h30 \u00e0 8h30, hors pauses.<\/p>\n<p>Avec un d\u00e9part \u00e0 1450m, nous entamons la mont\u00e9e \u00e0 travers la foret, puis \u00e0 travers les grandes pentes herbeuses. Les deux sommets de Feraut sont actuellement dans la brume mais le temps va se d\u00e9gager pour \u00eatre parfait toute la journ\u00e9e. Le bas de la rampe est visible \u00e0 l\u2019extr\u00eame gauche un peu en dehors de la photo.<\/p>\n<p><a  href=\"https:\/\/www.tomroc.com\/blog\/wp-content\/uploads\/20140816-1305-265.jpg\" data-rel=\"lightbox-gallery-0\" data-rl_title=\"20140816-1305-265.jpg\" data-rl_caption=\"OLYMPUS DIGITAL CAMERA\" title=\"20140816-1305-265.jpg\"><img loading=\"lazy\" decoding=\"async\" class=\"aligncenter wp-image-5964 size-large\" src=\"https:\/\/www.tomroc.com\/blog\/wp-content\/uploads\/20140816-1305-265-540x720.jpg\" alt=\"20140816-1305-265\" width=\"540\" height=\"720\" \/><\/a><\/p>\n<p>Le paysage qui se pr\u00e9sente \u00e0 nous d\u00e8s qu&#8217;on se retourne est de toute beaut\u00e9.<\/p>\n<p><a  href=\"https:\/\/www.tomroc.com\/blog\/wp-content\/uploads\/20140816-1437-282.jpg\" data-rel=\"lightbox-gallery-0\" data-rl_title=\"20140816-1437-282.jpg\" data-rl_caption=\"OLYMPUS DIGITAL CAMERA\" title=\"20140816-1437-282.jpg\"><img loading=\"lazy\" decoding=\"async\" class=\"aligncenter wp-image-5965 size-large\" src=\"https:\/\/www.tomroc.com\/blog\/wp-content\/uploads\/20140816-1437-282-960x720.jpg\" alt=\"20140816-1437-282\" width=\"960\" height=\"720\" \/><\/a><\/p>\n<p>Apr\u00e8s quelques passages plus d\u00e9licats dans des mont\u00e9es escarp\u00e9es et pierriers divers, nous acc\u00e9dons \u00e0 la base de la rampe, il est d\u00e9j\u00e0 15h20.<\/p>\n<p><a  href=\"https:\/\/www.tomroc.com\/blog\/wp-content\/uploads\/20140816-1520-298.jpg\" data-rel=\"lightbox-gallery-0\" data-rl_title=\"20140816-1520-298\" data-rl_caption=\"\" title=\"20140816-1520-298\"><img loading=\"lazy\" decoding=\"async\" class=\"aligncenter wp-image-5966 size-large\" src=\"https:\/\/www.tomroc.com\/blog\/wp-content\/uploads\/20140816-1520-298-960x720.jpg\" alt=\"20140816-1520-298\" width=\"800\" height=\"600\" \/><\/a>La remont\u00e9e dans la premi\u00e8re partie de la rampe est sans souci, parfois impressionnante mais sans danger avec un pied s\u00fbr.<\/p>\n<p><a  href=\"https:\/\/www.tomroc.com\/blog\/wp-content\/uploads\/20140816-1544-311.jpg\" data-rel=\"lightbox-gallery-0\" data-rl_title=\"L&#8217;acc\u00e8s la la rampe des jumeaux de Farrault\" data-rl_caption=\"D\u00e9voluy, France\" title=\"L&#8217;acc\u00e8s la la rampe des jumeaux de Farrault\"><img loading=\"lazy\" decoding=\"async\" class=\"aligncenter wp-image-5967 size-large\" src=\"https:\/\/www.tomroc.com\/blog\/wp-content\/uploads\/20140816-1544-311-960x720.jpg\" alt=\"20140816-1544-311\" width=\"960\" height=\"720\" \/><\/a>A la sortie de la premi\u00e8re rampe, nous acc\u00e9dons \u00e0 des premi\u00e8res pentes mod\u00e9r\u00e9ment raides en terrasses herbeuses, puis \u00e0 un cirque que l&#8217;on remonte dans la partie herbeuse en \u00e9vitant le pierrier. On acc\u00e8de \u00e0 la rampe terminale qui m\u00e8ne \u00e0 la br\u00e8che. La pente se redresse est les choses deviennent plus s\u00e9rieuses.<\/p>\n<p><a  href=\"https:\/\/www.tomroc.com\/blog\/wp-content\/uploads\/20140816-1608-320.jpg\" data-rel=\"lightbox-gallery-0\" data-rl_title=\"20140816-1608-320.jpg\" data-rl_caption=\"OLYMPUS DIGITAL CAMERA\" title=\"20140816-1608-320.jpg\"><img loading=\"lazy\" decoding=\"async\" class=\"aligncenter wp-image-5968 size-large\" src=\"https:\/\/www.tomroc.com\/blog\/wp-content\/uploads\/20140816-1608-320-960x720.jpg\" alt=\"20140816-1608-320\" width=\"960\" height=\"720\" \/><\/a>On attaque la seconde rampe \u00e0 16h, et le rythme se ralentit encore, la progression se fait par endroit par de l&#8217;escalade facile.<\/p>\n<p><a  href=\"https:\/\/www.tomroc.com\/blog\/wp-content\/uploads\/20140816-1618-330.jpg\" data-rel=\"lightbox-gallery-0\" data-rl_title=\"20140816-1618-330.jpg\" data-rl_caption=\"OLYMPUS DIGITAL CAMERA\" title=\"20140816-1618-330.jpg\"><img loading=\"lazy\" decoding=\"async\" class=\"aligncenter wp-image-5969 size-large\" src=\"https:\/\/www.tomroc.com\/blog\/wp-content\/uploads\/20140816-1618-330-540x720.jpg\" alt=\"20140816-1618-330\" width=\"540\" height=\"720\" \/><\/a>On parvient \u00e0 une vire confortable d&#8217;o\u00f9 l&#8217;on admire la vue avant les hostilit\u00e9 de la fin de la mont\u00e9e. Un cours passage d&#8217;escalade n\u00e9cessite un peu de r\u00e9flexion, il s&#8217;agira d&#8217;un passage o\u00f9 tirer un rappel \u00e0 la descente.<\/p>\n<p><a  href=\"https:\/\/www.tomroc.com\/blog\/wp-content\/uploads\/20140816-1634-334.jpg\" data-rel=\"lightbox-gallery-0\" data-rl_title=\"20140816-1634-334.jpg\" data-rl_caption=\"OLYMPUS DIGITAL CAMERA\" title=\"20140816-1634-334.jpg\"><img loading=\"lazy\" decoding=\"async\" class=\"aligncenter wp-image-5970 size-large\" src=\"https:\/\/www.tomroc.com\/blog\/wp-content\/uploads\/20140816-1634-334-960x720.jpg\" alt=\"20140816-1634-334\" width=\"960\" height=\"720\" \/><\/a>Comme le dit justement le topo, la sortie \u00e0 la br\u00e8che demande quelques louvoiements. Il faut prendre toujours soin de ne pas faire partir trop de cailloux car tout s&#8217;effrite et rien ne tient. Apr\u00e8s quelques pas d&#8217;escalade facile on acc\u00e8de \u00e0 17h30 sur l&#8217;autre versant qui descend en pente &#8220;douce&#8221; et offre une vue incroyable.<\/p>\n<p><a  href=\"https:\/\/www.tomroc.com\/blog\/wp-content\/uploads\/20140816-1727-344.jpg\" data-rel=\"lightbox-gallery-0\" data-rl_title=\"20140816-1727-344.jpg\" data-rl_caption=\"OLYMPUS DIGITAL CAMERA\" title=\"20140816-1727-344.jpg\"><img loading=\"lazy\" decoding=\"async\" class=\"aligncenter wp-image-5957 size-large\" src=\"https:\/\/www.tomroc.com\/blog\/wp-content\/uploads\/20140816-1727-344-960x720.jpg\" alt=\"20140816-1727-344\" width=\"960\" height=\"720\" \/><\/a><\/p>\n<p>L&#8221;heure tourne et nous sommes d\u00e9j\u00e0 tr\u00e8s en retard mais d\u00e9cidons de poursuivre n\u00e9anmoins, en conscience &#8211; enfin pour moi puisque Sandrine a oubli\u00e9 son altim\u00e8tre et n&#8217;a probablement pas la m\u00eame notion du temps qui s&#8217;\u00e9coule :)<\/p>\n<p>Nous suivons les indications du topo, et descendons dans le cirque entre les deux Faraut &#8211; petite parenth\u00e8se, pas si simple de rep\u00e9rer le cairn qui indique le passage de descente. Apr\u00e8s avoir travers\u00e9 le pierrier et suivi la trace des bouquetins &#8211; je rep\u00e8re une caverne qui ferai un bel abri &#8211; et nous remontons dans le couloir de pierrailles et trouvons le monolithe \u00e0 gauche comme le stipule le topo. Il est d\u00e9j\u00e0 trop tard, 18h25 &#8211; et pour rappel il va faire nuit \u00e0 21h15 \u00e0 cette \u00e9poque de l&#8217;ann\u00e9e.<\/p>\n<p><a  href=\"https:\/\/www.tomroc.com\/blog\/wp-content\/uploads\/20140816-1822-361.jpg\" data-rel=\"lightbox-gallery-0\" data-rl_title=\"20140816-1822-361.jpg\" data-rl_caption=\"OLYMPUS DIGITAL CAMERA\" title=\"20140816-1822-361.jpg\"><img loading=\"lazy\" decoding=\"async\" class=\"aligncenter wp-image-5958 size-large\" src=\"https:\/\/www.tomroc.com\/blog\/wp-content\/uploads\/20140816-1822-361-960x720.jpg\" alt=\"20140816-1822-361\" width=\"960\" height=\"720\" \/><\/a><\/p>\n<p>Nous entamons la mont\u00e9e vers le premier des Faraut, mais la situation v\u00e9cue ne correspond pas \u00e0 la situation d\u00e9crite dans le topo. Sandrine me rejoint, avec douleur car le passage est p\u00e9rilleux &#8211; escalade avec beaucoup de gaz, et une pierre sur deux qui se d\u00e9croche. En fait il s&#8217;av\u00e8re qu&#8217;avec mon topo imprim\u00e9 en noir et blanc, j&#8217;ai commis une erreur de lecture et nous sommes remont\u00e9 dans le mauvais couloir, et nous sommes donc sur un non-sommet, entre les deux Faraut. Il est 19h24. Nous sortons le mat\u00e9riel, nous nous encordons, et faisons demi-tour. Nous atteignons de nouveau le &#8220;col&#8221; \u00e0 20h15. Puisqu&#8217;il ne reste qu&#8217;une heure avant la nuit, nous n&#8217;avons pas d&#8217;autre alternative que d&#8217;aller dormir dans la caverne que j&#8217;avais rep\u00e9r\u00e9 \u00e0 l&#8217;aller.<\/p>\n<h1>Jour 2<\/h1>\n<p>La nuit a assur\u00e9ment \u00e9t\u00e9 mauvaise, mais finalement pas si horrible que cela. Nous avons construit un bel abri finalement: nous avons pu boucher l&#8217;entr\u00e9e de pierre, et les &#8220;portes&#8221; ont \u00e9t\u00e9 constitu\u00e9 par nos sacs \u00e0 dos, si bien qu&#8217;il ne restait qu&#8217;une petite ouverture. Nous avons recouvert le sol de la corde \u00e9tal\u00e9e. Et les deux couvertures de survie ont permis de &#8220;r\u00e9chauffer&#8221; encore un peu plus nos corps coll\u00e9s l&#8217;un \u00e0 l&#8217;autre. Le plus dur finalement \u00e9tait l&#8217;impossibilit\u00e9 de dormir sur le dos, position pourtant la plus confortable mais avec trop de d\u00e9perdition thermique. Sur le c\u00f4t\u00e9, les cailloux qui s&#8217;enfoncent dans les cotes nous imposent de se retourner tr\u00e8s r\u00e9guli\u00e8rement toute la nuit.<a  href=\"https:\/\/www.tomroc.com\/blog\/wp-content\/uploads\/20140817-0626-398.jpg\" data-rel=\"lightbox-gallery-0\" data-rl_title=\"20140817-0626-398.jpg\" data-rl_caption=\"OLYMPUS DIGITAL CAMERA\" title=\"20140817-0626-398.jpg\"><img loading=\"lazy\" decoding=\"async\" class=\"aligncenter wp-image-5959 size-large\" src=\"https:\/\/www.tomroc.com\/blog\/wp-content\/uploads\/20140817-0626-398-960x720.jpg\" alt=\"20140817-0626-398\" width=\"960\" height=\"720\" \/><\/a>Au petit matin, nous nous rendons compte que nous avons dormis un peu et nous levons \u00e0 6h15. Il nous reste peu d&#8217;eau, le moral n&#8217;est pas suffisamment haut pour attaquer l&#8217;ascension des Faraut, alors nous visons directement la descente.<\/p>\n<p><a  href=\"https:\/\/www.tomroc.com\/blog\/wp-content\/uploads\/20140817-0653-402.jpg\" data-rel=\"lightbox-gallery-0\" data-rl_title=\"20140817-0653-402.jpg\" data-rl_caption=\"OLYMPUS DIGITAL CAMERA\" title=\"20140817-0653-402.jpg\"><img loading=\"lazy\" decoding=\"async\" class=\"aligncenter wp-image-5960 size-large\" src=\"https:\/\/www.tomroc.com\/blog\/wp-content\/uploads\/20140817-0653-402-960x720.jpg\" alt=\"20140817-0653-402\" width=\"960\" height=\"720\" \/><\/a>Au col \u00e0 7h10, nous d\u00e9marrons la descente. Et rapidement le temps recommence \u00e0 filer, l&#8217;aisance de Sandrine n&#8217;\u00e9tant pas grande dans ces phases l\u00e0.<\/p>\n<p><a  href=\"https:\/\/www.tomroc.com\/blog\/wp-content\/uploads\/20140817-0930-419.jpg\" data-rel=\"lightbox-gallery-0\" data-rl_title=\"20140817-0930-419.jpg\" data-rl_caption=\"OLYMPUS DIGITAL CAMERA\" title=\"20140817-0930-419.jpg\"><img loading=\"lazy\" decoding=\"async\" class=\"aligncenter wp-image-5961 size-large\" src=\"https:\/\/www.tomroc.com\/blog\/wp-content\/uploads\/20140817-0930-419-960x720.jpg\" alt=\"20140817-0930-419\" width=\"960\" height=\"720\" \/><\/a><\/p>\n<p><a  href=\"https:\/\/www.tomroc.com\/blog\/wp-content\/uploads\/20140817-0930-420.jpg\" data-rel=\"lightbox-gallery-0\" data-rl_title=\"20140817-0930-420.jpg\" data-rl_caption=\"OLYMPUS DIGITAL CAMERA\" title=\"20140817-0930-420.jpg\"><img loading=\"lazy\" decoding=\"async\" class=\"aligncenter wp-image-5962 size-large\" src=\"https:\/\/www.tomroc.com\/blog\/wp-content\/uploads\/20140817-0930-420-960x720.jpg\" alt=\"20140817-0930-420\" width=\"960\" height=\"720\" \/><\/a>Apr\u00e8s quelques errements dans les rampes, mais rien de bien m\u00e9chant, nous atteignons le bas de la rampe vers 12h.<\/p>\n<p><a  href=\"https:\/\/www.tomroc.com\/blog\/wp-content\/uploads\/20140817-1119-426.jpg\" data-rel=\"lightbox-gallery-0\" data-rl_title=\"20140817-1119-426.jpg\" data-rl_caption=\"OLYMPUS DIGITAL CAMERA\" title=\"20140817-1119-426.jpg\"><img loading=\"lazy\" decoding=\"async\" class=\"aligncenter wp-image-5963 size-large\" src=\"https:\/\/www.tomroc.com\/blog\/wp-content\/uploads\/20140817-1119-426-960x720.jpg\" alt=\"20140817-1119-426\" width=\"960\" height=\"720\" \/><\/a><\/p>\n<p>Retour \u00e0 la voiture \u00e0 13h20, soit 6h au total pour descendre depuis la br\u00e8che, l\u00e0 o\u00f9 le topo le donnait en 2 \u00e0 3h ..<\/p>\n<p>On d\u00e9jeune, et retour sur Paris !<\/p>\n<h1>Notre parcours<\/h1>\n<ul>\n<li>Distance (km) : 17<\/li>\n<li>D\u00e9nivel\u00e9 (m) : +1700 -1700<\/li>\n<li>Horaires : 2 jours<\/li>\n<\/ul>\n\t\t<div id=\"maps-marker-pro-0fccd39d\" class=\"maps-marker-pro\" style=\"width: 100%;\">\n\t\t\t<div id=\"mmp-map-wrap-0fccd39d\" class=\"mmp-map-wrap\">\n\t\t\t\t\t\t\t\t<div id=\"mmp-map-0fccd39d\" class=\"mmp-map\" style=\"height: 720px;\"><\/div>\n\t\t\t\t\t\t\t\t\t<div id=\"mmp-chart-wrap-0fccd39d\" class=\"mmp-gpx-chart-wrap\" style=\"height: 200px;\"><\/div>\n\t\t\t\t\t\t\t<\/div>\n\t\t\t\t\t<\/div>\n\t\t\n","protected":false},"excerpt":{"rendered":"<p>Fatigu\u00e9 de la semaine et de la journ\u00e9e pr\u00e9c\u00e9dente de ce week-end prolong\u00e9, nous faisons grasse matin\u00e9e &#8211; 8h, et prenons la route \u00e0 la recherche d&#8217;essence puisque notre jauge indique 20km ce qui ne repr\u00e9sente pas grand chose dans le Vercors et toutes ses cotes. Puis direction le Devoluy. Si bien que nous arrivons [&hellip;]<\/p>\n","protected":false},"author":1,"featured_media":5971,"comment_status":"open","ping_status":"open","sticky":false,"template":"","format":"standard","meta":{"_et_pb_use_builder":"","_et_pb_old_content":"","_et_gb_content_width":"","footnotes":""},"categories":[38,53],"tags":[3,57,471,12,130,624],"class_list":["post-5939","post","type-post","status-publish","format-standard","has-post-thumbnail","hentry","category-alpinisme","category-randonnee-trail","tag-alpinisme","tag-bivouac","tag-devoluy","tag-outdoor","tag-randonnee-vertige","tag-sandrine-p"],"_links":{"self":[{"href":"https:\/\/www.tomroc.com\/blog\/wp-json\/wp\/v2\/posts\/5939","targetHints":{"allow":["GET"]}}],"collection":[{"href":"https:\/\/www.tomroc.com\/blog\/wp-json\/wp\/v2\/posts"}],"about":[{"href":"https:\/\/www.tomroc.com\/blog\/wp-json\/wp\/v2\/types\/post"}],"author":[{"embeddable":true,"href":"https:\/\/www.tomroc.com\/blog\/wp-json\/wp\/v2\/users\/1"}],"replies":[{"embeddable":true,"href":"https:\/\/www.tomroc.com\/blog\/wp-json\/wp\/v2\/comments?post=5939"}],"version-history":[{"count":0,"href":"https:\/\/www.tomroc.com\/blog\/wp-json\/wp\/v2\/posts\/5939\/revisions"}],"wp:featuredmedia":[{"embeddable":true,"href":"https:\/\/www.tomroc.com\/blog\/wp-json\/wp\/v2\/media\/5971"}],"wp:attachment":[{"href":"https:\/\/www.tomroc.com\/blog\/wp-json\/wp\/v2\/media?parent=5939"}],"wp:term":[{"taxonomy":"category","embeddable":true,"href":"https:\/\/www.tomroc.com\/blog\/wp-json\/wp\/v2\/categories?post=5939"},{"taxonomy":"post_tag","embeddable":true,"href":"https:\/\/www.tomroc.com\/blog\/wp-json\/wp\/v2\/tags?post=5939"}],"curies":[{"name":"wp","href":"https:\/\/api.w.org\/{rel}","templated":true}]}}