{"id":6331,"date":"2014-09-20T21:32:19","date_gmt":"2014-09-20T20:32:19","guid":{"rendered":"http:\/\/www.tomroc.com\/blog\/?p=6331"},"modified":"2020-03-04T13:30:58","modified_gmt":"2020-03-04T12:30:58","slug":"lueur-sur-leglise-en-vallee","status":"publish","type":"post","link":"https:\/\/www.tomroc.com\/blog\/2014\/09\/lueur-sur-leglise-en-vallee\/","title":{"rendered":"Alpinisme en Ubaye avec le CAF"},"content":{"rendered":"<h1>Jour 1<\/h1>\n<p>Nous arrivons t\u00f4t samedi matin sur place, mais le temps est pluvieux, il a neig\u00e9 \u00e0 ~ 2800m et l&#8217;on nous d\u00e9conseille de nous engager en montagne. Alors la premi\u00e8re partie de la journ\u00e9e est consacr\u00e9e \u00e0 de l&#8217;escalade en couenne non loin du refuge de Maljasset. Durant l&#8217;apr\u00e8s-midi, nous nous r\u00e9partissons tous sur diff\u00e9rents objectifs et je joins Yann Ghisan et Gr\u00e9mault &#8211; bonne orthographe ? &#8211; pour une mont\u00e9e au col de G\u00e9rardin.<\/p>\n<p><a  href=\"https:\/\/www.tomroc.com\/blog\/wp-content\/uploads\/20140920-1445-20.jpg\" data-rel=\"lightbox-gallery-0\" data-rl_title=\"20140920-1445-20.jpg\" data-rl_caption=\"Mont\u00e9e flash au col\" title=\"20140920-1445-20.jpg\"><img decoding=\"async\" class=\"aligncenter wp-image-6348 size-large\" src=\"https:\/\/www.tomroc.com\/blog\/wp-content\/uploads\/20140920-1445-20-960x720.jpg\" alt=\"Mont\u00e9e flash au col\" width=\"800&quot;\" height=\"720\"><\/a><\/p>\n<p>Nous faisons les 700m de d\u00e9nivel\u00e9 au pas de course et arrivons au col en 1h05.<\/p>\n<p><a  href=\"https:\/\/www.tomroc.com\/blog\/wp-content\/uploads\/20140920-1533-28.jpg\" data-rel=\"lightbox-gallery-0\" data-rl_title=\"20140920-1533-28.jpg\" data-rl_caption=\"Au col de G\u00e9rardin\" title=\"20140920-1533-28.jpg\"><img decoding=\"async\" class=\"aligncenter wp-image-6349 size-large\" src=\"https:\/\/www.tomroc.com\/blog\/wp-content\/uploads\/20140920-1533-28-960x720.jpg\" alt=\"Au col de G\u00e9rardin\" width=\"800&quot;\" height=\"720\"><\/a><\/p>\n<p>Nous poursuivons un peu sur les cr\u00eates.<\/p>\n<p><a  href=\"https:\/\/www.tomroc.com\/blog\/wp-content\/uploads\/20140920-1606-35.jpg\" data-rel=\"lightbox-gallery-0\" data-rl_title=\"20140920-1606-35.jpg\" data-rl_caption=\"Les ar\u00eates depuis le col G\u00e9rardin\" title=\"20140920-1606-35.jpg\"><img decoding=\"async\" class=\"aligncenter wp-image-6351 size-large\" src=\"https:\/\/www.tomroc.com\/blog\/wp-content\/uploads\/20140920-1606-35-960x720.jpg\" alt=\"Les ar\u00eates depuis le col G\u00e9rardin\" width=\"800&quot;\" height=\"720\"><\/a><\/p>\n<p>Le groupe se s\u00e9pare et nous empruntons quatre chemins diff\u00e9rents pour la descente, Gr\u00e9mault et moi faisant le m\u00eame chemin qu&#8217;\u00e0 l&#8217;aller.<\/p>\n<h2><img decoding=\"async\" class=\"aligncenter wp-image-6344 size-large\" src=\"https:\/\/www.tomroc.com\/blog\/wp-content\/uploads\/20140920-1703-51-960x720.jpg\" alt=\"Un marin en montagne sur le replat herbeux\" width=\"800&quot;\" height=\"720\">Notre parcours<\/h2>\n\t\t<div id=\"maps-marker-pro-9c072084\" class=\"maps-marker-pro\" style=\"width: 100%;\">\n\t\t\t<div id=\"mmp-map-wrap-9c072084\" class=\"mmp-map-wrap\">\n\t\t\t\t\t\t\t\t<div id=\"mmp-map-9c072084\" class=\"mmp-map\" style=\"height: 720px;\"><\/div>\n\t\t\t\t\t\t\t\t\t<div id=\"mmp-chart-wrap-9c072084\" class=\"mmp-gpx-chart-wrap\" style=\"height: 200px;\"><\/div>\n\t\t\t\t\t\t\t<\/div>\n\t\t\t\t\t<\/div>\n\t\t\n<h1>Jour 2<\/h1>\n<p>Le temps est stable et non pluvieux, le r\u00e9veil sonne \u00e0 6h et nous attaquons la journ\u00e9e vers 7h. Nous sommes au pied de la voie \u00e0 8h, et attaquons les successions de dalles de la voie :<\/p>\n<ul>\n<li><a href=\"http:\/\/www.camptocamp.org\/routes\/360849\/fr\/les-cent-une-dalles-martiennes\">P\u00e9ouvou : Les Cent Une Dalles Martiennes (D II 5c)<\/a><strong><br \/>\n<\/strong><\/li>\n<\/ul>\n<p>La cotation n&#8217;est pas \u00e9lev\u00e9e mais le d\u00e9marrage \u00e0 froid n&#8217;est pas si simple. La vue derri\u00e8re nous est magnifique.<\/p>\n<p><a  href=\"https:\/\/www.tomroc.com\/blog\/wp-content\/uploads\/20140921-1359-113.jpg\" data-rel=\"lightbox-gallery-0\" data-rl_title=\"Depuis les 101 dalles martiennes\" data-rl_caption=\"Queyras, France\" title=\"Depuis les 101 dalles martiennes\"><img decoding=\"async\" class=\"aligncenter wp-image-6347 size-large\" src=\"https:\/\/www.tomroc.com\/blog\/wp-content\/uploads\/20140921-1359-113-960x720.jpg\" alt=\"Depuis les 101 dalles martiennes\" width=\"800&quot;\" height=\"720\"><\/a><\/p>\n<p>Nous sommes r\u00e9partis en 2 cord\u00e9es, je suis encord\u00e9 avec Arnaud. Je m\u00e8nerai la quasi totalit\u00e9 de la grimpe en t\u00eate. Nos cord\u00e9es n&#8217;avancent pas suffisamment rapidement pour que nous esp\u00e9rions pouvoir boucler les 16 longueurs dans les temps &#8211; avec un retour au refuge \u00e0 16h ! Alors apr\u00e8s 9 longueurs, nous prenons l&#8217;option &#8220;rappels&#8221; et d\u00e9butons la descente \u00e0 13h.<\/p>\n<p><a  href=\"https:\/\/www.tomroc.com\/blog\/wp-content\/uploads\/20140921-1300-88.jpg\" data-rel=\"lightbox-gallery-0\" data-rl_title=\"20140921-1300-88.jpg\" data-rl_caption=\"Cinq aux relais\" title=\"20140921-1300-88.jpg\"><img decoding=\"async\" class=\"aligncenter wp-image-6345 size-large\" src=\"https:\/\/www.tomroc.com\/blog\/wp-content\/uploads\/20140921-1300-88-960x720.jpg\" alt=\"Cinq aux relais\" width=\"800&quot;\" height=\"720\"><\/a><\/p>\n<p>Nous arrivons au pied de la voie \u00e0 15h, alors nous mettons rapidement les voiles et sommes de retour au refuge \u00e0 16h.<\/p>\n<p><a  href=\"https:\/\/www.tomroc.com\/blog\/wp-content\/uploads\/20140921-1323-98.jpg\" data-rel=\"lightbox-gallery-0\" data-rl_title=\"20140921-1323-98.jpg\" data-rl_caption=\"Descente en rappel\" title=\"20140921-1323-98.jpg\"><img decoding=\"async\" class=\"aligncenter wp-image-6346 size-large\" src=\"https:\/\/www.tomroc.com\/blog\/wp-content\/uploads\/20140921-1323-98-960x720.jpg\" alt=\"Descente en rappel\" width=\"800&quot;\" height=\"720\"><\/a><\/p>\n<h2>Notre parcours<\/h2>\n\t\t<div id=\"maps-marker-pro-57154e6d\" class=\"maps-marker-pro\" style=\"width: 100%;\">\n\t\t\t<div id=\"mmp-map-wrap-57154e6d\" class=\"mmp-map-wrap\">\n\t\t\t\t\t\t\t\t<div id=\"mmp-map-57154e6d\" class=\"mmp-map\" style=\"height: 720px;\"><\/div>\n\t\t\t\t\t\t\t\t\t<div id=\"mmp-chart-wrap-57154e6d\" class=\"mmp-gpx-chart-wrap\" style=\"height: 200px;\"><\/div>\n\t\t\t\t\t\t\t<\/div>\n\t\t\t\t\t<\/div>\n\t\t\n","protected":false},"excerpt":{"rendered":"<p>Week-end d&#8217;alpinisme avec le CAF IDF en Ubaye, la m\u00e9t\u00e9o nous m\u00e8ne \u00e0 faire:<br \/>\n. Randonn\u00e9e au col du G\u00e9rardin<br \/>\n. P\u00e9ouvou : Les Cent Une Dalles Martiennes (D II 5c)<\/p>\n","protected":false},"author":1,"featured_media":6343,"comment_status":"open","ping_status":"open","sticky":false,"template":"","format":"standard","meta":{"_et_pb_use_builder":"","_et_pb_old_content":"","_et_gb_content_width":"","footnotes":""},"categories":[38,39],"tags":[3,464,1270,12,653,473],"class_list":["post-6331","post","type-post","status-publish","format-standard","has-post-thumbnail","hentry","category-alpinisme","category-escalade","tag-alpinisme","tag-caf-idf","tag-cotation-d","tag-outdoor","tag-refuge-de-maljasset","tag-ubaye"],"_links":{"self":[{"href":"https:\/\/www.tomroc.com\/blog\/wp-json\/wp\/v2\/posts\/6331","targetHints":{"allow":["GET"]}}],"collection":[{"href":"https:\/\/www.tomroc.com\/blog\/wp-json\/wp\/v2\/posts"}],"about":[{"href":"https:\/\/www.tomroc.com\/blog\/wp-json\/wp\/v2\/types\/post"}],"author":[{"embeddable":true,"href":"https:\/\/www.tomroc.com\/blog\/wp-json\/wp\/v2\/users\/1"}],"replies":[{"embeddable":true,"href":"https:\/\/www.tomroc.com\/blog\/wp-json\/wp\/v2\/comments?post=6331"}],"version-history":[{"count":0,"href":"https:\/\/www.tomroc.com\/blog\/wp-json\/wp\/v2\/posts\/6331\/revisions"}],"wp:featuredmedia":[{"embeddable":true,"href":"https:\/\/www.tomroc.com\/blog\/wp-json\/wp\/v2\/media\/6343"}],"wp:attachment":[{"href":"https:\/\/www.tomroc.com\/blog\/wp-json\/wp\/v2\/media?parent=6331"}],"wp:term":[{"taxonomy":"category","embeddable":true,"href":"https:\/\/www.tomroc.com\/blog\/wp-json\/wp\/v2\/categories?post=6331"},{"taxonomy":"post_tag","embeddable":true,"href":"https:\/\/www.tomroc.com\/blog\/wp-json\/wp\/v2\/tags?post=6331"}],"curies":[{"name":"wp","href":"https:\/\/api.w.org\/{rel}","templated":true}]}}