{"id":7229,"date":"2013-08-04T15:43:29","date_gmt":"2013-08-04T14:43:29","guid":{"rendered":"http:\/\/www.tomroc.com\/blog\/?p=7229"},"modified":"2023-03-26T10:50:17","modified_gmt":"2023-03-26T09:50:17","slug":"randonnee-vertige-au-grand-ferrand","status":"publish","type":"post","link":"https:\/\/www.tomroc.com\/blog\/2013\/08\/randonnee-vertige-au-grand-ferrand\/","title":{"rendered":"Le Grand Ferrand (2758m) par les tunnels"},"content":{"rendered":"\n<p>Sandrine et moi choisissons de nous attaquer au Grand Ferrand par un cheminement astucieux d\u00e9couvert dans le livre topo &#8220;Vertiges d&#8217;en Haut&#8221; de Pascal Sombardier &#8211; page 104.<\/p>\n\n\n\n<p>Sur le trajet aller, nous pouvons admirer le passage clef de la randonn\u00e9e de la <a href=\"https:\/\/www.tomroc.com\/blog\/2013\/07\/grande-sangle-du-baconnet\/\">grande sangle du Baconnet<\/a> que nous avons r\u00e9alis\u00e9e en juillet de cette ann\u00e9e.<\/p>\n\n\n\n<figure class=\"wp-block-image aligncenter\"><a  href=\"https:\/\/www.tomroc.com\/blog\/wp-content\/uploads\/20130804-0911-2.jpg\" data-rel=\"lightbox-gallery-0\" data-rl_title=\"20130804-0911-2.jpg\" data-rl_caption=\"Sur notre trajet aller, les gorges du Baconnet\" title=\"20130804-0911-2.jpg\"><img loading=\"lazy\" decoding=\"async\" width=\"960\" height=\"720\" src=\"https:\/\/www.tomroc.com\/blog\/wp-content\/uploads\/20130804-0911-2-960x720.jpg\" alt=\"Sur notre trajet aller, les gorges du Baconnet\" class=\"wp-image-5287\"\/><\/a><\/figure>\n\n\n\n<p><\/p>\n\n\n\n<figure class=\"wp-block-image aligncenter\"><a  href=\"https:\/\/www.tomroc.com\/blog\/wp-content\/uploads\/20130804-1135-17.jpg\" data-rel=\"lightbox-gallery-0\" data-rl_title=\"20130804-1135-17.jpg\" data-rl_caption=\"Dans le canyon des Adroits, la corde fixe au fond\" title=\"20130804-1135-17.jpg\"><img loading=\"lazy\" decoding=\"async\" width=\"960\" height=\"720\" src=\"https:\/\/www.tomroc.com\/blog\/wp-content\/uploads\/20130804-1135-17-960x720.jpg\" alt=\"Dans le canyon des Adroits, la corde fixe au fond\" class=\"wp-image-5288\"\/><\/a><\/figure>\n\n\n\n<figure class=\"wp-block-image aligncenter\"><a  href=\"https:\/\/www.tomroc.com\/blog\/wp-content\/uploads\/20130804-1252-40.jpg\" data-rel=\"lightbox-gallery-0\" data-rl_title=\"20130804-1252-40.jpg\" data-rl_caption=\"Depuis le vallon de Charnier\" title=\"20130804-1252-40.jpg\"><img loading=\"lazy\" decoding=\"async\" width=\"960\" height=\"720\" src=\"https:\/\/www.tomroc.com\/blog\/wp-content\/uploads\/20130804-1252-40-960x720.jpg\" alt=\"Depuis le vallon de Charnier\" class=\"wp-image-5289\"\/><\/a><\/figure>\n\n\n\n<figure class=\"wp-block-image aligncenter\"><a  href=\"https:\/\/www.tomroc.com\/blog\/wp-content\/uploads\/20130804-1315-50.jpg\" data-rel=\"lightbox-gallery-0\" data-rl_title=\"20130804-1315-50.jpg\" data-rl_caption=\"Roche Courbe et l&#039;arche des Adroits\" title=\"20130804-1315-50.jpg\"><img loading=\"lazy\" decoding=\"async\" width=\"960\" height=\"720\" src=\"https:\/\/www.tomroc.com\/blog\/wp-content\/uploads\/20130804-1315-50-960x720.jpg\" alt=\"Roche Courbe et l'arche des Adroits\" class=\"wp-image-5290\"\/><\/a><\/figure>\n\n\n\n<figure class=\"wp-block-image aligncenter\"><a  href=\"https:\/\/www.tomroc.com\/blog\/wp-content\/uploads\/20130804-1346-691.jpg\" data-rel=\"lightbox-gallery-0\" data-rl_title=\"20130804-1346-69.jpg\" data-rl_caption=\"Exploration de tunnel\" title=\"20130804-1346-69.jpg\"><img loading=\"lazy\" decoding=\"async\" width=\"960\" height=\"720\" src=\"https:\/\/www.tomroc.com\/blog\/wp-content\/uploads\/20130804-1346-691-960x720.jpg\" alt=\"Exploration de tunnel\" class=\"wp-image-7155\"\/><\/a><figcaption class=\"wp-element-caption\">Exploration de tunnel<\/figcaption><\/figure>\n\n\n\n<figure class=\"wp-block-image aligncenter\"><a  href=\"https:\/\/www.tomroc.com\/blog\/wp-content\/uploads\/20130804-1402-82.jpg\" data-rel=\"lightbox-gallery-0\" data-rl_title=\"20130804-1402-82.jpg\" data-rl_caption=\"Sortie du tunnel des Adroits\" title=\"20130804-1402-82.jpg\"><img loading=\"lazy\" decoding=\"async\" width=\"960\" height=\"720\" src=\"https:\/\/www.tomroc.com\/blog\/wp-content\/uploads\/20130804-1402-82-960x720.jpg\" alt=\"Sortie du tunnel des Adroits\" class=\"wp-image-5276\"\/><\/a><\/figure>\n\n\n\n<p><\/p>\n\n\n\n<figure class=\"wp-block-image aligncenter\"><a  href=\"https:\/\/www.tomroc.com\/blog\/wp-content\/uploads\/20130804-1508-89.jpg\" data-rel=\"lightbox-gallery-0\" data-rl_title=\"20130804-1508-89.jpg\" data-rl_caption=\"Le pas de la Cloche\" title=\"20130804-1508-89.jpg\"><img loading=\"lazy\" decoding=\"async\" width=\"960\" height=\"720\" src=\"https:\/\/www.tomroc.com\/blog\/wp-content\/uploads\/20130804-1508-89-960x720.jpg\" alt=\"Le pas de la Cloche\" class=\"wp-image-5277\"\/><\/a><\/figure>\n\n\n\n<figure class=\"wp-block-image aligncenter\"><a  href=\"https:\/\/www.tomroc.com\/blog\/wp-content\/uploads\/20130804-1606-99.jpg\" data-rel=\"lightbox-gallery-0\" data-rl_title=\"20130804-1606-99.jpg\" data-rl_caption=\"En direction du tunnel de la Cloche\" title=\"20130804-1606-99.jpg\"><img loading=\"lazy\" decoding=\"async\" width=\"960\" height=\"720\" src=\"https:\/\/www.tomroc.com\/blog\/wp-content\/uploads\/20130804-1606-99-960x720.jpg\" alt=\"En direction du tunnel de la Cloche\" class=\"wp-image-5278\"\/><\/a><\/figure>\n\n\n\n<figure class=\"wp-block-image aligncenter\"><a  href=\"https:\/\/www.tomroc.com\/blog\/wp-content\/uploads\/20130804-1730-126.jpg\" data-rel=\"lightbox-gallery-0\" data-rl_title=\"Roche Courbe\" data-rl_caption=\"Roche Courbe\" title=\"Roche Courbe\"><img loading=\"lazy\" decoding=\"async\" width=\"960\" height=\"720\" src=\"https:\/\/www.tomroc.com\/blog\/wp-content\/uploads\/20130804-1730-126-960x720.jpg\" alt=\"Roche Courbe\" class=\"wp-image-5279\"\/><\/a><\/figure>\n\n\n\n<p>Le sommet du Grand Ferrand se d\u00e9voile, ainsi que le Chorum olympique.<\/p>\n\n\n\n<figure class=\"wp-block-image aligncenter\"><a  href=\"https:\/\/www.tomroc.com\/blog\/wp-content\/uploads\/20130804-1756-136.jpg\" data-rel=\"lightbox-gallery-0\" data-rl_title=\"Le Grand et Petit Ferrand, le chourum Olympique et les arches interf\u00e9rantes\" data-rl_caption=\"Devoluy, France\" title=\"Le Grand et Petit Ferrand, le chourum Olympique et les arches interf\u00e9rantes\"><img loading=\"lazy\" decoding=\"async\" width=\"960\" height=\"720\" src=\"https:\/\/www.tomroc.com\/blog\/wp-content\/uploads\/20130804-1756-136-960x720.jpg\" alt=\"\" class=\"wp-image-5280\"\/><\/a><\/figure>\n\n\n\n<p><\/p>\n\n\n\n<p>Le tunnel qui m\u00e8ne aux arches interf\u00e9rentes est presque \u00e0 l&#8217;aplomb du chorum.<\/p>\n\n\n\n<figure class=\"wp-block-image aligncenter\"><a  href=\"https:\/\/www.tomroc.com\/blog\/wp-content\/uploads\/20130804-1855-153.jpg\" data-rel=\"lightbox-gallery-0\" data-rl_title=\"20130804-1855-153.jpg\" data-rl_caption=\"Les arches interf\u00e9rantes\" title=\"20130804-1855-153.jpg\"><img loading=\"lazy\" decoding=\"async\" width=\"960\" height=\"720\" src=\"https:\/\/www.tomroc.com\/blog\/wp-content\/uploads\/20130804-1855-153-960x720.jpg\" alt=\"Les arches interf\u00e9rantes\" class=\"wp-image-5281\"\/><\/a><\/figure>\n\n\n\n<p>Nous pouvons distinguer ici l&#8217;entr\u00e9e et la sortie du chorum.<\/p>\n\n\n\n<figure class=\"wp-block-image aligncenter\"><a  href=\"https:\/\/www.tomroc.com\/blog\/wp-content\/uploads\/20130804-1855-155.jpg\" data-rel=\"lightbox-gallery-0\" data-rl_title=\"20130804-1855-155.jpg\" data-rl_caption=\"Le Chourum Olympique\" title=\"20130804-1855-155.jpg\"><img loading=\"lazy\" decoding=\"async\" width=\"960\" height=\"720\" src=\"https:\/\/www.tomroc.com\/blog\/wp-content\/uploads\/20130804-1855-155-960x720.jpg\" alt=\"Le Chourum Olympique\" class=\"wp-image-5282\"\/><\/a><\/figure>\n\n\n\n<p>Press\u00e9s par le temps, nous devons nous r\u00e9soudre \u00e0 raccourcir notre aventure en nous rabattant sur la voie normale du Grand Ferrand. Les arches interf\u00e9rentes, ce sera pour une autre fois !<\/p>\n\n\n\n<figure class=\"wp-block-image aligncenter\"><a  href=\"https:\/\/www.tomroc.com\/blog\/wp-content\/uploads\/20130804-1857-160.jpg\" data-rel=\"lightbox-gallery-0\" data-rl_title=\"20130804-1857-160.jpg\" data-rl_caption=\"La redescente du Grand Ferrand par la voie normale\" title=\"20130804-1857-160.jpg\"><img loading=\"lazy\" decoding=\"async\" width=\"960\" height=\"720\" src=\"https:\/\/www.tomroc.com\/blog\/wp-content\/uploads\/20130804-1857-160-960x720.jpg\" alt=\"La redescente du Grand Ferrand par la voie normale\" class=\"wp-image-5283\"\/><\/a><\/figure>\n\n\n\n<figure class=\"wp-block-image aligncenter\"><a  href=\"https:\/\/www.tomroc.com\/blog\/wp-content\/uploads\/20130804-1903-161.jpg\" data-rel=\"lightbox-gallery-0\" data-rl_title=\"T\u00eate de Vallon Pierra\" data-rl_caption=\"Devoluy, France\" title=\"T\u00eate de Vallon Pierra\"><img loading=\"lazy\" decoding=\"async\" width=\"960\" height=\"720\" src=\"https:\/\/www.tomroc.com\/blog\/wp-content\/uploads\/20130804-1903-161-960x720.jpg\" alt=\"\" class=\"wp-image-5284\"\/><\/a><figcaption class=\"wp-element-caption\">T\u00eate de Vallon Pierra<\/figcaption><\/figure>\n\n\n\n<figure class=\"wp-block-image aligncenter\"><a  href=\"https:\/\/www.tomroc.com\/blog\/wp-content\/uploads\/20130804-1940-176.jpg\" data-rel=\"lightbox-gallery-0\" data-rl_title=\"20130804-1940-176.jpg\" data-rl_caption=\"Les moutons sur T\u00eate de Vallon Pierra\" title=\"20130804-1940-176.jpg\"><img loading=\"lazy\" decoding=\"async\" width=\"960\" height=\"720\" src=\"https:\/\/www.tomroc.com\/blog\/wp-content\/uploads\/20130804-1940-176-960x720.jpg\" alt=\"Les moutons sur T\u00eate de Vallon Pierra\" class=\"wp-image-5285\"\/><\/a><figcaption class=\"wp-element-caption\">Les moutons sur T\u00eate de Vallon Pierra<\/figcaption><\/figure>\n\n\n\n<figure class=\"wp-block-image aligncenter\"><a  href=\"https:\/\/www.tomroc.com\/blog\/wp-content\/uploads\/20130804-2006-185.jpg\" data-rel=\"lightbox-gallery-0\" data-rl_title=\"T\u00eate du Lauzon depuis le col de Charnier\" data-rl_caption=\"Devoluy, France\" title=\"T\u00eate du Lauzon depuis le col de Charnier\"><img loading=\"lazy\" decoding=\"async\" width=\"960\" height=\"720\" src=\"https:\/\/www.tomroc.com\/blog\/wp-content\/uploads\/20130804-2006-185-960x720.jpg\" alt=\"\" class=\"wp-image-5286\"\/><\/a><figcaption class=\"wp-element-caption\">T\u00eate du Lauzon depuis le col de Charnier<\/figcaption><\/figure>\n\n\n\n<h2 class=\"wp-block-heading\">Plan de situation<\/h2>\n\n\n\t\t<div id=\"maps-marker-pro-6dcd07c4\" class=\"maps-marker-pro\" style=\"width: 100%;\">\n\t\t\t<div id=\"mmp-map-wrap-6dcd07c4\" class=\"mmp-map-wrap\">\n\t\t\t\t\t\t\t\t<div id=\"mmp-map-6dcd07c4\" class=\"mmp-map\" style=\"height: 720px;\"><\/div>\n\t\t\t\t\t\t\t<\/div>\n\t\t\t\t\t<\/div>\n\t\t\n","protected":false},"excerpt":{"rendered":"<p>Randonn\u00e9e du vertige au Grand Ferrand via le Canyon et arches des Adroits, et La Cloche<\/p>\n","protected":false},"author":1,"featured_media":5279,"comment_status":"open","ping_status":"open","sticky":false,"template":"","format":"standard","meta":{"_et_pb_use_builder":"","_et_pb_old_content":"","_et_gb_content_width":"","footnotes":""},"categories":[53],"tags":[471,12,130,624,2894],"class_list":["post-7229","post","type-post","status-publish","format-standard","has-post-thumbnail","hentry","category-randonnee-trail","tag-devoluy","tag-outdoor","tag-randonnee-vertige","tag-sandrine-p","tag-topo-pascal-sombardier"],"_links":{"self":[{"href":"https:\/\/www.tomroc.com\/blog\/wp-json\/wp\/v2\/posts\/7229","targetHints":{"allow":["GET"]}}],"collection":[{"href":"https:\/\/www.tomroc.com\/blog\/wp-json\/wp\/v2\/posts"}],"about":[{"href":"https:\/\/www.tomroc.com\/blog\/wp-json\/wp\/v2\/types\/post"}],"author":[{"embeddable":true,"href":"https:\/\/www.tomroc.com\/blog\/wp-json\/wp\/v2\/users\/1"}],"replies":[{"embeddable":true,"href":"https:\/\/www.tomroc.com\/blog\/wp-json\/wp\/v2\/comments?post=7229"}],"version-history":[{"count":1,"href":"https:\/\/www.tomroc.com\/blog\/wp-json\/wp\/v2\/posts\/7229\/revisions"}],"predecessor-version":[{"id":278804,"href":"https:\/\/www.tomroc.com\/blog\/wp-json\/wp\/v2\/posts\/7229\/revisions\/278804"}],"wp:featuredmedia":[{"embeddable":true,"href":"https:\/\/www.tomroc.com\/blog\/wp-json\/wp\/v2\/media\/5279"}],"wp:attachment":[{"href":"https:\/\/www.tomroc.com\/blog\/wp-json\/wp\/v2\/media?parent=7229"}],"wp:term":[{"taxonomy":"category","embeddable":true,"href":"https:\/\/www.tomroc.com\/blog\/wp-json\/wp\/v2\/categories?post=7229"},{"taxonomy":"post_tag","embeddable":true,"href":"https:\/\/www.tomroc.com\/blog\/wp-json\/wp\/v2\/tags?post=7229"}],"curies":[{"name":"wp","href":"https:\/\/api.w.org\/{rel}","templated":true}]}}