{"id":7381,"date":"2015-04-11T20:16:49","date_gmt":"2015-04-11T19:16:49","guid":{"rendered":"http:\/\/www.tomroc.com\/blog\/?p=7381"},"modified":"2016-10-07T07:49:07","modified_gmt":"2016-10-07T06:49:07","slug":"ski-de-randonnee-depuis-la-cabane-des-dix-en-suisse","status":"publish","type":"post","link":"https:\/\/www.tomroc.com\/blog\/2015\/04\/ski-de-randonnee-depuis-la-cabane-des-dix-en-suisse\/","title":{"rendered":"Ski de randonn\u00e9e depuis la Cabane des Dix, en Suisse"},"content":{"rendered":"<p>Nous partons pour le week-end en Suisse, en car couchette depuis Paris, \u00e0 destination de la Suisse sur l&#8217;un des refuges du c\u00e9l\u00e8bre parcours du Chamonix Zermatt : La cabane des Dix.<\/p>\n<p>Notre groupe se compose de 7 personnes : Yves A., Beno\u00eet M., Pierre B., Alexandre G., Fr\u00e9d\u00e9ric G., Sandrine P. &amp; myself.<\/p>\n<h1>Samedi: Mont\u00e9e au refuge et ant\u00e9cime de la Luette<\/h1>\n<ul>\n<li>Trajet : Arolla -&gt; Cabane des Dix &lt;-&gt; Ant\u00e9cime de la Luette<\/li>\n<\/ul>\n<p>Depuis Arolla, et sans prendre les remont\u00e9es m\u00e9caniques comme nos autres comp\u00e8res, nous acc\u00e9dons \u00e0 la Cabane des Dix, en passant par le col &#8220;La pas de Ch\u00e8vre&#8221;. Il est maintenant tr\u00e8s bien \u00e9quip\u00e9 et se passe sans difficult\u00e9.<\/p>\n<p><a  href=\"https:\/\/www.tomroc.com\/blog\/wp-content\/uploads\/20150411-1231-84.jpg\" data-rel=\"lightbox-gallery-0\" data-rl_title=\"20150411-1231-84.jpg\" data-rl_caption=\"\" title=\"20150411-1231-84.jpg\"><img loading=\"lazy\" decoding=\"async\" class=\"aligncenter size-large wp-image-7383\" src=\"https:\/\/www.tomroc.com\/blog\/wp-content\/uploads\/20150411-1231-84-960x720.jpg\" alt=\"20150411-1231-84.jpg\" width=\"960\" height=\"720\" \/><\/a><\/p>\n<p>Apr\u00e8s avoir d\u00e9pos\u00e9 une partie des affaires au refuge, nous visons le sommet proche &#8220;La Luette&#8221; mais le temps se couvre. Nous d\u00e9cidons de rebrousser chemin depuis l&#8217;ant\u00e9cime, c&#8217;est d\u00e9j\u00e0 une belle journ\u00e9e avec plus de 1585m de d\u00e9nivel\u00e9.<\/p>\n<p><a  href=\"https:\/\/www.tomroc.com\/blog\/wp-content\/uploads\/20150411-1525-95.jpg\" data-rel=\"lightbox-gallery-0\" data-rl_title=\"20150411-1525-95.jpg\" data-rl_caption=\"\" title=\"20150411-1525-95.jpg\"><img loading=\"lazy\" decoding=\"async\" class=\"aligncenter size-large wp-image-7384\" src=\"https:\/\/www.tomroc.com\/blog\/wp-content\/uploads\/20150411-1525-95-960x720.jpg\" alt=\"20150411-1525-95.jpg\" width=\"960\" height=\"720\" \/><\/a><\/p>\n<p>Ce week-end le refuge est bond\u00e9 et bruyant, la plupart \u00e9tant des \u00e9trangers faisant le c\u00e9l\u00e8bre parcours Chamonix-Zermatt.<\/p>\n<h2>Notre parcours<\/h2>\n<ul>\n<li>Distance (km) : 14,8<\/li>\n<li>D\u00e9nivel\u00e9 (m) : +1585 -660<\/li>\n<\/ul>\n\t\t<div id=\"maps-marker-pro-ef0b8f75\" class=\"maps-marker-pro\" style=\"width: 100%;\">\n\t\t\t<div id=\"mmp-map-wrap-ef0b8f75\" class=\"mmp-map-wrap\">\n\t\t\t\t\t\t\t\t<div id=\"mmp-map-ef0b8f75\" class=\"mmp-map\" style=\"height: 720px;\"><\/div>\n\t\t\t\t\t\t\t\t\t<div id=\"mmp-chart-wrap-ef0b8f75\" class=\"mmp-gpx-chart-wrap\" style=\"height: 200px;\"><\/div>\n\t\t\t\t\t\t\t<\/div>\n\t\t\t\t\t<\/div>\n\t\t\n<h1>Dimanche : Mont Blanc de Cheillon<\/h1>\n<ul>\n<li>Trajet : Cabane des Dix -&gt; Mont blanc de Cheillon -&gt; Arolla<\/li>\n<\/ul>\n<p>Nous nous levons aux aurores afin de b\u00e9n\u00e9ficier de la meilleure neige, et partons \u00e0 6h15. Le soleil se l\u00e8ve tout juste.<\/p>\n<p><a  href=\"https:\/\/www.tomroc.com\/blog\/wp-content\/uploads\/20150412-0615-120.jpg\" data-rel=\"lightbox-gallery-0\" data-rl_title=\"20150412-0615-120.jpg\" data-rl_caption=\"Suisse\" title=\"20150412-0615-120.jpg\"><img loading=\"lazy\" decoding=\"async\" class=\"aligncenter wp-image-7386 size-large\" src=\"https:\/\/www.tomroc.com\/blog\/wp-content\/uploads\/20150412-0615-120-960x720.jpg\" alt=\"20150412-0615-120.jpg\" width=\"960\" height=\"720\" \/><\/a><\/p>\n<p><a  href=\"https:\/\/www.tomroc.com\/blog\/wp-content\/uploads\/20150412-0633-141.jpg\" data-rel=\"lightbox-gallery-0\" data-rl_title=\"20150412-0633-141.jpg\" data-rl_caption=\"\" title=\"20150412-0633-141.jpg\"><img loading=\"lazy\" decoding=\"async\" class=\"aligncenter size-large wp-image-7387\" src=\"https:\/\/www.tomroc.com\/blog\/wp-content\/uploads\/20150412-0633-141-960x720.jpg\" alt=\"20150412-0633-141.jpg\" width=\"960\" height=\"720\" \/><\/a><\/p>\n<p><a  href=\"https:\/\/www.tomroc.com\/blog\/wp-content\/uploads\/20150412-0738-153.jpg\" data-rel=\"lightbox-gallery-0\" data-rl_title=\"20150412-0738-153.jpg\" data-rl_caption=\"\" title=\"20150412-0738-153.jpg\"><img loading=\"lazy\" decoding=\"async\" class=\"aligncenter size-large wp-image-7389\" src=\"https:\/\/www.tomroc.com\/blog\/wp-content\/uploads\/20150412-0738-153-960x720.jpg\" alt=\"20150412-0738-153.jpg\" width=\"960\" height=\"720\" \/><\/a><\/p>\n<p>Nous atteignons le col \u00e0 7h40, et nous engageons dans la remont\u00e9e du glacier, assur\u00e9ment le plus beau passage du week-end.<\/p>\n<p><a  href=\"https:\/\/www.tomroc.com\/blog\/wp-content\/uploads\/20150412-0738-149.jpg\" data-rel=\"lightbox-gallery-0\" data-rl_title=\"20150412-0738-149.jpg\" data-rl_caption=\"\" title=\"20150412-0738-149.jpg\"><img loading=\"lazy\" decoding=\"async\" class=\"aligncenter size-large wp-image-7388\" src=\"https:\/\/www.tomroc.com\/blog\/wp-content\/uploads\/20150412-0738-149-960x720.jpg\" alt=\"20150412-0738-149.jpg\" width=\"960\" height=\"720\" \/><\/a><\/p>\n<p>Certains redescendent d\u00e9j\u00e0, ils ont pu profiter du lev\u00e9 de soleil au sommet !<\/p>\n<p><a  href=\"https:\/\/www.tomroc.com\/blog\/wp-content\/uploads\/20150412-0741-161.jpg\" data-rel=\"lightbox-gallery-0\" data-rl_title=\"20150412-0741-161.jpg\" data-rl_caption=\"\" title=\"20150412-0741-161.jpg\"><img loading=\"lazy\" decoding=\"async\" class=\"aligncenter size-large wp-image-7390\" src=\"https:\/\/www.tomroc.com\/blog\/wp-content\/uploads\/20150412-0741-161-960x720.jpg\" alt=\"20150412-0741-161.jpg\" width=\"960\" height=\"720\" \/><\/a><\/p>\n<p><a  href=\"https:\/\/www.tomroc.com\/blog\/wp-content\/uploads\/20150412-1015-324.jpg\" data-rel=\"lightbox-gallery-0\" data-rl_title=\"20150412-1015-324.jpg\" data-rl_caption=\"\" title=\"20150412-1015-324.jpg\"><img loading=\"lazy\" decoding=\"async\" class=\"aligncenter size-large wp-image-7391\" src=\"https:\/\/www.tomroc.com\/blog\/wp-content\/uploads\/20150412-1015-324-960x720.jpg\" alt=\"20150412-1015-324.jpg\" width=\"960\" height=\"720\" \/><\/a><\/p>\n<p>A la descente sur le glacier, les seracs en arri\u00e8re plan.<\/p>\n<p><a  href=\"https:\/\/www.tomroc.com\/blog\/wp-content\/uploads\/20150412-1052-350.jpg\" data-rel=\"lightbox-gallery-0\" data-rl_title=\"20150412-1052-350.jpg\" data-rl_caption=\"\" title=\"20150412-1052-350.jpg\"><img loading=\"lazy\" decoding=\"async\" class=\"aligncenter wp-image-7392 size-large\" src=\"https:\/\/www.tomroc.com\/blog\/wp-content\/uploads\/20150412-1052-350-960x720.jpg\" alt=\"20150412-1052-350.jpg\" width=\"960\" height=\"720\" \/><\/a><\/p>\n<p>L&#8217;occasion que faire quelques traces dans la neige encore vierge.<\/p>\n<p><a  href=\"https:\/\/www.tomroc.com\/blog\/wp-content\/uploads\/20150412-1119-373.jpg\" data-rel=\"lightbox-gallery-0\" data-rl_title=\"20150412-1119-373.jpg\" data-rl_caption=\"\" title=\"20150412-1119-373.jpg\"><img loading=\"lazy\" decoding=\"async\" class=\"aligncenter size-large wp-image-7539\" src=\"https:\/\/www.tomroc.com\/blog\/wp-content\/uploads\/20150412-1119-373-960x720.jpg\" alt=\"20150412-1119-373.jpg\" width=\"960\" height=\"720\" \/><\/a><\/p>\n<p>Une fois parvenus au pas de Ch\u00e8vre, deux groupes se forment: ceux qui souhaitent &#8220;en faire plus&#8221; et ceux qui vont rentrer directement \u00e0 Arolla.<\/p>\n<p>Nous repartons \u00e0 quatre pour un peu de d\u00e9nivel\u00e9 suppl\u00e9mentaire, et longeons les fonds de vall\u00e9e avant d&#8217;atteindre le chemin d&#8217;acc\u00e8s \u00e0 la cabane des Vignettes, et nous redescendons finalement sur Arolla sans d\u00e9chausser jusqu&#8217;\u00e0 quelques m\u00e8tres du bar ou tous les groupes se rejoignent.<\/p>\n<h2>Notre parcours<\/h2>\n<ul>\n<li>Distance (km) : 22<\/li>\n<li>D\u00e9nivel\u00e9s (m) : +1330 -2150<\/li>\n<\/ul>\n\t\t<div id=\"maps-marker-pro-fa7f5072\" class=\"maps-marker-pro\" style=\"width: 100%;\">\n\t\t\t<div id=\"mmp-map-wrap-fa7f5072\" class=\"mmp-map-wrap\">\n\t\t\t\t\t\t\t\t<div id=\"mmp-map-fa7f5072\" class=\"mmp-map\" style=\"height: 720px;\"><\/div>\n\t\t\t\t\t\t\t\t\t<div id=\"mmp-chart-wrap-fa7f5072\" class=\"mmp-gpx-chart-wrap\" style=\"height: 200px;\"><\/div>\n\t\t\t\t\t\t\t<\/div>\n\t\t\t\t\t<\/div>\n\t\t\n<h1>\u00a0Notre parcours du week-end<\/h1>\n<ul>\n<li>Distance (km) : 36,5<\/li>\n<li>D\u00e9nivel\u00e9s (m) : +2929 -2880<\/li>\n<li>Altitudes (m) : mini 1998 , maxi 3822<\/li>\n<li>Horaires : 2 jours<\/li>\n<\/ul>\n","protected":false},"excerpt":{"rendered":"<p>Nous partons pour le week-end en Suisse, en car couchette depuis Paris, \u00e0 destination de la Suisse sur l&#8217;un des refuges du c\u00e9l\u00e8bre parcours du Chamonix Zermatt : La cabane des Dix. Notre groupe se compose de 7 personnes : Yves A., Beno\u00eet M., Pierre B., Alexandre G., Fr\u00e9d\u00e9ric G., Sandrine P. &amp; myself. Samedi: [&hellip;]<\/p>\n","protected":false},"author":1,"featured_media":7385,"comment_status":"open","ping_status":"open","sticky":false,"template":"","format":"standard","meta":{"_et_pb_use_builder":"","_et_pb_old_content":"","_et_gb_content_width":"","footnotes":""},"categories":[41],"tags":[633,457,464,12,452,394],"class_list":["post-7381","post","type-post","status-publish","format-standard","has-post-thumbnail","hentry","category-skirando","tag-cabane-des-dix","tag-caf","tag-caf-idf","tag-outdoor","tag-ski-de-randonnee","tag-suisse"],"_links":{"self":[{"href":"https:\/\/www.tomroc.com\/blog\/wp-json\/wp\/v2\/posts\/7381","targetHints":{"allow":["GET"]}}],"collection":[{"href":"https:\/\/www.tomroc.com\/blog\/wp-json\/wp\/v2\/posts"}],"about":[{"href":"https:\/\/www.tomroc.com\/blog\/wp-json\/wp\/v2\/types\/post"}],"author":[{"embeddable":true,"href":"https:\/\/www.tomroc.com\/blog\/wp-json\/wp\/v2\/users\/1"}],"replies":[{"embeddable":true,"href":"https:\/\/www.tomroc.com\/blog\/wp-json\/wp\/v2\/comments?post=7381"}],"version-history":[{"count":0,"href":"https:\/\/www.tomroc.com\/blog\/wp-json\/wp\/v2\/posts\/7381\/revisions"}],"wp:featuredmedia":[{"embeddable":true,"href":"https:\/\/www.tomroc.com\/blog\/wp-json\/wp\/v2\/media\/7385"}],"wp:attachment":[{"href":"https:\/\/www.tomroc.com\/blog\/wp-json\/wp\/v2\/media?parent=7381"}],"wp:term":[{"taxonomy":"category","embeddable":true,"href":"https:\/\/www.tomroc.com\/blog\/wp-json\/wp\/v2\/categories?post=7381"},{"taxonomy":"post_tag","embeddable":true,"href":"https:\/\/www.tomroc.com\/blog\/wp-json\/wp\/v2\/tags?post=7381"}],"curies":[{"name":"wp","href":"https:\/\/api.w.org\/{rel}","templated":true}]}}