{"id":7877,"date":"2015-05-08T20:32:54","date_gmt":"2015-05-08T19:32:54","guid":{"rendered":"http:\/\/www.tomroc.com\/blog\/?p=7877"},"modified":"2016-12-01T09:20:07","modified_gmt":"2016-12-01T08:20:07","slug":"grande-cournouse-pas-et-grotte-de-pabro","status":"publish","type":"post","link":"https:\/\/www.tomroc.com\/blog\/2015\/05\/grande-cournouse-pas-et-grotte-de-pabro\/","title":{"rendered":"Grande Cournouse, par le Pas et la Grotte de Pabro"},"content":{"rendered":"<p>Sandrine et moi profitons de l&#8217;un des nombreux week-end prolong\u00e9s du mois de mai pour aller rejoindre nos amis Micka\u00ebl et Ga\u00eblle sur Grenoble. Au programme de cette premi\u00e8re journ\u00e9e, une course issue du livres &#8220;Vertiges d&#8217;en haut &#8211; Courses et randonn\u00e9es insolites en Dauphin\u00e9&#8221; que nous choisissons pour sa modeste longueur, et ses grottes qui nous permettrons de nous abriter durant cette journ\u00e9e pr\u00e9vue pour \u00eatre pluvieuse.<\/p>\n<p>Arriv\u00e9s sur place, la pluie d\u00e9marre et s&#8217;intensifie rapidement. Vu l&#8217;horaire tardif, nous en profitons pour prendre notre d\u00e9jeuner, et par chance la pluie se calme finalement. Nous d\u00e9marrons vers midi la mont\u00e9e en direction du pas de Pablo.<\/p>\n<p><a  href=\"https:\/\/www.tomroc.com\/blog\/wp-content\/uploads\/20150508-1312-2.jpg\" data-rel=\"lightbox-gallery-0\" data-rl_title=\"20150508-1312-2.jpg\" data-rl_caption=\"\" title=\"20150508-1312-2.jpg\"><img loading=\"lazy\" decoding=\"async\" class=\"aligncenter size-large wp-image-7884\" src=\"https:\/\/www.tomroc.com\/blog\/wp-content\/uploads\/20150508-1312-2-960x720.jpg\" alt=\"20150508-1312-2.jpg\" width=\"960\" height=\"720\" \/><\/a><\/p>\n<p>Le trajet de mont\u00e9e nous m\u00e8ne rapidement \u00e0 la grotte de Pabro, objectif principal de cette randonn\u00e9e.<\/p>\n<p><a  href=\"https:\/\/www.tomroc.com\/blog\/wp-content\/uploads\/20150508-1453-84.jpg\" data-rel=\"lightbox-gallery-0\" data-rl_title=\"20150508-1453-84.jpg\" data-rl_caption=\"Vercors, France\" title=\"20150508-1453-84.jpg\"><img loading=\"lazy\" decoding=\"async\" class=\"aligncenter wp-image-7887 size-large\" src=\"https:\/\/www.tomroc.com\/blog\/wp-content\/uploads\/20150508-1453-84-960x720.jpg\" alt=\"20150508-1453-84.jpg\" width=\"960\" height=\"720\" \/><\/a><\/p>\n<p>La cavit\u00e9 est tr\u00e8s impressionnante par sa taille et les diff\u00e9rentes structures naturelles que l&#8217;on peut y admirer. Nous y passons une bonne heure, et j&#8217;y tente quelques photos gr\u00e2ce \u00e0 mon tr\u00e9pied, et m&#8217;essaie \u00e0 du &#8220;light painting&#8221; gr\u00e2ce \u00e0 une bonne torche.<\/p>\n<p><a  href=\"https:\/\/www.tomroc.com\/blog\/wp-content\/uploads\/20150508-1430-58.jpg\" data-rel=\"lightbox-gallery-0\" data-rl_title=\"20150508-1430-58.jpg\" data-rl_caption=\"\" title=\"20150508-1430-58.jpg\"><img loading=\"lazy\" decoding=\"async\" class=\"aligncenter size-large wp-image-7886\" src=\"https:\/\/www.tomroc.com\/blog\/wp-content\/uploads\/20150508-1430-58-960x720.jpg\" alt=\"20150508-1430-58.jpg\" width=\"960\" height=\"720\" \/><\/a><\/p>\n<p><a  href=\"https:\/\/www.tomroc.com\/blog\/wp-content\/uploads\/20150508-1419-46.jpg\" data-rel=\"lightbox-gallery-0\" data-rl_title=\"20150508-1419-46.jpg\" data-rl_caption=\"\" title=\"20150508-1419-46.jpg\"><img loading=\"lazy\" decoding=\"async\" class=\"aligncenter size-large wp-image-7885\" src=\"https:\/\/www.tomroc.com\/blog\/wp-content\/uploads\/20150508-1419-46-960x720.jpg\" alt=\"20150508-1419-46.jpg\" width=\"960\" height=\"720\" \/><\/a><\/p>\n<p>Apr\u00e8s la grotte de Pablo, nous acc\u00e9dons au plateau via le pas de Pablo. Ce dernier est bien \u00e9quip\u00e9 par des cordes qui facilitent la raide mont\u00e9e dans une terre grasse et s\u00e9curisent le passage dans les rochers. Nous faisons un crochet par le &#8220;site des fouilles&#8221; qui ne pr\u00e9sente aucun int\u00e9r\u00eat, puis apr\u00e8s quelques errements nous trouvons le chemin de descente par le Pas de Charmate. La vue \u00e0 la descente est saisissante, et nous rejoignons un chemin carrossable qui nous permet de rapidement rejoindre la voiture.<\/p>\n<p><a  href=\"https:\/\/www.tomroc.com\/blog\/wp-content\/uploads\/20150508-1719-125.jpg\" data-rel=\"lightbox-gallery-0\" data-rl_title=\"20150508-1719-125.jpg\" data-rl_caption=\"Vercors, France\" title=\"20150508-1719-125.jpg\"><img loading=\"lazy\" decoding=\"async\" class=\"aligncenter wp-image-7888 size-large\" src=\"https:\/\/www.tomroc.com\/blog\/wp-content\/uploads\/20150508-1719-125-960x720.jpg\" alt=\"20150508-1719-125.jpg\" width=\"960\" height=\"720\" \/><\/a><\/p>\n<h2>Notre parcours<\/h2>\n<ul>\n<li>Distance (km) : 14,9<\/li>\n<li>D\u00e9nivel\u00e9 (m) : +800 -800<\/li>\n<li>Altitudes (m) : 518\u00a0mini , 1175 maxi<\/li>\n<li>Horaires : d\u00e9but 12h09 , fin 18h47<\/li>\n<\/ul>\n\t\t<div id=\"maps-marker-pro-17705d58\" class=\"maps-marker-pro\" style=\"width: 100%;\">\n\t\t\t<div id=\"mmp-map-wrap-17705d58\" class=\"mmp-map-wrap\">\n\t\t\t\t\t\t\t\t<div id=\"mmp-map-17705d58\" class=\"mmp-map\" style=\"height: 720px;\"><\/div>\n\t\t\t\t\t\t\t\t\t<div id=\"mmp-chart-wrap-17705d58\" class=\"mmp-gpx-chart-wrap\" style=\"height: 200px;\"><\/div>\n\t\t\t\t\t\t\t<\/div>\n\t\t\t\t\t<\/div>\n\t\t\n","protected":false},"excerpt":{"rendered":"<p>Sandrine et moi profitons de l&#8217;un des nombreux week-end prolong\u00e9s du mois de mai pour aller rejoindre nos amis Micka\u00ebl et Ga\u00eblle sur Grenoble. Au programme de cette premi\u00e8re journ\u00e9e, une course issue du livres &#8220;Vertiges d&#8217;en haut &#8211; Courses et randonn\u00e9es insolites en Dauphin\u00e9&#8221; que nous choisissons pour sa modeste longueur, et ses grottes [&hellip;]<\/p>\n","protected":false},"author":1,"featured_media":7889,"comment_status":"open","ping_status":"open","sticky":false,"template":"","format":"standard","meta":{"_et_pb_use_builder":"","_et_pb_old_content":"","_et_gb_content_width":"","footnotes":""},"categories":[53],"tags":[728,622,12,54,130,624,456],"class_list":["post-7877","post","type-post","status-publish","format-standard","has-post-thumbnail","hentry","category-randonnee-trail","tag-gaelle-c","tag-mickael-b","tag-outdoor","tag-randonnee-2","tag-randonnee-vertige","tag-sandrine-p","tag-vercors"],"_links":{"self":[{"href":"https:\/\/www.tomroc.com\/blog\/wp-json\/wp\/v2\/posts\/7877","targetHints":{"allow":["GET"]}}],"collection":[{"href":"https:\/\/www.tomroc.com\/blog\/wp-json\/wp\/v2\/posts"}],"about":[{"href":"https:\/\/www.tomroc.com\/blog\/wp-json\/wp\/v2\/types\/post"}],"author":[{"embeddable":true,"href":"https:\/\/www.tomroc.com\/blog\/wp-json\/wp\/v2\/users\/1"}],"replies":[{"embeddable":true,"href":"https:\/\/www.tomroc.com\/blog\/wp-json\/wp\/v2\/comments?post=7877"}],"version-history":[{"count":0,"href":"https:\/\/www.tomroc.com\/blog\/wp-json\/wp\/v2\/posts\/7877\/revisions"}],"wp:featuredmedia":[{"embeddable":true,"href":"https:\/\/www.tomroc.com\/blog\/wp-json\/wp\/v2\/media\/7889"}],"wp:attachment":[{"href":"https:\/\/www.tomroc.com\/blog\/wp-json\/wp\/v2\/media?parent=7877"}],"wp:term":[{"taxonomy":"category","embeddable":true,"href":"https:\/\/www.tomroc.com\/blog\/wp-json\/wp\/v2\/categories?post=7877"},{"taxonomy":"post_tag","embeddable":true,"href":"https:\/\/www.tomroc.com\/blog\/wp-json\/wp\/v2\/tags?post=7877"}],"curies":[{"name":"wp","href":"https:\/\/api.w.org\/{rel}","templated":true}]}}