{"id":9901,"date":"2016-03-05T17:47:21","date_gmt":"2016-03-05T16:47:21","guid":{"rendered":"http:\/\/www.tomroc.com\/blog\/?p=9901"},"modified":"2017-02-06T15:59:00","modified_gmt":"2017-02-06T14:59:00","slug":"trois-jours-a-cogne-et-une-807-qui-glisse","status":"publish","type":"post","link":"https:\/\/www.tomroc.com\/blog\/2016\/03\/trois-jours-a-cogne-et-une-807-qui-glisse\/","title":{"rendered":"Trois jours \u00e0 Cogne et une 807 qui glisse"},"content":{"rendered":"<p>A la base, nous \u00e9tions sept \u00e0 devoir aller toucher les gla\u00e7ons en ce d\u00e9but du mois de mars. Puis les contraintes personnelles et professionnelles ont jou\u00e9 et notre groupe s&#8217;est r\u00e9duit \u00e0 quatre personnes. Sauf que le dernier a annonc\u00e9 sa d\u00e9mission la veille \u00e0 19h30, impliquant de prendre une voiture de location afin de s&#8217;y retrouver financi\u00e8rement.<\/p>\n<p>Le groupe se compose donc finalement de\u00a0Bertrand et moi qui assurerons l&#8217;encadrement, et Jean-Louis et Ama\u00ebl en participants. Nous partons vendredi soir\u00a0pour Cogne, en Italie, avec une 807 en boite automatique, forc\u00e9ment sans pneus neiges ni cha\u00eenes ..<\/p>\n<p>L&#8217;arriv\u00e9e au g\u00eete du Belv\u00e9d\u00e8re s&#8217;est finalement bien pass\u00e9e, malgr\u00e9 la neige qui commen\u00e7ait \u00e0 tomber et recouvrir la route. Au lit \u00e0 3h, nous mettons les r\u00e9veils \u00e0 9h afin\u00a0de dormir un peu.<\/p>\n<h1>Premier jour<\/h1>\n<p>Pour ce premier jour, associ\u00e9 \u00e0 un r\u00e9veil tardif, nous visons une cascade proche et que l&#8217;on sait \u00eatre en grande partie en conditions: Lillaz Gully. Il semble que seule la sortie soit un peu pauvre en glace et finisse sur le rocher.<\/p>\n<p>Une fois la 807 &#8211; lourdement &#8211; charg\u00e9e, nous entamons le d\u00e9part. Et nous coin\u00e7ons dans la toute premi\u00e8re petite pente. Des passants nous aident et nous parvenons \u00e0 franchir. Et l\u00e0 nous arrivons face \u00e0 la pente qui descend du centre du village. La route est encore enneig\u00e9e, certes pas beaucoup, mais nous sommes peu rassur\u00e9s. Bertrand est au volante, il roule extr\u00eamement doucement, mais cela ne suffit pas et la 807 commence \u00e0 glisser de mani\u00e8re incontr\u00f4lable dans la pente. Heureusement pour nous elle finit sa course, sans rien toucher, sur une entr\u00e9e de parking. Non d\u00e9cidons de la laisser l\u00e0 et de ne pas tenter plus le diable, la descente est encore longue sinon.<\/p>\n<p>Du coup, l&#8217;apr\u00e8s-midi se r\u00e9sumera \u00e0:<\/p>\n<ul>\n<li>L&#8217;apprentissage pour Jean-Louis et des r\u00e9visions pour les autres avec des exercices d&#8217;arva.<\/li>\n<li>Une\u00a0bonne sieste:)<\/li>\n<li>Et enfin, nous repartons pour faire des exercices et roder un peu les cord\u00e9es dans la premi\u00e8re longueur de l&#8217;incontournable cascade de Lillaz !<\/li>\n<\/ul>\n<h1>Second jour<\/h1>\n<p>Pour cette seconde journ\u00e9e, qui sera sans contrainte de temps, nous d\u00e9cidons d&#8217;aller explorer le fond de la vall\u00e9e de Valnontey, il semble qu&#8217;il y ait des cascades en bonnes conditions une fois d\u00e9pass\u00e9e celle de Patri. Et il me reste des voies non encore parcourues, j&#8217;ai envie d&#8217;aller voir du nouveau. Nous choisissons :<\/p>\n<ul>\n<li><a href=\"http:\/\/www.camptocamp.org\/routes\/712865\/fr\/il-fallo-di-plutone\">Il Fallo di Plutone (D+ II 4+ 100m)<\/a><\/li>\n<\/ul>\n<p>L&#8217;approche est longue, la cascade est courte mais belle. Deux longueurs raides, entrecoup\u00e9es d&#8217;une longueur en pente de neige.<\/p>\n<p><a href=\"https:\/\/www.tomroc.com\/blog\/wp-content\/uploads\/20160306-0843-28.jpg\" data-rel=\"lightbox-gallery-0\" data-rl_title=\"20160306-0843-28.jpg\" data-rl_caption=\"\" title=\"20160306-0843-28.jpg\"><img loading=\"lazy\" decoding=\"async\" class=\"aligncenter size-large wp-image-9909\" src=\"https:\/\/www.tomroc.com\/blog\/wp-content\/uploads\/20160306-0843-28-960x720.jpg\" alt=\"20160306-0843-28.jpg\" width=\"960\" height=\"720\" \/><\/a><\/p>\n<p><a href=\"https:\/\/www.tomroc.com\/blog\/wp-content\/uploads\/20160306-0949-37.jpg\" data-rel=\"lightbox-gallery-0\" data-rl_title=\"20160306-0949-37.jpg\" data-rl_caption=\"\" title=\"20160306-0949-37.jpg\"><img loading=\"lazy\" decoding=\"async\" class=\"aligncenter size-large wp-image-9910\" src=\"https:\/\/www.tomroc.com\/blog\/wp-content\/uploads\/20160306-0949-37-960x720.jpg\" alt=\"20160306-0949-37.jpg\" width=\"960\" height=\"720\" \/><\/a><\/p>\n<p>Je prends la t\u00eate de la seconde cord\u00e9e, en compagnie d&#8217;Ama\u00ebl. D\u00e8s la premi\u00e8re longueur, je sens que la forme n&#8217;est pas trop l\u00e0 et que je vais souffrir. Je passe mais ce n&#8217;est pas tr\u00e8s glorieux. La seconde longueur en 4+ est nettement plus longue, alors naturellement, il me faudra encore plus de temps pour en venir \u00e0 bout. J&#8217;ai les avants-bras explos\u00e9, je dois marquer de nombreuses pauses. En second, Nathana\u00ebl assure comme un chef et passe cela sans souci.<\/p>\n<p><a href=\"https:\/\/www.tomroc.com\/blog\/wp-content\/uploads\/20160306-1410-100.jpg\" data-rel=\"lightbox-gallery-0\" data-rl_title=\"20160306-1410-100.jpg\" data-rl_caption=\"\" title=\"20160306-1410-100.jpg\"><img loading=\"lazy\" decoding=\"async\" class=\"aligncenter size-large wp-image-9911\" src=\"https:\/\/www.tomroc.com\/blog\/wp-content\/uploads\/20160306-1410-100-960x720.jpg\" alt=\"20160306-1410-100.jpg\" width=\"960\" height=\"720\" \/><\/a><\/p>\n<p>Le retour semble interminable et nous rentrons \u00e0 une heure relativement exceptionnelle, puisque nous sommes au Belv\u00e9d\u00e8re vers 16h30.<\/p>\n<h1>Troisi\u00e8me jour<\/h1>\n<p>Pour ce troisi\u00e8me jour, in\u00e9vitablement raccourci, il nous faut quelque chose d&#8217;accessible et de rapide alors nous choisissons une voie proche du village de Lillaz :<\/p>\n<ul>\n<li><a href=\"http:\/\/www.camptocamp.org\/routes\/55612\/fr\/lillaz-gully\"><strong>Lillaz Gully <\/strong>(TD- II 4 M4+. 200m)<\/a><\/li>\n<\/ul>\n<p>Le r\u00e9veil est pr\u00e9coce, la 807 d\u00e9colle pour 6h45 et nous entamons rapidement la raide approche dans le couloir menant \u00e0 l&#8217;attaque de la voie. Je prends la t\u00eate d&#8217;une cord\u00e9e avec Jean-Louis B.<\/p>\n<p><a href=\"https:\/\/www.tomroc.com\/blog\/wp-content\/uploads\/20160307-0757-120.jpg\" data-rel=\"lightbox-gallery-0\" data-rl_title=\"20160307-0757-120.jpg\" data-rl_caption=\"\" title=\"20160307-0757-120.jpg\"><img loading=\"lazy\" decoding=\"async\" class=\"aligncenter size-large wp-image-9912\" src=\"https:\/\/www.tomroc.com\/blog\/wp-content\/uploads\/20160307-0757-120-960x720.jpg\" alt=\"20160307-0757-120.jpg\" width=\"960\" height=\"720\" \/><\/a><\/p>\n<p>La voie est effectivement pauvre en glace, on nous avait pr\u00e9venus. Des sections habituellement en glace sont recouvertes de neige, et je trouve le niveau plus facile que dans mon souvenir des pr\u00e9c\u00e9dentes visites.<\/p>\n<p><a href=\"https:\/\/www.tomroc.com\/blog\/wp-content\/uploads\/20160307-0833-124.jpg\" data-rel=\"lightbox-gallery-0\" data-rl_title=\"20160307-0833-124.jpg\" data-rl_caption=\"\" title=\"20160307-0833-124.jpg\"><img loading=\"lazy\" decoding=\"async\" class=\"aligncenter size-large wp-image-9913\" src=\"https:\/\/www.tomroc.com\/blog\/wp-content\/uploads\/20160307-0833-124-960x720.jpg\" alt=\"20160307-0833-124.jpg\" width=\"960\" height=\"720\" \/><\/a><\/p>\n<p><a href=\"https:\/\/www.tomroc.com\/blog\/wp-content\/uploads\/20160307-1001-131.jpg\" data-rel=\"lightbox-gallery-0\" data-rl_title=\"20160307-1001-131.jpg\" data-rl_caption=\"\" title=\"20160307-1001-131.jpg\"><img loading=\"lazy\" decoding=\"async\" class=\"aligncenter size-large wp-image-9914\" src=\"https:\/\/www.tomroc.com\/blog\/wp-content\/uploads\/20160307-1001-131-960x720.jpg\" alt=\"20160307-1001-131.jpg\" width=\"960\" height=\"720\" \/><\/a><\/p>\n<p>La fin de la voie est tr\u00e8s s\u00e8che et la partie en dry est effectivement .. tr\u00e8s dry !paris<\/p>\n<h1><a href=\"https:\/\/www.tomroc.com\/blog\/wp-content\/uploads\/20160307-1023-132.jpg\" data-rel=\"lightbox-gallery-0\" data-rl_title=\"20160307-1023-132.jpg\" data-rl_caption=\"\" title=\"20160307-1023-132.jpg\"><img loading=\"lazy\" decoding=\"async\" class=\"aligncenter size-large wp-image-9915\" src=\"https:\/\/www.tomroc.com\/blog\/wp-content\/uploads\/20160307-1023-132-960x720.jpg\" alt=\"20160307-1023-132.jpg\" width=\"960\" height=\"720\" \/><\/a>Plan de situation<\/h1>\n\t\t<div id=\"maps-marker-pro-1c3799c7\" class=\"maps-marker-pro\" style=\"width: 100%;\">\n\t\t\t<div id=\"mmp-map-wrap-1c3799c7\" class=\"mmp-map-wrap\">\n\t\t\t\t\t\t\t\t<div id=\"mmp-map-1c3799c7\" class=\"mmp-map\" style=\"height: 720px;\"><\/div>\n\t\t\t\t\t\t\t<\/div>\n\t\t\t\t\t<\/div>\n\t\t\n","protected":false},"excerpt":{"rendered":"<p>A la base, nous \u00e9tions sept \u00e0 devoir aller toucher les gla\u00e7ons en ce d\u00e9but du mois de mars. Puis les contraintes personnelles et professionnelles ont jou\u00e9 et notre groupe s&#8217;est r\u00e9duit \u00e0 quatre personnes. Sauf que le dernier a annonc\u00e9 sa d\u00e9mission la veille \u00e0 19h30, impliquant de prendre une voiture de location afin [&hellip;]<\/p>\n","protected":false},"author":1,"featured_media":9908,"comment_status":"open","ping_status":"closed","sticky":false,"template":"","format":"standard","meta":{"_et_pb_use_builder":"","_et_pb_old_content":"","_et_gb_content_width":"","footnotes":""},"categories":[38,40],"tags":[464,450,454,455,12,651,775,774],"class_list":["post-9901","post","type-post","status-publish","format-standard","has-post-thumbnail","hentry","category-alpinisme","category-cascadedeglace","tag-caf-idf","tag-cascade-de-glace","tag-cogne","tag-italie","tag-outdoor","tag-refuge-du-belvedere","tag-valeille","tag-valnontey"],"_links":{"self":[{"href":"https:\/\/www.tomroc.com\/blog\/wp-json\/wp\/v2\/posts\/9901","targetHints":{"allow":["GET"]}}],"collection":[{"href":"https:\/\/www.tomroc.com\/blog\/wp-json\/wp\/v2\/posts"}],"about":[{"href":"https:\/\/www.tomroc.com\/blog\/wp-json\/wp\/v2\/types\/post"}],"author":[{"embeddable":true,"href":"https:\/\/www.tomroc.com\/blog\/wp-json\/wp\/v2\/users\/1"}],"replies":[{"embeddable":true,"href":"https:\/\/www.tomroc.com\/blog\/wp-json\/wp\/v2\/comments?post=9901"}],"version-history":[{"count":0,"href":"https:\/\/www.tomroc.com\/blog\/wp-json\/wp\/v2\/posts\/9901\/revisions"}],"wp:featuredmedia":[{"embeddable":true,"href":"https:\/\/www.tomroc.com\/blog\/wp-json\/wp\/v2\/media\/9908"}],"wp:attachment":[{"href":"https:\/\/www.tomroc.com\/blog\/wp-json\/wp\/v2\/media?parent=9901"}],"wp:term":[{"taxonomy":"category","embeddable":true,"href":"https:\/\/www.tomroc.com\/blog\/wp-json\/wp\/v2\/categories?post=9901"},{"taxonomy":"post_tag","embeddable":true,"href":"https:\/\/www.tomroc.com\/blog\/wp-json\/wp\/v2\/tags?post=9901"}],"curies":[{"name":"wp","href":"https:\/\/api.w.org\/{rel}","templated":true}]}}